{"id":77861,"date":"2023-09-13T09:16:44","date_gmt":"2023-09-13T13:16:44","guid":{"rendered":"https:\/\/www.ludwig-van.com\/montreal\/?p=77861"},"modified":"2023-09-13T09:41:51","modified_gmt":"2023-09-13T13:41:51","slug":"critique-osm-concert-ouverture-inoubliable","status":"publish","type":"post","link":"https:\/\/www.ludwig-van.com\/montreal\/2023\/09\/13\/critique-osm-concert-ouverture-inoubliable\/","title":{"rendered":"CRITIQUE | OSM: un concert d&rsquo;ouverture que l&rsquo;on n&rsquo;oubliera jamais"},"content":{"rendered":"<h3><span style=\"color: #808080;\">Critique du concert d&rsquo;ouverture de l&rsquo;OSM, 12 septembre 2023<\/span><\/h3>\n<figure id=\"attachment_77863\" aria-describedby=\"caption-attachment-77863\" style=\"width: 1200px\" class=\"wp-caption alignnone\"><img decoding=\"async\" loading=\"lazy\" class=\"size-full wp-image-77863\" src=\"https:\/\/www.ludwig-van.com\/montreal\/wp-content\/uploads\/sites\/3\/2023\/09\/Copie-de-CRITIQUE-34.jpg\" alt=\"Rafael Payare dirigeait l'OSM en ouverture de sa 90e saison, le 12 septembre 2023 (Photo: Gabriel Fournier)\" width=\"1200\" height=\"628\" srcset=\"https:\/\/www.ludwig-van.com\/montreal\/wp-content\/uploads\/sites\/3\/2023\/09\/Copie-de-CRITIQUE-34.jpg 1200w, https:\/\/www.ludwig-van.com\/montreal\/wp-content\/uploads\/sites\/3\/2023\/09\/Copie-de-CRITIQUE-34-300x157.jpg 300w, https:\/\/www.ludwig-van.com\/montreal\/wp-content\/uploads\/sites\/3\/2023\/09\/Copie-de-CRITIQUE-34-1024x536.jpg 1024w, https:\/\/www.ludwig-van.com\/montreal\/wp-content\/uploads\/sites\/3\/2023\/09\/Copie-de-CRITIQUE-34-768x402.jpg 768w\" sizes=\"(max-width: 1200px) 100vw, 1200px\" \/><figcaption id=\"caption-attachment-77863\" class=\"wp-caption-text\">Rafael Payare dirigeait l&rsquo;OSM en ouverture de sa 90e saison, le 12 septembre 2023 (Photo: Gabriel Fournier)<\/figcaption><\/figure>\n<h3><span style=\"color: #808080;\">L&rsquo;Orchestre symphonique de Montr\u00e9al a lanc\u00e9 sa 90e saison sur une note explosive, mardi soir \u00e0 la Maison symphonique, d&rsquo;abord avec une imposante <em>Messe glagolitique<\/em>, mais surtout, un <em>Sacre du printemps<\/em> sauvage qui a renvers\u00e9 l&rsquo;auditoire. Un autre triomphe pour Rafael Payare et l&rsquo;OSM.\u00a0<\/span><\/h3>\n<p>Par o\u00f9 commencer? Commen\u00e7ons par le <em>Sacre<\/em>, parce qu&rsquo;honn\u00eatement, je n&rsquo;avais jamais entendu une version aussi d\u00e9cha\u00een\u00e9e, d\u00e9termin\u00e9e et constamment au bord du pr\u00e9cipice. Le chef a d\u00e9cid\u00e9 de jouer le tout pour le tout en poussant l&rsquo;orchestre \u00e0 un engagement total, une sorte de fi\u00e8vre collective qui fr\u00f4le parfois le chaos. Avons-nous entendu quelques imperfections? Forc\u00e9ment, mais si c&rsquo;est le prix \u00e0 payer pour nous faire vivre une exp\u00e9rience musicale aussi vivante, on en redemande!<\/p>\n<p>Il serait long d&rsquo;\u00e9num\u00e9rer tous ces moments et ces talents individuels qui ont fait de l&rsquo;ensemble une r\u00e9ussite: le basson, les timbales, les cors, les trompettes et les violoncelles, entre autres. Bref, nous avons l\u00e0 des musiciens extraordinaires, mais aussi, un chef visionnaire et d&rsquo;une \u00e9nergie hors du commun qui fait sortir l&rsquo;<strong>Orchestre symphonique de Montr\u00e9al<\/strong> de sa zone de confort et l&rsquo;am\u00e8ne \u00e0 se surpasser pour nous entra\u00eener avec eux dans une autre dimension, un rare moment hors du temps et loin des soucis du dehors.<\/p>\n<p>Et \u00e7a, \u00e7a n&rsquo;a pas de prix.<\/p>\n<p>&nbsp;<\/p>\n<figure id=\"attachment_77864\" aria-describedby=\"caption-attachment-77864\" style=\"width: 1200px\" class=\"wp-caption alignnone\"><img decoding=\"async\" loading=\"lazy\" class=\"size-full wp-image-77864\" src=\"https:\/\/www.ludwig-van.com\/montreal\/wp-content\/uploads\/sites\/3\/2023\/09\/OSM-credit-Gabriel-Fournier-1200.jpg\" alt=\"Pour inaugurer sa 90e saison, l'OSM pr\u00e9sentait la Messe glagolitique de Janacek et le Sacre du printemps de Stravinsky. (Photo: Gabriel Fournier)\" width=\"1200\" height=\"800\" srcset=\"https:\/\/www.ludwig-van.com\/montreal\/wp-content\/uploads\/sites\/3\/2023\/09\/OSM-credit-Gabriel-Fournier-1200.jpg 1200w, https:\/\/www.ludwig-van.com\/montreal\/wp-content\/uploads\/sites\/3\/2023\/09\/OSM-credit-Gabriel-Fournier-1200-300x200.jpg 300w, https:\/\/www.ludwig-van.com\/montreal\/wp-content\/uploads\/sites\/3\/2023\/09\/OSM-credit-Gabriel-Fournier-1200-1024x683.jpg 1024w, https:\/\/www.ludwig-van.com\/montreal\/wp-content\/uploads\/sites\/3\/2023\/09\/OSM-credit-Gabriel-Fournier-1200-768x512.jpg 768w\" sizes=\"(max-width: 1200px) 100vw, 1200px\" \/><figcaption id=\"caption-attachment-77864\" class=\"wp-caption-text\">Pour inaugurer sa 90e saison, l&rsquo;OSM pr\u00e9sentait la Messe glagolitique de Janacek et le Sacre du printemps de Stravinsky. (Photo: Gabriel Fournier)<\/figcaption><\/figure>\n<h3>La Messe glagolitique<\/h3>\n<p>Quand on la consid\u00e8re dans son enti\u00e8ret\u00e9, la <em>Messe glagolitique<\/em> de Leo\u0161 Jan\u00e1\u010dek est un monument intimidant \u00e0 apprivoiser, l&rsquo;une de ces \u0153uvres qui nous font entrevoir \u00e0 la fois l&rsquo;humanit\u00e9, la spiritualit\u00e9 et l&rsquo;histoire. On peut essayer de la comprendre, mais on peut aussi se contenter d&rsquo;en savourer la grandeur.<\/p>\n<p>Le <strong>Ch\u0153ur de l&rsquo;OSM<\/strong> d\u00e9montre son excellence dans ce r\u00e9pertoire difficile, avec, entre autres, de magnifiques moments de douceur et d&rsquo;impressionnants crescendos. Les solistes, toutefois, ne sont pas tous \u00e0 la hauteur. Le t\u00e9nor <strong>Ladislav Elgr<\/strong> semble \u00e0 bout de forces et donne l&rsquo;impression de crier plus que de chanter \u00e0 quelques reprises.<\/p>\n<p>M\u00eame si elle a une belle voix, la soprano <strong>Camilla Tilling<\/strong> n&rsquo;est pas dans le style. Elle semble un peu \u00e9gar\u00e9e. <strong>Matthew Rose<\/strong> fait entendre une voix correcte mais semble toujours surpris de chanter lorsque vient son tour. La <a href=\"https:\/\/www.ludwig-van.com\/montreal\/2021\/11\/27\/nouvelle-rose-naggar-tremblay-remporte-le-concours-osm-2021\/\" target=\"_blank\" rel=\"noopener\">laur\u00e9ate du Concours OSM 2021<\/a> ainsi que <a href=\"https:\/\/www.ludwig-van.com\/montreal\/2022\/06\/13\/nouvelle-rose-naggar-tremblay-nommee-revelation-classique-radio-canada\/\" target=\"_blank\" rel=\"noopener\">R\u00e9v\u00e9lation classique Radio-Canada 2022<\/a>, <strong>Rose Naggar-Tremblay<\/strong>, qui n&rsquo;a que de courts passages \u00e0 chanter, s&rsquo;av\u00e8re solide et impeccable.<\/p>\n<p>Quelques mots pour souligner la virtuosit\u00e9 de <strong>Jean-Willy Kunz<\/strong> \u00e0 l&rsquo;orgue dans le <em>Postludium<\/em>, et de fa\u00e7on g\u00e9n\u00e9rale, \u00e0 quel point c&rsquo;est un plaisir d&rsquo;entendre cet instrument r\u00e9sonner dans la Maison symphonique.<\/p>\n<p>Il reste deux occasions d&rsquo;entendre ce programme en salle:<\/p>\n<ul>\n<li>Ce soir, 13 septembre, \u00e0 19 h 30 <a href=\"https:\/\/www.osm.ca\/fr\/concerts\/le-sacre-du-printemps-par-rafael-payare\/\" target=\"_blank\" rel=\"noopener\">D\u00c9TAILS ET BILLETS<\/a><\/li>\n<li>Jeudi soir, 14 septembre, 19 h 30 <a href=\"https:\/\/www.osm.ca\/fr\/concerts\/le-sacre-du-printemps-par-rafael-payare\/\" target=\"_blank\" rel=\"noopener\">D\u00c9TAILS ET BILLETS<\/a><\/li>\n<\/ul>\n<p>Le concert du 14 sera capt\u00e9 par ProdCan pour diffusion ult\u00e9rieure sur le site de l&rsquo;OSM.<\/p>\n<h3>Anecdotique mais savoureux<\/h3>\n<p>Dans mon <a href=\"https:\/\/www.ludwig-van.com\/montreal\/2023\/09\/11\/rentree-nouvelles-concerts-et-incontournables-de-lautomne-en-musique-classique\/\" target=\"_blank\" rel=\"noopener\">survol de l&rsquo;automne en musique classique<\/a>, ce lundi, je vous parlais de la sortie d&rsquo;une bi\u00e8re Bor\u00e9ale \u00ab\u00a0Pilsner symphonique OSM\u00a0\u00bb. J&rsquo;ai eu l&rsquo;occasion d&rsquo;en apprendre plus sur la gen\u00e8se de ce projet, hier soir, et surtout, d&rsquo;y go\u00fbter. C&rsquo;est \u00e9videmment bien subjectif, mais je l&rsquo;ai trouv\u00e9e bonne. Douce, cr\u00e9meuse, avec peu d&rsquo;amertume, elle est parfaite pour ceux qui, comme moi, d\u00e9testent les IPA. Et mieux encore: un code QR sur la canette permet d&rsquo;acc\u00e9der \u00e0 une liste d&rsquo;\u00e9coute. Je vous en reparlerai lorsque j&rsquo;aurai eu l&rsquo;occasion de tester cet aspect \u00ab\u00a0musical\u00a0\u00bb de la bi\u00e8re, en esp\u00e9rant qu&rsquo;elle sera \u00e9ventuellement disponible \u00e0 l&rsquo;ext\u00e9rieur des murs de la Maison symphonique.<\/p>\n<h2><em>Inscrivez-vous \u00e0 notre infolettre! La musique classique et l&rsquo;op\u00e9ra en 5 minutes, chaque jour<\/em> \u00a0<span style=\"color: #ff0000;\"><a style=\"color: #ff0000;\" href=\"https:\/\/ludwig-van.us9.list-manage.com\/subscribe?u=4f785cb3f9058f2393ccad035&amp;id=b9b160c032\" target=\"_blank\" rel=\"noopener noreferrer\">ICI\u00a0<\/a><\/span><\/h2>\n","protected":false},"excerpt":{"rendered":"<p>L&rsquo;Orchestre symphonique de Montr\u00e9al a lanc\u00e9 sa 90e saison sur une note explosive, mardi soir \u00e0 la Maison symphonique, d&rsquo;abord avec une imposante Messe glagolitique, mais surtout, un Sacre du printemps sauvage, renversant l&rsquo;auditoire. Un autre triomphe pour Rafael Payare et l&rsquo;OSM.\u00a0<\/p>\n","protected":false},"author":51,"featured_media":77863,"comment_status":"open","ping_status":"open","sticky":false,"template":"","format":"standard","meta":{"om_disable_all_campaigns":false,"jetpack_post_was_ever_published":false},"categories":[42065,10956,52],"tags":[42066,4485],"yst_prominent_words":[33746,9878,9863,26822,26052,9877,21576,9869,20367,18029,9870],"acf":[],"jetpack_featured_media_url":"https:\/\/www.ludwig-van.com\/montreal\/wp-content\/uploads\/sites\/3\/2023\/09\/Copie-de-CRITIQUE-34.jpg","jetpack_sharing_enabled":true,"jetpack_shortlink":"https:\/\/wp.me\/p9bdYt-kfP","amp_enabled":true,"_links":{"self":[{"href":"https:\/\/www.ludwig-van.com\/montreal\/wp-json\/wp\/v2\/posts\/77861"}],"collection":[{"href":"https:\/\/www.ludwig-van.com\/montreal\/wp-json\/wp\/v2\/posts"}],"about":[{"href":"https:\/\/www.ludwig-van.com\/montreal\/wp-json\/wp\/v2\/types\/post"}],"author":[{"embeddable":true,"href":"https:\/\/www.ludwig-van.com\/montreal\/wp-json\/wp\/v2\/users\/51"}],"replies":[{"embeddable":true,"href":"https:\/\/www.ludwig-van.com\/montreal\/wp-json\/wp\/v2\/comments?post=77861"}],"version-history":[{"count":9,"href":"https:\/\/www.ludwig-van.com\/montreal\/wp-json\/wp\/v2\/posts\/77861\/revisions"}],"predecessor-version":[{"id":77872,"href":"https:\/\/www.ludwig-van.com\/montreal\/wp-json\/wp\/v2\/posts\/77861\/revisions\/77872"}],"wp:featuredmedia":[{"embeddable":true,"href":"https:\/\/www.ludwig-van.com\/montreal\/wp-json\/wp\/v2\/media\/77863"}],"wp:attachment":[{"href":"https:\/\/www.ludwig-van.com\/montreal\/wp-json\/wp\/v2\/media?parent=77861"}],"wp:term":[{"taxonomy":"category","embeddable":true,"href":"https:\/\/www.ludwig-van.com\/montreal\/wp-json\/wp\/v2\/categories?post=77861"},{"taxonomy":"post_tag","embeddable":true,"href":"https:\/\/www.ludwig-van.com\/montreal\/wp-json\/wp\/v2\/tags?post=77861"},{"taxonomy":"yst_prominent_words","embeddable":true,"href":"https:\/\/www.ludwig-van.com\/montreal\/wp-json\/wp\/v2\/yst_prominent_words?post=77861"}],"curies":[{"name":"wp","href":"https:\/\/api.w.org\/{rel}","templated":true}]}}