{"id":77661,"date":"2023-09-06T13:26:31","date_gmt":"2023-09-06T17:26:31","guid":{"rendered":"https:\/\/www.ludwig-van.com\/montreal\/?p=77661"},"modified":"2023-09-06T13:26:31","modified_gmt":"2023-09-06T17:26:31","slug":"communaute-retour-des-concerts-sante-et-bien-etre-au-festival-de-musique-de-chambre-de-montreal","status":"publish","type":"post","link":"https:\/\/www.ludwig-van.com\/montreal\/2023\/09\/06\/communaute-retour-des-concerts-sante-et-bien-etre-au-festival-de-musique-de-chambre-de-montreal\/","title":{"rendered":"COMMUNAUT\u00c9 | Retour des Concerts Sant\u00e9 et bien-\u00eatre du Festival de musique de chambre de Montr\u00e9al"},"content":{"rendered":"<figure id=\"attachment_77665\" aria-describedby=\"caption-attachment-77665\" style=\"width: 1200px\" class=\"wp-caption alignnone\"><img decoding=\"async\" loading=\"lazy\" class=\"size-full wp-image-77665\" src=\"https:\/\/www.ludwig-van.com\/montreal\/wp-content\/uploads\/sites\/3\/2023\/09\/Copie-de-ACTUALITES-15.jpg\" alt=\"Un concert au CHUM dans le cadre de l'initiative des Concerts sant\u00e9 et bien-\u00eatre, en 2022. (Photo: courtoisie du FMCM)\" width=\"1200\" height=\"628\" srcset=\"https:\/\/www.ludwig-van.com\/montreal\/wp-content\/uploads\/sites\/3\/2023\/09\/Copie-de-ACTUALITES-15.jpg 1200w, https:\/\/www.ludwig-van.com\/montreal\/wp-content\/uploads\/sites\/3\/2023\/09\/Copie-de-ACTUALITES-15-300x157.jpg 300w, https:\/\/www.ludwig-van.com\/montreal\/wp-content\/uploads\/sites\/3\/2023\/09\/Copie-de-ACTUALITES-15-1024x536.jpg 1024w, https:\/\/www.ludwig-van.com\/montreal\/wp-content\/uploads\/sites\/3\/2023\/09\/Copie-de-ACTUALITES-15-768x402.jpg 768w\" sizes=\"(max-width: 1200px) 100vw, 1200px\" \/><figcaption id=\"caption-attachment-77665\" class=\"wp-caption-text\">Un concert au CHUM dans le cadre de l&rsquo;initiative des Concerts sant\u00e9 et bien-\u00eatre, en 2022. (Photo: courtoisie du FMCM)<\/figcaption><\/figure>\n<h1 style=\"text-align: center;\"><del>Un message du Festival de musique de chambre de Montr\u00e9al<\/del><\/h1>\n<p style=\"text-align: center;\"><img decoding=\"async\" loading=\"lazy\" class=\"alignnone wp-image-77664 size-medium\" src=\"https:\/\/www.ludwig-van.com\/montreal\/wp-content\/uploads\/sites\/3\/2023\/09\/FMCM_BlackkRange_FR-copie-300x165.png\" alt=\"\" width=\"300\" height=\"165\" srcset=\"https:\/\/www.ludwig-van.com\/montreal\/wp-content\/uploads\/sites\/3\/2023\/09\/FMCM_BlackkRange_FR-copie-300x165.png 300w, https:\/\/www.ludwig-van.com\/montreal\/wp-content\/uploads\/sites\/3\/2023\/09\/FMCM_BlackkRange_FR-copie-1024x562.png 1024w, https:\/\/www.ludwig-van.com\/montreal\/wp-content\/uploads\/sites\/3\/2023\/09\/FMCM_BlackkRange_FR-copie-768x422.png 768w, https:\/\/www.ludwig-van.com\/montreal\/wp-content\/uploads\/sites\/3\/2023\/09\/FMCM_BlackkRange_FR-copie.png 1460w\" sizes=\"(max-width: 300px) 100vw, 300px\" \/><\/p>\n<p>&nbsp;<\/p>\n<p style=\"text-align: center;\"><img decoding=\"async\" loading=\"lazy\" class=\"alignnone wp-image-77663 size-medium\" src=\"https:\/\/www.ludwig-van.com\/montreal\/wp-content\/uploads\/sites\/3\/2023\/09\/LOGO-TD-800-300x67.png\" alt=\"\" width=\"300\" height=\"67\" srcset=\"https:\/\/www.ludwig-van.com\/montreal\/wp-content\/uploads\/sites\/3\/2023\/09\/LOGO-TD-800-300x67.png 300w, https:\/\/www.ludwig-van.com\/montreal\/wp-content\/uploads\/sites\/3\/2023\/09\/LOGO-TD-800-768x171.png 768w, https:\/\/www.ludwig-van.com\/montreal\/wp-content\/uploads\/sites\/3\/2023\/09\/LOGO-TD-800.png 800w\" sizes=\"(max-width: 300px) 100vw, 300px\" \/><\/p>\n<h3 style=\"text-align: center;\">Retour des<em> Concerts Sant\u00e9 et bien-\u00eatre<\/em><\/h3>\n<h3 style=\"text-align: center;\">Une initiative du Festival musique de chambre de Montr\u00e9al<\/h3>\n<h3 style=\"text-align: center;\">commandit\u00e9e par le Groupe Banque TD<\/h3>\n<p><strong>\u00a0<\/strong><\/p>\n<p><strong>Montr\u00e9al, le 6 septembre 2023.<\/strong> Pour une troisi\u00e8me ann\u00e9e, le FMCM est heureux de renouveler la tenue des <em>Concerts Sant\u00e9 et bien-<\/em>\u00eatre, une initiative que son directeur artistique et fondateur <strong>Denis Brott<\/strong> a cr\u00e9\u00e9e en t\u00e9moignage des soins que le CHUM lui a prodigu\u00e9s alors qu\u2019il se battait contre une COVID qui l\u2019a terrass\u00e9 en 2020 pendant 45 jours dont 32\u00a0jours aux soins intensifs.<\/p>\n<p>\u00ab En mars 2020, lors de mon hospitalisation au CHUM alors que je luttais contre la Covid, entendre de la musique apr\u00e8s trente-deux jours pass\u00e9s dans le coma a \u00e9t\u00e9 le seul \u00e9l\u00e9ment \u00e0 pouvoir calmer ma panique, \u00e0 r\u00e9duire mes horribles hallucinations et \u00e0 me ramener \u00e0 la beaut\u00e9 de la vie et \u00e0 la paix int\u00e9rieure. En fait, elle a apport\u00e9 espoir et lumi\u00e8re sur le chemin de ma gu\u00e9rison. \u00bb &#8211; Denis Brott<\/p>\n<p>C\u2019est \u00e0 l\u2019automne 2021 que le festival pr\u00e9sentait trois concerts de l\u2019ensemble Les Jeunes virtuoses de Montr\u00e9al sur la sc\u00e8ne de l\u2019amphith\u00e9\u00e2tre Pierre-P\u00e9ladeau du CHUM. L\u2019\u00e9v\u00e9nement marquait le d\u00e9but d\u2019un partenariat exceptionnel entre le Festival et le CHUM. Quelques mois plus tard naissait la s\u00e9rie\u00a0<em>Concerts sant\u00e9 et bien-\u00eatre<\/em>.<\/p>\n<p>\u00ab La musique a ce pouvoir incroyable de nous faire sourire dans les moments difficiles, de nous faire r\u00eaver et de nous unir. En commanditant les <em>Concerts Sant\u00e9 et bien-\u00eatre<\/em> du\u00a0Festival musique de chambre de Montr\u00e9al, le Groupe Banque TD est fier d&rsquo;offrir la musique en cadeau \u00e0 de nombreuses personnes qui ont grandement besoin de magie pour illuminer leur quotidien. \u00bb Sylvie\u00a0Demers, pr\u00e9sidente, Direction du Qu\u00e9bec,\u00a0Groupe\u00a0Banque\u00a0TD.<\/p>\n<p>5 <em>Concerts Sant\u00e9 et bien-\u00eatre <\/em>sont donc pr\u00e9vus \u00e0 l\u2019automne 2023 et l\u2019hiver 2024\u00a0au CHUM et dans d\u2019autres organismes \u00e0 d\u00e9terminer. \u00c0 travers ces diff\u00e9rentes organisations, un large \u00e9ventail de personnes vuln\u00e9rables ainsi que de personnes marginalis\u00e9es de la soci\u00e9t\u00e9, souvent issues de la diversit\u00e9 seront touch\u00e9es. Chaque concert sera d\u2019une dur\u00e9e d\u2019environ une heure, incluant des interventions parl\u00e9es pour augmenter la proximit\u00e9 avec le public et favoriser l\u2019accessibilit\u00e9. Le choix du r\u00e9pertoire sera d\u00e9termin\u00e9 afin d\u2019\u00eatre facile d\u2019approche pour le public et stimuler le bien-\u00eatre \u00e0 travers les \u0153uvres pr\u00e9sent\u00e9es.<\/p>\n<p>Le format de la musique de chambre est intime et par cons\u00e9quent id\u00e9al pour de tels concerts. Ce qui est au c\u0153ur de la musique de chambre est cet esprit d\u2019\u00e9quipe et de collaboration qui en fait une forme d\u2019art si propice \u00e0 cette initiative communautaire. Pour \u00eatre un excellent chambriste, il faut avoir cette capacit\u00e9 et sensibilit\u00e9 \u00e0 \u00eatre \u00e0 l\u2019\u00e9coute et en parfaite communion avec l\u2019autre. Ce souci de collaboration et de communaut\u00e9 est vital pour le FMCM et transpire dans son initiative de <em>Concerts Sant\u00e9 et bien-\u00eatre.<\/em><\/p>\n<p><em>Ce communiqu\u00e9 de presse est publi\u00e9 dans le cadre de nos services aux membres de Ludwig van Montr\u00e9al. Pour conna\u00eetre nos produits et services, \u00e9crivez-nous \u00e0 <\/em><a href=\"mailto:caroline@ludwig-van.com\" target=\"_blank\" rel=\"noopener\">caroline@ludwig-van.com\u00a0<\/a><\/p>\n<h2><em>Inscrivez-vous \u00e0 notre infolettre! La musique classique et l&rsquo;op\u00e9ra en 5 minutes, chaque jour<\/em> \u00a0<span style=\"color: #ff0000;\"><a style=\"color: #ff0000;\" href=\"https:\/\/ludwig-van.us9.list-manage.com\/subscribe?u=4f785cb3f9058f2393ccad035&amp;id=b9b160c032\" target=\"_blank\" rel=\"noopener noreferrer\">ICI\u00a0<\/a><\/span><\/h2>\n","protected":false},"excerpt":{"rendered":"<p>Pour une troisi\u00e8me ann\u00e9e, le FMCM est heureux de renouveler la tenue des Concerts Sant\u00e9 et bien-\u00eatre, une initiative que son directeur artistique et fondateur Denis Brott a cr\u00e9\u00e9e en t\u00e9moignage des soins que le CHUM lui a prodigu\u00e9s alors qu\u2019il se battait contre une COVID qui l\u2019a terrass\u00e9 en 2020 pendant 45 jours dont 32\u00a0jours aux soins intensifs.<\/p>\n","protected":false},"author":1,"featured_media":77665,"comment_status":"open","ping_status":"open","sticky":false,"template":"","format":"standard","meta":{"om_disable_all_campaigns":false,"jetpack_post_was_ever_published":false},"categories":[42065,10956,13504],"tags":[42066,21189],"yst_prominent_words":[10078,21188,8858,16840,7412,22878,7694,9811,12698,21186,26176],"acf":[],"jetpack_featured_media_url":"https:\/\/www.ludwig-van.com\/montreal\/wp-content\/uploads\/sites\/3\/2023\/09\/Copie-de-ACTUALITES-15.jpg","jetpack_sharing_enabled":true,"jetpack_shortlink":"https:\/\/wp.me\/p9bdYt-kcB","amp_enabled":true,"_links":{"self":[{"href":"https:\/\/www.ludwig-van.com\/montreal\/wp-json\/wp\/v2\/posts\/77661"}],"collection":[{"href":"https:\/\/www.ludwig-van.com\/montreal\/wp-json\/wp\/v2\/posts"}],"about":[{"href":"https:\/\/www.ludwig-van.com\/montreal\/wp-json\/wp\/v2\/types\/post"}],"author":[{"embeddable":true,"href":"https:\/\/www.ludwig-van.com\/montreal\/wp-json\/wp\/v2\/users\/1"}],"replies":[{"embeddable":true,"href":"https:\/\/www.ludwig-van.com\/montreal\/wp-json\/wp\/v2\/comments?post=77661"}],"version-history":[{"count":3,"href":"https:\/\/www.ludwig-van.com\/montreal\/wp-json\/wp\/v2\/posts\/77661\/revisions"}],"predecessor-version":[{"id":77667,"href":"https:\/\/www.ludwig-van.com\/montreal\/wp-json\/wp\/v2\/posts\/77661\/revisions\/77667"}],"wp:featuredmedia":[{"embeddable":true,"href":"https:\/\/www.ludwig-van.com\/montreal\/wp-json\/wp\/v2\/media\/77665"}],"wp:attachment":[{"href":"https:\/\/www.ludwig-van.com\/montreal\/wp-json\/wp\/v2\/media?parent=77661"}],"wp:term":[{"taxonomy":"category","embeddable":true,"href":"https:\/\/www.ludwig-van.com\/montreal\/wp-json\/wp\/v2\/categories?post=77661"},{"taxonomy":"post_tag","embeddable":true,"href":"https:\/\/www.ludwig-van.com\/montreal\/wp-json\/wp\/v2\/tags?post=77661"},{"taxonomy":"yst_prominent_words","embeddable":true,"href":"https:\/\/www.ludwig-van.com\/montreal\/wp-json\/wp\/v2\/yst_prominent_words?post=77661"}],"curies":[{"name":"wp","href":"https:\/\/api.w.org\/{rel}","templated":true}]}}