{"id":77468,"date":"2023-08-17T09:34:23","date_gmt":"2023-08-17T13:34:23","guid":{"rendered":"https:\/\/www.ludwig-van.com\/montreal\/?p=77468"},"modified":"2023-08-17T09:59:10","modified_gmt":"2023-08-17T13:59:10","slug":"critique-osm-parc-olympique-viree-classique-2023","status":"publish","type":"post","link":"https:\/\/www.ludwig-van.com\/montreal\/2023\/08\/17\/critique-osm-parc-olympique-viree-classique-2023\/","title":{"rendered":"CRITIQUE\u00a0| L&rsquo;OSM au Parc olympique: soir\u00e9e lyrique et symphonique dans une ambiance agr\u00e9able"},"content":{"rendered":"<h3><span style=\"color: #808080;\">Critique du concert de l&rsquo;OSM au Parc olympique &#8211; 2023<\/span><\/h3>\n<figure id=\"attachment_77471\" aria-describedby=\"caption-attachment-77471\" style=\"width: 1200px\" class=\"wp-caption alignnone\"><img decoding=\"async\" loading=\"lazy\" class=\"size-full wp-image-77471\" src=\"https:\/\/www.ludwig-van.com\/montreal\/wp-content\/uploads\/sites\/3\/2023\/08\/Rafael-Payare-OSM-cr-Antoine-Saito.jpg\" alt=\"Rafael Payare dirigeait l'OSM au Parc olympique, le 16 ao\u00fbt 2023 (Photo: Antoine Saito)\" width=\"1200\" height=\"628\" \/><figcaption id=\"caption-attachment-77471\" class=\"wp-caption-text\">Rafael Payare dirigeait l&rsquo;OSM au Parc olympique, le 16 ao\u00fbt 2023 (Photo: Antoine Saito)<\/figcaption><\/figure>\n<h3><span style=\"color: #808080;\">Le temps \u00e9tait id\u00e9al pour un concert en plein air, mercredi soir, 16 ao\u00fbt 2023. L&rsquo;Orchestre symphonique de Montr\u00e9al nous a donc offert une soir\u00e9e agr\u00e9able \u00e0 l&rsquo;Esplanade du Parc olympique, devant des dizaines de milliers de spectateurs, donnant le coup d&rsquo;envoi de sa 10e Vir\u00e9e classique.\u00a0<\/span><\/h3>\n<p>Je l&rsquo;ai d\u00e9j\u00e0 \u00e9crit: l&rsquo;ambiance de cette grande c\u00e9l\u00e9bration annuelle de l&rsquo;<strong>OSM<\/strong> n&rsquo;est plus ce qu&rsquo;elle \u00e9tait <a href=\"https:\/\/www.lapresse.ca\/arts\/musique\/musique-classique\/201208\/10\/01-4563904-losm-au-parc-olympique-memorable.php\" target=\"_blank\" rel=\"noopener\">\u00e0 ses d\u00e9buts<\/a> et la foule semble <a href=\"https:\/\/www.lapresse.ca\/arts\/musique\/musique-classique\/201308\/15\/01-4680032-osm-foule-record-au-parc-olympique.php\" target=\"_blank\" rel=\"noopener\">moins nombreuse<\/a>. Je suis persuad\u00e9e que l&rsquo;on ne peut en tirer aucune conclusion certaine, mais on peut probablement \u00e9mettre des hypoth\u00e8ses: l&rsquo;effet de nouveaut\u00e9 s&rsquo;est estomp\u00e9 et il y a plus de concerts ext\u00e9rieurs gratuits qu&rsquo;auparavant, entre autres.<\/p>\n<p>Le titre du programme, <em>Promenade au mus\u00e9e sur des airs d\u2019op\u00e9ra<\/em>, est \u00e9videmment une r\u00e9f\u00e9rence aux <em>Tableaux d&rsquo;une exposition<\/em>, principale pi\u00e8ce au programme, combin\u00e9 au fait que l&rsquo;on allait entendre des extraits du <em>Barbier de S\u00e9ville<\/em> et de <em>Carmen.<\/em> Comme th\u00e8me, on a d\u00e9j\u00e0 vu plus original, ambitieux et cr\u00e9atif de la part de l&rsquo;OSM (notamment <a href=\"https:\/\/www.ludwig-van.com\/montreal\/2022\/08\/11\/compte-rendu-losm-au-parc-olympique-une-soiree-memorable-qui-sort-des-sentiers-battus\/\" target=\"_blank\" rel=\"noopener\">l&rsquo;an dernier<\/a>) mais cela n&rsquo;a emp\u00each\u00e9 personne de passer une soir\u00e9e agr\u00e9able avec un orchestre en grande forme, des solistes impeccables et des \u0153uvres bien connues du public. On pourrait parler d&rsquo;un sans-faute si ce n&rsquo;\u00e9tait de la sonorisation.<\/p>\n<p>C\u00f4t\u00e9 amplification, on a d\u00e9j\u00e0 entendu mieux aussi dans ces grands \u00e9v\u00e9nements. Celle-ci, hier soir, n&rsquo;\u00e9tait pas optimale. Apr\u00e8s autant d&rsquo;ann\u00e9es, il n&rsquo;y a pas d&rsquo;excuses \u00e0 cela.<\/p>\n<p>Toutefois, la qualit\u00e9 des images ainsi que leur synchronisation sur les \u00e9crans g\u00e9ants \u00e9tait tr\u00e8s r\u00e9ussie.<\/p>\n<p>&nbsp;<\/p>\n<figure id=\"attachment_77473\" aria-describedby=\"caption-attachment-77473\" style=\"width: 1200px\" class=\"wp-caption alignnone\"><img decoding=\"async\" loading=\"lazy\" class=\"size-full wp-image-77473\" src=\"https:\/\/www.ludwig-van.com\/montreal\/wp-content\/uploads\/sites\/3\/2023\/08\/OSM-Bomsori-Payare-cr-Antoine-Saito.jpg\" alt=\"La violoniste Bomsori \u00e9tait l'une des solistes invit\u00e9es de l'OSM pour son concert gratuit \u00e0 l'Esplanade du Parc olympique, le 16 ao\u00fbt 2023. (Photo: Antoine Saito)\" width=\"1200\" height=\"800\" \/><figcaption id=\"caption-attachment-77473\" class=\"wp-caption-text\">La violoniste Bomsori \u00e9tait l&rsquo;une des solistes invit\u00e9es de l&rsquo;OSM pour son concert gratuit \u00e0 l&rsquo;Esplanade du Parc olympique, le 16 ao\u00fbt 2023. (Photo: Antoine Saito)<\/figcaption><\/figure>\n<h3>Isabel Leonard et Bomsori<\/h3>\n<p>Apr\u00e8s l&rsquo;Ouverture du <em>Barbier de S\u00e9ville,<\/em> la mezzo-soprano <strong>Isabelle L\u00e9onard<\/strong>, absolument parfaite, chante Une voce poco fa, du m\u00eame op\u00e9ra, et reviendra pour les airs les plus c\u00e9l\u00e8bres de <em>Carmen: L&rsquo;amour est un oiseau rebelle<\/em> et <em>Pr\u00e8s des remparts de S\u00e9ville<\/em>. La voix est riche, ample, merveilleuse, l&rsquo;interpr\u00e9tation expressive, les effets bien dos\u00e9s. Irr\u00e9prochable.<\/p>\n<p>Entre les deux prestations d&rsquo;<strong>Isabel Leonard<\/strong>, la violoniste cor\u00e9enne <strong>Bomsori Kim<\/strong>, deuxi\u00e8me prix au CMIM en 2016, interpr\u00e8te la Carmen Fantaisie pour violon et orchestre de Waxman, morceau de virtuosit\u00e9 destin\u00e9 \u00e0 \u00e9pater la galerie, avec toute la technique n\u00e9cessaire, mais peu de v\u00e9ritable apport personnel.<\/p>\n<h3>Rafael le Montr\u00e9alais<\/h3>\n<p>Une int\u00e9ressante entrevue men\u00e9e enti\u00e8rement en fran\u00e7ais par la violoniste <strong>Marianne Dugal<\/strong> avec <strong>Rafael Payare<\/strong> (qui ne veut pas qu&rsquo;on l&rsquo;appelle <em>maestro,<\/em> ce qui est tout \u00e0 son honneur) nous a permis de constater \u00e0 quel point le chef a r\u00e9alis\u00e9 des progr\u00e8s dans notre langue, et d&rsquo;apprendre qu&rsquo;il vit d\u00e9sormais \u00e0 Montr\u00e9al avec sa famille, une excellente nouvelle.<\/p>\n<p>Il nous raconte d&rsquo;ailleurs que sa fille va \u00e0 l&rsquo;\u00e9cole ici et corrige l&rsquo;accent de son p\u00e8re! Bravo pour l&rsquo;int\u00e9gration! En tant qu&rsquo;enseignante b\u00e9n\u00e9vole en francisation dans un centre communautaire, cette nouvelle me r\u00e9jouit particuli\u00e8rement.<\/p>\n<p>On entend ensuite les fameux <em>Tableaux d&rsquo;une exposition<\/em>, occasion de faire briller plusieurs musiciens, notamment <strong>St\u00e9phane Beaulac<\/strong> \u00e0 la trompette, <strong>Andr\u00e9 Moisan<\/strong> au saxophone et <strong>Austin Howle<\/strong> au tuba.<\/p>\n<p>En guise de rappel, nous avons droit \u00e0 la <em>Chevauch\u00e9e des Walkyries<\/em>, de Wagner, avec toute la force n\u00e9cessaire.<\/p>\n<p>La <strong>10e Vir\u00e9e classique de l&rsquo;OSM<\/strong> se poursuit ce week-end, vendredi, samedi et dimanche, \u00e0 la Place des arts, avec 26 concerts en salle et une centaine d&rsquo;activit\u00e9s gratuites dans le Quartier des spectacles.<\/p>\n<p><a href=\"https:\/\/www.ludwig-van.com\/montreal\/2023\/08\/14\/communaute-viree-classique-osm-programmation-2023\/\" target=\"_blank\" rel=\"noopener\">D\u00c9TAILS DE LA PROGRAMMATION<\/a><\/p>\n<h2><em>Inscrivez-vous \u00e0 notre infolettre! La musique classique et l&rsquo;op\u00e9ra en 5 minutes, chaque jour<\/em> \u00a0<span style=\"color: #ff0000;\"><a style=\"color: #ff0000;\" href=\"https:\/\/ludwig-van.us9.list-manage.com\/subscribe?u=4f785cb3f9058f2393ccad035&amp;id=b9b160c032\" target=\"_blank\" rel=\"noopener noreferrer\">ICI\u00a0<\/a><\/span><\/h2>\n","protected":false},"excerpt":{"rendered":"<p>Le temps \u00e9tait id\u00e9al pour un concert en plein air, mercredi soir, 16 ao\u00fbt 2023. L&rsquo;Orchestre symphonique de Montr\u00e9al nous a donc offert une soir\u00e9e agr\u00e9able au Parc olympique, devant des dizaines de milliers de spectateurs, donnant le coup d&rsquo;envoi de sa 10e Vir\u00e9e classique.\u00a0<\/p>\n","protected":false},"author":51,"featured_media":77471,"comment_status":"open","ping_status":"open","sticky":false,"template":"","format":"standard","meta":{"om_disable_all_campaigns":false,"jetpack_post_was_ever_published":false},"categories":[42065,10956,52],"tags":[42066,4485,25634],"yst_prominent_words":[14253,41272,33228,33229,33293,33290,25633,33286,11620,20367,13555],"acf":[],"jetpack_featured_media_url":"https:\/\/www.ludwig-van.com\/montreal\/wp-content\/uploads\/sites\/3\/2023\/08\/Rafael-Payare-OSM-cr-Antoine-Saito.jpg","jetpack_sharing_enabled":true,"jetpack_shortlink":"https:\/\/wp.me\/p9bdYt-k9u","amp_enabled":true,"_links":{"self":[{"href":"https:\/\/www.ludwig-van.com\/montreal\/wp-json\/wp\/v2\/posts\/77468"}],"collection":[{"href":"https:\/\/www.ludwig-van.com\/montreal\/wp-json\/wp\/v2\/posts"}],"about":[{"href":"https:\/\/www.ludwig-van.com\/montreal\/wp-json\/wp\/v2\/types\/post"}],"author":[{"embeddable":true,"href":"https:\/\/www.ludwig-van.com\/montreal\/wp-json\/wp\/v2\/users\/51"}],"replies":[{"embeddable":true,"href":"https:\/\/www.ludwig-van.com\/montreal\/wp-json\/wp\/v2\/comments?post=77468"}],"version-history":[{"count":7,"href":"https:\/\/www.ludwig-van.com\/montreal\/wp-json\/wp\/v2\/posts\/77468\/revisions"}],"predecessor-version":[{"id":77478,"href":"https:\/\/www.ludwig-van.com\/montreal\/wp-json\/wp\/v2\/posts\/77468\/revisions\/77478"}],"wp:featuredmedia":[{"embeddable":true,"href":"https:\/\/www.ludwig-van.com\/montreal\/wp-json\/wp\/v2\/media\/77471"}],"wp:attachment":[{"href":"https:\/\/www.ludwig-van.com\/montreal\/wp-json\/wp\/v2\/media?parent=77468"}],"wp:term":[{"taxonomy":"category","embeddable":true,"href":"https:\/\/www.ludwig-van.com\/montreal\/wp-json\/wp\/v2\/categories?post=77468"},{"taxonomy":"post_tag","embeddable":true,"href":"https:\/\/www.ludwig-van.com\/montreal\/wp-json\/wp\/v2\/tags?post=77468"},{"taxonomy":"yst_prominent_words","embeddable":true,"href":"https:\/\/www.ludwig-van.com\/montreal\/wp-json\/wp\/v2\/yst_prominent_words?post=77468"}],"curies":[{"name":"wp","href":"https:\/\/api.w.org\/{rel}","templated":true}]}}