{"id":77423,"date":"2023-08-14T13:59:52","date_gmt":"2023-08-14T17:59:52","guid":{"rendered":"https:\/\/www.ludwig-van.com\/montreal\/?p=77423"},"modified":"2023-08-14T13:59:52","modified_gmt":"2023-08-14T17:59:52","slug":"communaute-viree-classique-osm-programmation-2023","status":"publish","type":"post","link":"https:\/\/www.ludwig-van.com\/montreal\/2023\/08\/14\/communaute-viree-classique-osm-programmation-2023\/","title":{"rendered":"COMMUNAUT\u00c9 | D\u00c8S MERCREDI : MONTR\u00c9AL R\u00c9SONNE AU SON DE L\u2019OSM"},"content":{"rendered":"<h3><span style=\"color: #808080;\">Programmation de la Vir\u00e9e classique de l&rsquo;OSM<\/span><\/h3>\n<figure id=\"attachment_67172\" aria-describedby=\"caption-attachment-67172\" style=\"width: 1200px\" class=\"wp-caption alignnone\"><img decoding=\"async\" loading=\"lazy\" class=\"size-full wp-image-67172\" src=\"https:\/\/www.ludwig-van.com\/montreal\/wp-content\/uploads\/sites\/3\/2021\/07\/osm-OLYMPIQUE.jpg\" alt=\"L'Orchestre symphonique de Montr\u00e9al sera de retour pour son grand concert gratuit au Parc olympique le 9 septembre prochain, sous la direction de Rafael Payare. (Photo: courtoisie de l'OSM)\" width=\"1200\" height=\"628\" \/><figcaption id=\"caption-attachment-67172\" class=\"wp-caption-text\">L&rsquo;OSM au Parc olympique. (Photo: courtoisie de l&rsquo;OSM)<\/figcaption><\/figure>\n<h1 style=\"text-align: center;\"><del>Un message de l&rsquo;Orchestre symphonique de Montr\u00e9al<\/del><\/h1>\n<p>&nbsp;<\/p>\n<p><strong>Montr\u00e9al, le 14 ao\u00fbt 2023<\/strong> \u2013 Signe que la saison estivale est bien install\u00e9e, c\u2019est mercredi que <strong>Rafael Payare<\/strong> et <strong>l\u2019Orchestre symphonique de Montr\u00e9al<\/strong> donneront le coup d\u2019envoi de la dixi\u00e8me \u00e9dition de <strong>LA VIR\u00c9E CLASSIQUE OSM.<\/strong> Si le festival est l\u2019occasion pour les musiciennes, les musiciens et le Maestro d\u2019aller \u00e0 la rencontre des festivaliers, dans une formule unique, accessible et totalement ancr\u00e9e dans la communaut\u00e9, il est \u00e9galement devenu une tradition dans bon nombre de foyers montr\u00e9alais qui profitent de ce moment pour faire le plein de musique classique \u00e0 petits prix. <strong>Du 16 au 20 ao\u00fbt 2022<\/strong>, de nombreuses prestations et activit\u00e9s gratuites ainsi qu\u2019un marathon de concerts feront cette ann\u00e9e encore le bonheur des m\u00e9lomanes, tous \u00e2ges confondus.<\/p>\n<h2>Le coup d&rsquo;envoi<\/h2>\n<h3>L&rsquo;incontournable grand concert gratuit, mercredi 16 ao\u00fbt, 19 h 30<\/h3>\n<p>Sous la direction de <strong>Rafael Payare<\/strong>, l\u2019OSM revisite de grands airs d\u2019op\u00e9ra lors du concert <strong>gratuit<\/strong>, <strong><em>Promenade au mus\u00e9e sur des airs d\u2019op\u00e9ra.<\/em><\/strong> La mezzo-soprano <strong>Isabel Leonard<\/strong> chantera quelques-uns des plus c\u00e9l\u00e8bres airs d\u2019op\u00e9ra alors que la violoniste <strong>Bomsori<\/strong>, artiste en r\u00e9sidence du festival, interpr\u00e9tera <em>Carmen fantasie<\/em> de Waxman d\u2019apr\u00e8s Bizet, une pi\u00e8ce sensuelle et enflamm\u00e9e. Suivront ensuite les <strong><em>Tableaux d\u2019une exposition<\/em><\/strong> de Moussorgski, une \u0153uvre brillante et puissante gr\u00e2ce \u00e0 laquelle le public d\u00e9couvrira plusieurs tableaux musicaux qui le transporteront de l\u2019univers des l\u00e9gendes aux plus belles villes europ\u00e9ennes. L\u2019imagination sera au c\u0153ur de cette soir\u00e9e musicale m\u00e9morable qui aura lieu sur <strong>l\u2019Esplanade du Parc Olympique<\/strong>, <strong>beau temps, mauvais temps<\/strong>!<\/p>\n<h3>Un marathon de concerts en salle<\/h3>\n<p>Depuis les grandes \u0153uvres classiques jusqu\u2019\u00e0 la musique balinaise, en passant par le jazz, les musiques de film, celles des Balkans ou du Moyen-Orient, les <strong>concerts<\/strong> de la Vir\u00e9e classique proposent surprises et rencontres dans quatre salles de la m\u00e9tropole. D\u2019une dur\u00e9e maximale d\u2019une heure et sans entracte, la Vir\u00e9e classique permettra aux festivaliers de sauter d\u2019un concert \u00e0 l\u2019autre, pour un horaire charg\u00e9 en musique et en \u00e9motions. Issues de diff\u00e9rentes cultures, les musiques de la Vir\u00e9e \u00e9voqueront des souvenirs de voyage ou conduiront les auditeurs dans le monde fantastique des contes. Avec son programme riche et ses artistes de renomm\u00e9e mondiale, la Vir\u00e9e classique OSM s\u2019impose depuis dix ans comme <strong>LE festival de musique classique<\/strong> \u00e0 Montr\u00e9al!<\/p>\n<p>Du 16 au 20 ao\u00fbt, il sera notamment possible d\u2019entendre <strong>Charles Richard-Hamelin<\/strong> (piano), <strong>Godwin Friesen<\/strong> (piano), <strong>Paul Merkelo<\/strong> (trompette), <strong>Dina Gilbert<\/strong> (cheffe d\u2019orchestre), <strong>Sarah Dufresne<\/strong> (soprano), <strong>Margaret Little<\/strong> (viole de gambe), l\u2019<strong>Ensemble Obiora<\/strong>, l\u2019<strong>Ensemble Oktoecho <\/strong>et <strong>l\u2019Orchestre FILMharmonique.<\/strong>\u00a0Par ailleurs, la violoniste <strong>Bomsori,<\/strong> le violoncelliste <strong>Nicolas Altstaedt <\/strong>et le pianiste <strong>Jeremy Denk <\/strong>seront les artistes en r\u00e9sidence qui se produiront \u00e0 diff\u00e9rentes occasions lors du festival. Notons \u00e9galement que Rafael Payare dirigera lui-m\u00eame neuf concerts, parmi lesquels les c\u00e9l\u00e8bres <strong><em>Carmina Burana<\/em><\/strong> de Orff, pr\u00e9sent\u00e9es \u00e0 deux reprises, les 19 et 20 ao\u00fbt ainsi que le <strong><em>Requiem<\/em> <\/strong>de Faur\u00e9 pr\u00e9sent\u00e9 le dimanche 20 ao\u00fbt. Le samedi 19 ao\u00fbt en matin\u00e9e, le maestro offrira \u00e9galement <strong><em>Les cr\u00e9atures fantastiques<\/em><\/strong>, un concert familial qui permettra aux enfants de se laisser guider par l\u2019Orchestre dans la d\u00e9couverte des dragons, licornes, ph\u0153nix et autres animaux fantastiques.<\/p>\n<p>&nbsp;<\/p>\n<p style=\"text-align: center;\"><img decoding=\"async\" loading=\"lazy\" class=\"alignnone size-full wp-image-77424\" src=\"https:\/\/www.ludwig-van.com\/montreal\/wp-content\/uploads\/sites\/3\/2023\/08\/programmation-gratuite.jpg\" alt=\"\" width=\"1595\" height=\"731\" \/><\/p>\n<h3>Des activit\u00e9s gratuites pour toute la famille<\/h3>\n<p>Causeries et conf\u00e9rences, ateliers musicaux et yoga en plein air raviront les passants et festivaliers! Pour la premi\u00e8re fois cette ann\u00e9e, les m\u00e9lomanes pourront d\u00e9couvrir de pr\u00e8s l\u2019<strong>une<\/strong> des <strong>trois<\/strong> <strong>octobasses de l\u2019Orchestre<\/strong>, qui sera expos\u00e9e au <strong>Foyer Antonia Nantel<\/strong>. Les passants pourront s\u2019arr\u00eater pour \u00e9couter le groupe Bon d\u00e9barras ou faire un atelier de <em>drumline<\/em> ou de musique balinaise sur la <strong>rue Sainte-Catherine<\/strong>. Pour les tout-petits, il sera possible de d\u00e9couvrir la \u00ab\u2009for\u00eat musicale\u2009\u00bb, de suivre un atelier d\u2019art-th\u00e9rapie L\u00e9z\u2019arts ou d\u2019assister \u00e0 l\u2019heure du conte dans le <strong>Pavillon tranquille<\/strong>. Les populaires yoga en musique, cin\u00e9ma et concerts en plein air seront pr\u00e9sent\u00e9s quotidiennement sur <strong>l\u2019Esplanade tranquille<\/strong> pour la dur\u00e9e de la Vir\u00e9e. Du c\u00f4t\u00e9 de la <strong>Place-des-Arts<\/strong>, plusieurs espaces offriront des causeries, conf\u00e9rences, pr\u00e9sentations d\u2019instruments et m\u00eame une rencontre avec les musiciens de l\u2019Orchestre! Le <strong>Complexe Desjardins<\/strong> devient pour sa part une salle de concert avec plusieurs prestations d\u2019ensembles de la rel\u00e8ve et d\u2019orchestres amateurs. M\u00e9lomanes et musiciens des quatre coins du monde se donnent rendez-vous \u00e0 Montr\u00e9al pour faire de cette <strong>10<sup>e<\/sup> Vir\u00e9e classique <\/strong>un succ\u00e8s!<\/p>\n<p>&nbsp;<\/p>\n<p style=\"text-align: center;\"><img decoding=\"async\" loading=\"lazy\" class=\"alignnone size-full wp-image-77425\" src=\"https:\/\/www.ludwig-van.com\/montreal\/wp-content\/uploads\/sites\/3\/2023\/08\/lucia.jpg\" alt=\"\" width=\"1757\" height=\"794\" \/><\/p>\n<p><strong><em>LUCIA<\/em><\/strong><strong>, \u0152UVRE D\u2019ART PUBLIC INTERACTIVE<\/strong><\/p>\n<p><em>Lucia<\/em> est une invitation au public de prendre part \u00e0 un r\u00e9cit universel en faisant tourner les manivelles d\u2019une bo\u00eete \u00e0 musique g\u00e9ante. Cette \u0153uvre multim\u00e9dia est une cr\u00e9ation originale de Mirari et Anne Lagac\u00e9 liant musique classique, sculpture, animation et danse. Magnifi\u00e9e par les pi\u00e8ces musicales interactives in\u00e9dites du compositeur qu\u00e9b\u00e9cois Maxime Goulet interpr\u00e9t\u00e9es par l\u2019OSM sous la direction de Dina Gilbert, <em>Lucia<\/em> raconte une histoire qui unit pass\u00e9 et pr\u00e9sent \u00e0 travers les liens que tissent les membres du public qui prennent part \u00e0 l\u2019exp\u00e9rience. Elle prendra vie du <strong>18 ao\u00fbt (\u00e0 17h\u00a0!) au 17 septembre<\/strong> au Parterre dans le Quartier des spectacles.<\/p>\n<p>&nbsp;<\/p>\n<blockquote><p>\u00ab\u2009Je suis heureux de pr\u00e9senter cette dixi\u00e8me \u00e9dition de la Vir\u00e9e classique OSM si ch\u00e8re au c\u0153ur des Montr\u00e9alaises et Montr\u00e9alais avides de culture. Et je suis fier de la qualit\u00e9 des concerts et activit\u00e9s que l\u2019Orchestre pr\u00e9sentera durant ces quatre jours de festivit\u00e9. La Vir\u00e9e classique est l\u2019occasion pour les Montr\u00e9alaises et Montr\u00e9alais de venir \u00e0 la rencontre de leur orchestre et nous leur sommes reconnaissants d\u2019\u00eatre si nombreux fid\u00e8les au rendez-vous.\u2009\u00bb \u2013 <strong><em>Rafael Payare, directeur musical de l\u2019OSM<\/em><\/strong><\/p><\/blockquote>\n<p>&nbsp;<\/p>\n<p><em>Ce communiqu\u00e9 a \u00e9t\u00e9 publi\u00e9 comme service au membres de Ludwig van Montr\u00e9al<\/em><\/p>\n<h2><em>Inscrivez-vous \u00e0 notre infolettre! La musique classique et l&rsquo;op\u00e9ra en 5 minutes, chaque jour<\/em> \u00a0<span style=\"color: #ff0000;\"><a style=\"color: #ff0000;\" href=\"https:\/\/ludwig-van.us9.list-manage.com\/subscribe?u=4f785cb3f9058f2393ccad035&amp;id=b9b160c032\" target=\"_blank\" rel=\"noopener noreferrer\">ICI\u00a0<\/a><\/span><\/h2>\n","protected":false},"excerpt":{"rendered":"<p>Programmation de la Vir\u00e9e classique de l&rsquo;OSM Un message de l&rsquo;Orchestre symphonique de Montr\u00e9al &nbsp; Montr\u00e9al, le 14 ao\u00fbt 2023 \u2013 Signe que la saison estivale est bien install\u00e9e, c\u2019est mercredi que Rafael Payare et l\u2019Orchestre symphonique de Montr\u00e9al donneront le coup d\u2019envoi de la dixi\u00e8me \u00e9dition de LA VIR\u00c9E CLASSIQUE OSM. Si le festival [&hellip;]<\/p>\n","protected":false},"author":1,"featured_media":67172,"comment_status":"open","ping_status":"open","sticky":false,"template":"","format":"standard","meta":{"om_disable_all_campaigns":false,"jetpack_post_was_ever_published":false},"categories":[42065,10956,10992],"tags":[42066,4485,3506],"yst_prominent_words":[39980,11549,10175,33211,11092,9811,10167,25633,20367,9870,18158,18156,33210],"acf":[],"jetpack_featured_media_url":"https:\/\/www.ludwig-van.com\/montreal\/wp-content\/uploads\/sites\/3\/2021\/07\/osm-OLYMPIQUE.jpg","jetpack_sharing_enabled":true,"jetpack_shortlink":"https:\/\/wp.me\/p9bdYt-k8L","amp_enabled":true,"_links":{"self":[{"href":"https:\/\/www.ludwig-van.com\/montreal\/wp-json\/wp\/v2\/posts\/77423"}],"collection":[{"href":"https:\/\/www.ludwig-van.com\/montreal\/wp-json\/wp\/v2\/posts"}],"about":[{"href":"https:\/\/www.ludwig-van.com\/montreal\/wp-json\/wp\/v2\/types\/post"}],"author":[{"embeddable":true,"href":"https:\/\/www.ludwig-van.com\/montreal\/wp-json\/wp\/v2\/users\/1"}],"replies":[{"embeddable":true,"href":"https:\/\/www.ludwig-van.com\/montreal\/wp-json\/wp\/v2\/comments?post=77423"}],"version-history":[{"count":3,"href":"https:\/\/www.ludwig-van.com\/montreal\/wp-json\/wp\/v2\/posts\/77423\/revisions"}],"predecessor-version":[{"id":77429,"href":"https:\/\/www.ludwig-van.com\/montreal\/wp-json\/wp\/v2\/posts\/77423\/revisions\/77429"}],"wp:featuredmedia":[{"embeddable":true,"href":"https:\/\/www.ludwig-van.com\/montreal\/wp-json\/wp\/v2\/media\/67172"}],"wp:attachment":[{"href":"https:\/\/www.ludwig-van.com\/montreal\/wp-json\/wp\/v2\/media?parent=77423"}],"wp:term":[{"taxonomy":"category","embeddable":true,"href":"https:\/\/www.ludwig-van.com\/montreal\/wp-json\/wp\/v2\/categories?post=77423"},{"taxonomy":"post_tag","embeddable":true,"href":"https:\/\/www.ludwig-van.com\/montreal\/wp-json\/wp\/v2\/tags?post=77423"},{"taxonomy":"yst_prominent_words","embeddable":true,"href":"https:\/\/www.ludwig-van.com\/montreal\/wp-json\/wp\/v2\/yst_prominent_words?post=77423"}],"curies":[{"name":"wp","href":"https:\/\/api.w.org\/{rel}","templated":true}]}}