{"id":77417,"date":"2023-08-13T20:13:58","date_gmt":"2023-08-14T00:13:58","guid":{"rendered":"https:\/\/www.ludwig-van.com\/montreal\/?p=77417"},"modified":"2023-08-15T14:45:46","modified_gmt":"2023-08-15T18:45:46","slug":"in-memoriam-lorganiste-et-compositrice-rachel-laurin-est-decedee","status":"publish","type":"post","link":"https:\/\/www.ludwig-van.com\/montreal\/2023\/08\/13\/in-memoriam-lorganiste-et-compositrice-rachel-laurin-est-decedee\/","title":{"rendered":"IN MEMORIAM | L&rsquo;organiste et compositrice Rachel Laurin est d\u00e9c\u00e9d\u00e9e"},"content":{"rendered":"<figure id=\"attachment_77418\" aria-describedby=\"caption-attachment-77418\" style=\"width: 1200px\" class=\"wp-caption alignnone\"><img decoding=\"async\" loading=\"lazy\" class=\"size-full wp-image-77418\" src=\"https:\/\/www.ludwig-van.com\/montreal\/wp-content\/uploads\/sites\/3\/2023\/08\/Copie-de-IN-MEMORIAM-obit-4.jpg\" alt=\"Rachel Laurin (1961-2023), organiste et compositrice. (Photo: Jonathan Maher)\" width=\"1200\" height=\"628\" \/><figcaption id=\"caption-attachment-77418\" class=\"wp-caption-text\">Rachel Laurin (1961-2023), organiste et compositrice. (Photo: Jonathan Maher)<\/figcaption><\/figure>\n<h3><span style=\"color: #808080;\">L&rsquo;organiste et compositrice qu\u00e9b\u00e9coise Rachel Laurin est d\u00e9c\u00e9d\u00e9e dimanche matin, 13 ao\u00fbt 2023. Elle \u00e9tait \u00e2g\u00e9e de 62 ans. La nouvelle a \u00e9t\u00e9 annonc\u00e9e par sa famille sur sa page Facebook.\u00a0<\/span><\/h3>\n<p>L&rsquo;annonce a \u00e9t\u00e9 faite en ces mots:<\/p>\n<p>\u00ab\u00a0C\u2019est avec une profonde tristesse que nous vous annon\u00e7ons que Rachel, notre s\u0153ur bien-aim\u00e9e, s\u2019est \u00e9teinte ce matin \u00e0 l\u2019h\u00f4pital St-Vincent d\u2019Ottawa o\u00f9 elle \u00e9tait hospitalis\u00e9e depuis plus d\u2019un mois. Puisse-t-elle reposer en paix. Et que sa belle musique se fasse entendre encore longtemps, gr\u00e2ce aux magnifiques interpr\u00e8tes qui continuent de lui rendre hommage \u00e0 travers le monde. Un grand merci \u00e0 tous, fid\u00e8les amis, musiciens, m\u00e9lomanes et admirateurs pour votre soutien tout au long de sa carri\u00e8re et, plus particuli\u00e8rement, durant cette derni\u00e8re ann\u00e9e o\u00f9 la maladie l\u2019a, petit \u00e0 petit, priv\u00e9e de ses plus beaux r\u00eaves et de sa grande passion, la musique.\u00a0\u00bb<\/p>\n<h3>Biographie de Rachel Laurin<\/h3>\n<p><strong>Rachel Laurin<\/strong> a \u00e9tudi\u00e9 l&rsquo;orgue et la composition avec, entre autres, Raymond Daveluy, ainsi que le piano avec Raoul Sosa.<\/p>\n<p>Sur son site web, la <a href=\"https:\/\/www.rachellaurin.com\/\" target=\"_blank\" rel=\"noopener\">biographie<\/a> de <strong>Rachel Laurin<\/strong> se lit comme suit:<\/p>\n<p>\u00ab\u00a0<em>Organiste et compositrice tr\u00e8s prolifique, <strong>Rachel Laurin<\/strong> s&rsquo;est consacr\u00e9e au concert, \u00e0 la composition, \u00e0 l\u2019animation de classes de ma\u00eetre et de conf\u00e9rences.<\/em><\/p>\n<p><em>Sa discographie comporte douze disques comme soliste ou avec divers ensembles. Elle a donn\u00e9 de nombreux r\u00e9citals dans les grandes villes du Canada, des Etats-Unis et d\u2019Europe. Elle est r\u00e9guli\u00e8rement invit\u00e9e comme concertiste, compositrice, professeur et conf\u00e9renci\u00e8re dans les universit\u00e9s canadiennes et am\u00e9ricaines. \u00c0 ce titre, elle a entre autres visit\u00e9 les Universit\u00e9s Yale, Syracuse, Baylor, St. Lawrence, l\u2019Universit\u00e9 du Kansas, l\u2019Universit\u00e9 de Houston, l\u2019Universit\u00e9 Indiana en Pennsylvanie, l\u2019Universit\u00e9 St. Thomas, le Mount Royal College et l\u2019Universit\u00e9 de l\u2019Alberta.<\/em><\/p>\n<p><em>\u200bRachel Laurin \u00e9tait \u00ab Compositrice Agr\u00e9\u00e9e \u00bb du Centre de Musique Canadienne depuis 1989. Elle a compos\u00e9 des centaines d\u2019\u0153uvres pour instruments solos, chant, formations de chambre, ch\u0153ur, et orchestre. Ces \u0153uvres sont ex\u00e9cut\u00e9es et enregistr\u00e9es fr\u00e9quemment \u00e0 l\u2019\u00e9chelle nationale et internationale, sur les cinq continents.<\/em><\/p>\n<p><em>\u200bSes compositions sont publi\u00e9es aux \u00e9ditions Doberman, aux \u00e9ditions du Nouveau Th\u00e9\u00e2tre Musical, RCCO Music Publications (Canada), Europart (France), Hinshaw Music (Fred Bock), puis aux \u00e9ditions Wayne Leupold (USA), o\u00f9 elle est \u00ab House Composer \u00bb depuis 2006.<\/em>\u00a0\u00bb<\/p>\n<h3>Hommage \u00e0 Rachel Laurin<\/h3>\n<p>On pourra entendre la musique de <strong>Rachel Laurin<\/strong> dans le cadre d&rsquo;une s\u00e9rie hommage pr\u00e9sent\u00e9e \u00e0 la <strong>Salle Bourgie<\/strong> au cours de la saison prochaine. En effet, <strong>Rachel Laurin<\/strong> devait \u00eatre compositrice en r\u00e9sidence pour la saison 2023-2024. La s\u00e9rie \u00ab\u00a0en r\u00e9sidence\u00a0\u00bb de quatre concerts deviendra une s\u00e9rie hommage. La <strong>Salle Bourgie<\/strong> confirme que les concerts d\u00e9j\u00e0 pr\u00e9vus seront maintenus.<\/p>\n<p>D&rsquo;autre part, sa pi\u00e8ce <em>Pr\u00e9lude et fugue<\/em> en sol majeur no 6 sera jou\u00e9e par l&rsquo;organiste <strong>Isabelle Demers<\/strong> au <a href=\"https:\/\/www.royalalberthall.com\/tickets\/proms\/bbc-proms-2023\/prom-54-organ-recital-with-isabelle-demers\/?fbclid=IwAR0VmThU3q8JmNTNmiWZJwmVT0EaphYMYovH9jz214QmwlNTJtPno0En1pU\" target=\"_blank\" rel=\"noopener\">Royal Albert Hall<\/a> dans le cadre des Proms de Londres le 26 ao\u00fbt prochain. Il s&rsquo;agira d&rsquo;une cr\u00e9ation.<\/p>\n<h3>Fun\u00e9railles<\/h3>\n<p>Les fun\u00e9railles auront lieu le : Vendredi, 18 ao\u00fbt \u00e0 14h en l\u2019\u00e9glise Ste-Anne \u2013 528 Old St-Patrick Road \u2013 Ottawa. Les t\u00e9moignages de sympathies peuvent se traduire par un don au <a href=\"https:\/\/canadianmusiccentre.formstack.com\/forms\/formulaire_de_don_au_cmc\" target=\"_blank\" rel=\"noopener\">Centre de musique canadienne au Qu\u00e9bec.\u00a0<\/a><\/p>\n<p><em><strong>Toutes nos sympathies \u00e0 ses proches<\/strong><\/em><\/p>\n","protected":false},"excerpt":{"rendered":"<p>L&rsquo;organiste et compositrice Rachel Laurin est d\u00e9c\u00e9d\u00e9e dimanche matin, 13 ao\u00fbt 2023. Elle \u00e9tait \u00e2g\u00e9e de 62 ans. La nouvelle a \u00e9t\u00e9 annonc\u00e9e par sa famille sur sa page Facebook.\u00a0<\/p>\n","protected":false},"author":51,"featured_media":77418,"comment_status":"open","ping_status":"open","sticky":false,"template":"","format":"standard","meta":{"om_disable_all_campaigns":false,"jetpack_post_was_ever_published":false},"categories":[42065,10956,10992,41],"tags":[42066,3753],"yst_prominent_words":[10421,11628,18469,27700,11591,12540,10581,20494,9811,12065,15951,11653,12569,9956,11030,11037],"acf":[],"jetpack_featured_media_url":"https:\/\/www.ludwig-van.com\/montreal\/wp-content\/uploads\/sites\/3\/2023\/08\/Copie-de-IN-MEMORIAM-obit-4.jpg","jetpack_sharing_enabled":true,"jetpack_shortlink":"https:\/\/wp.me\/p9bdYt-k8F","amp_enabled":true,"_links":{"self":[{"href":"https:\/\/www.ludwig-van.com\/montreal\/wp-json\/wp\/v2\/posts\/77417"}],"collection":[{"href":"https:\/\/www.ludwig-van.com\/montreal\/wp-json\/wp\/v2\/posts"}],"about":[{"href":"https:\/\/www.ludwig-van.com\/montreal\/wp-json\/wp\/v2\/types\/post"}],"author":[{"embeddable":true,"href":"https:\/\/www.ludwig-van.com\/montreal\/wp-json\/wp\/v2\/users\/51"}],"replies":[{"embeddable":true,"href":"https:\/\/www.ludwig-van.com\/montreal\/wp-json\/wp\/v2\/comments?post=77417"}],"version-history":[{"count":7,"href":"https:\/\/www.ludwig-van.com\/montreal\/wp-json\/wp\/v2\/posts\/77417\/revisions"}],"predecessor-version":[{"id":77442,"href":"https:\/\/www.ludwig-van.com\/montreal\/wp-json\/wp\/v2\/posts\/77417\/revisions\/77442"}],"wp:featuredmedia":[{"embeddable":true,"href":"https:\/\/www.ludwig-van.com\/montreal\/wp-json\/wp\/v2\/media\/77418"}],"wp:attachment":[{"href":"https:\/\/www.ludwig-van.com\/montreal\/wp-json\/wp\/v2\/media?parent=77417"}],"wp:term":[{"taxonomy":"category","embeddable":true,"href":"https:\/\/www.ludwig-van.com\/montreal\/wp-json\/wp\/v2\/categories?post=77417"},{"taxonomy":"post_tag","embeddable":true,"href":"https:\/\/www.ludwig-van.com\/montreal\/wp-json\/wp\/v2\/tags?post=77417"},{"taxonomy":"yst_prominent_words","embeddable":true,"href":"https:\/\/www.ludwig-van.com\/montreal\/wp-json\/wp\/v2\/yst_prominent_words?post=77417"}],"curies":[{"name":"wp","href":"https:\/\/api.w.org\/{rel}","templated":true}]}}