{"id":77212,"date":"2023-07-31T14:51:08","date_gmt":"2023-07-31T18:51:08","guid":{"rendered":"https:\/\/www.ludwig-van.com\/montreal\/?p=77212"},"modified":"2023-07-31T15:05:09","modified_gmt":"2023-07-31T19:05:09","slug":"communaute-de-delicieux-concerts-avec-concerts-aux-iles-du-bic","status":"publish","type":"post","link":"https:\/\/www.ludwig-van.com\/montreal\/2023\/07\/31\/communaute-de-delicieux-concerts-avec-concerts-aux-iles-du-bic\/","title":{"rendered":"COMMUNAUT\u00c9 | De d\u00e9licieux concerts avec Concerts aux \u00celes du Bic"},"content":{"rendered":"<figure id=\"attachment_77213\" aria-describedby=\"caption-attachment-77213\" style=\"width: 1200px\" class=\"wp-caption alignnone\"><img decoding=\"async\" loading=\"lazy\" class=\"size-full wp-image-77213\" src=\"https:\/\/www.ludwig-van.com\/montreal\/wp-content\/uploads\/sites\/3\/2023\/07\/Copie-de-COMMENTARY.jpg\" alt=\"\u00c9glise du Bic. (Photo: Jean-Pierre Rousseau)\" width=\"1200\" height=\"628\" \/><figcaption id=\"caption-attachment-77213\" class=\"wp-caption-text\">\u00c9glise du Bic. (Photo: Jean-Pierre Rousseau)<\/figcaption><\/figure>\n<p>&nbsp;<\/p>\n<h1 style=\"text-align: center;\"><del>Un message de Concerts aux \u00celes du Bic<\/del><\/h1>\n<p>&nbsp;<\/p>\n<p><strong>RIMOUSKI, LE 31 JUILLET 2023 <\/strong>&#8211; La 22<sup>e<\/sup> \u00e9dition des Concerts aux \u00celes du Bic est sur le point de d\u00e9buter! Du 5 ao\u00fbt au 12 ao\u00fbt, les chaleureuses sc\u00e8nes de Rimouski, Le Bic et Saint-Fabien vibreront au son de la musique de chambre. Le public aura droit \u00e0 sept concerts pour tous les go\u00fbts : du classique, du jazz et de la musique du monde. Des artistes de renoms comme Myriam Leblanc, Mathieu Gaudet et Cameron Crozman mettront le feu \u00e0 votre \u00e9t\u00e9.<\/p>\n<p>&nbsp;<\/p>\n<figure id=\"attachment_51868\" aria-describedby=\"caption-attachment-51868\" style=\"width: 800px\" class=\"wp-caption aligncenter\"><img decoding=\"async\" loading=\"lazy\" class=\"wp-image-51868 size-full\" src=\"https:\/\/www.ludwig-van.com\/montreal\/wp-content\/uploads\/sites\/3\/2018\/02\/leblanc_myriam.jpg\" alt=\"Myriam Leblanc, soprano, chantera le r\u00f4le de Gilda dans Rigoletto. (Photo: courtoisie)\" width=\"800\" height=\"533\" srcset=\"https:\/\/www.ludwig-van.com\/montreal\/wp-content\/uploads\/sites\/3\/2018\/02\/leblanc_myriam.jpg 800w, https:\/\/www.ludwig-van.com\/montreal\/wp-content\/uploads\/sites\/3\/2018\/02\/leblanc_myriam-300x200.jpg 300w, https:\/\/www.ludwig-van.com\/montreal\/wp-content\/uploads\/sites\/3\/2018\/02\/leblanc_myriam-768x512.jpg 768w\" sizes=\"(max-width: 800px) 100vw, 800px\" \/><figcaption id=\"caption-attachment-51868\" class=\"wp-caption-text\">Myriam Leblanc, soprano (Photo: courtoisie)<\/figcaption><\/figure>\n<p>Le festival s\u2019amorce avec l\u2019intemporel Vivaldi interpr\u00e9t\u00e9 par la soprano <strong>Myriam Leblanc<\/strong> et l\u2019<strong>Ensemble Mirabilia<\/strong>. Les artistes en r\u00e9sidence offrent sept rendez-vous, dont un fameux retour \u00e0 la chapelle de Saint-Fabien-sur-Mer.<\/p>\n<p>&nbsp;<\/p>\n<figure id=\"attachment_61297\" aria-describedby=\"caption-attachment-61297\" style=\"width: 1200px\" class=\"wp-caption aligncenter\"><img decoding=\"async\" loading=\"lazy\" class=\"wp-image-61297 size-full\" src=\"https:\/\/www.ludwig-van.com\/montreal\/wp-content\/uploads\/sites\/3\/2019\/09\/Mathieu-Gaudet-main-au-menton__redimensionn\u00e9e.jpg\" alt=\"Mathieu Gaudet, pianiste\" width=\"1200\" height=\"800\" srcset=\"https:\/\/www.ludwig-van.com\/montreal\/wp-content\/uploads\/sites\/3\/2019\/09\/Mathieu-Gaudet-main-au-menton__redimensionn\u00e9e.jpg 1200w, https:\/\/www.ludwig-van.com\/montreal\/wp-content\/uploads\/sites\/3\/2019\/09\/Mathieu-Gaudet-main-au-menton__redimensionn\u00e9e-300x200.jpg 300w, https:\/\/www.ludwig-van.com\/montreal\/wp-content\/uploads\/sites\/3\/2019\/09\/Mathieu-Gaudet-main-au-menton__redimensionn\u00e9e-768x512.jpg 768w, https:\/\/www.ludwig-van.com\/montreal\/wp-content\/uploads\/sites\/3\/2019\/09\/Mathieu-Gaudet-main-au-menton__redimensionn\u00e9e-1024x683.jpg 1024w\" sizes=\"(max-width: 1200px) 100vw, 1200px\" \/><figcaption id=\"caption-attachment-61297\" class=\"wp-caption-text\">Le pianiste Mathieu Gaudet (Photo : Fran\u00e7ois Desjardins)<\/figcaption><\/figure>\n<p>L\u2019\u00e9nergie des rencontres culminera au concert de cl\u00f4ture \u00ab <strong><em>Entre Vienne et Moscou : Mathieu Gaudet et ses amis <\/em><\/strong>\u00bb o\u00f9 ce dernier jouera Rachmaninov avec le virtuose Cameron Crosman au violoncelle. Voici l\u2019ensemble des concerts:<\/p>\n<ul>\n<li>5 ao\u00fbt \u00e0 20 h \u00ab <strong><em>Vivaldi : Luce e Ombra<\/em><\/strong> \u00bb \u00e0 l\u2019\u00e9glise Sainte-C\u00e9cile du Bic;<\/li>\n<li>6 ao\u00fbt \u00e0 10 h \u00ab <strong><em>Chez les Mendelssohn \u00bb <\/em><\/strong>\u00e0 l\u2019\u00e9glise Sainte-C\u00e9cile du Bic;<\/li>\n<li>9 ao\u00fbt \u00e0 20 h \u00ab <strong><em>Carte blanche \u00e0 iTromboni <\/em><\/strong>\u00bb \u00e0 l\u2019\u00e9glise de Saint-Fabien;<\/li>\n<li>10 ao\u00fbt 20 h \u00ab <strong><em>Le violoncelle \u00e9clat\u00e9 <\/em><\/strong>\u00bb \u00e0 l\u2019\u00e9glise Sainte-C\u00e9cile du Bic;<\/li>\n<li>11 ao\u00fbt 20 h \u00ab <strong><em>Didem Ba\u015far et la rhapsodie Levantine \u00bb<\/em><\/strong> au Conservatoire;<\/li>\n<li>12 ao\u00fbt \u00e0 10 h \u00ab <strong><em>Lachrim\u00e6 et love songs<\/em><\/strong> \u00bb \u00e0 la chapelle de Saint-Fabien-sur-mer;<\/li>\n<li>12 ao\u00fbt 20 h \u00ab <strong><em>Entre Vienne et Moscou : Mathieu Gaudet et ses amis<\/em><\/strong> \u00bb \u00e0 l\u2019\u00e9glise Sainte-C\u00e9cile du Bic.<\/li>\n<\/ul>\n<p>Concerts aux \u00celes du Bic est ancr\u00e9 au paysage bas-laurentien gr\u00e2ce \u00e0 ses partenaires : Hydro-Qu\u00e9bec, Desjardins, les gouvernements du Canada et du Qu\u00e9bec (dont le CALQ et Tourisme Qu\u00e9bec) ainsi que la Ville de Rimouski et ses g\u00e9n\u00e9reux Compagnons.<\/p>\n<p>&nbsp;<\/p>\n<p style=\"text-align: center;\"><strong><a href=\"https:\/\/www.concertsauxilesdubic.org\/choisirconcerts\" target=\"_blank\" rel=\"noopener\">PROCUREZ-VOUS VOS BILLETS D\u00c8S MAINTENANT<\/a><\/strong><\/p>\n<p style=\"text-align: center;\">Les prix varient entre 15$ et 42$.<\/p>\n<p><em>Ce communiqu\u00e9 de presse est publi\u00e9 dans le cadre de nos services aux membres de Ludwig van Montr\u00e9al. Pour conna\u00eetre nos produits et services, \u00e9crivez-nous \u00e0 <\/em><a href=\"mailto:caroline@ludwig-van.com\" target=\"_blank\" rel=\"noopener\">caroline@ludwig-van.com\u00a0<\/a><\/p>\n<h2><em>Inscrivez-vous \u00e0 notre infolettre! La musique classique et l&rsquo;op\u00e9ra en 5 minutes, chaque jour<\/em> \u00a0<span style=\"color: #ff0000;\"><a style=\"color: #ff0000;\" href=\"https:\/\/ludwig-van.us9.list-manage.com\/subscribe?u=4f785cb3f9058f2393ccad035&amp;id=b9b160c032\" target=\"_blank\" rel=\"noopener noreferrer\">ICI\u00a0<\/a><\/span><\/h2>\n","protected":false},"excerpt":{"rendered":"<p>La 22e \u00e9dition des Concerts aux \u00celes du Bic est sur le point de d\u00e9buter! Du 5 ao\u00fbt au 12 ao\u00fbt, les chaleureuses sc\u00e8nes de Rimouski, Le Bic et Saint-Fabien vibreront au son de la musique de chambre.<\/p>\n","protected":false},"author":1,"featured_media":77213,"comment_status":"open","ping_status":"open","sticky":false,"template":"","format":"standard","meta":{"om_disable_all_campaigns":false,"jetpack_post_was_ever_published":false},"categories":[42065,10956,13504],"tags":[],"yst_prominent_words":[22837,10159,25289,25287,21241,33341,13800,13814],"acf":[],"jetpack_featured_media_url":"https:\/\/www.ludwig-van.com\/montreal\/wp-content\/uploads\/sites\/3\/2023\/07\/Copie-de-COMMENTARY.jpg","jetpack_sharing_enabled":true,"jetpack_shortlink":"https:\/\/wp.me\/p9bdYt-k5m","amp_enabled":true,"_links":{"self":[{"href":"https:\/\/www.ludwig-van.com\/montreal\/wp-json\/wp\/v2\/posts\/77212"}],"collection":[{"href":"https:\/\/www.ludwig-van.com\/montreal\/wp-json\/wp\/v2\/posts"}],"about":[{"href":"https:\/\/www.ludwig-van.com\/montreal\/wp-json\/wp\/v2\/types\/post"}],"author":[{"embeddable":true,"href":"https:\/\/www.ludwig-van.com\/montreal\/wp-json\/wp\/v2\/users\/1"}],"replies":[{"embeddable":true,"href":"https:\/\/www.ludwig-van.com\/montreal\/wp-json\/wp\/v2\/comments?post=77212"}],"version-history":[{"count":3,"href":"https:\/\/www.ludwig-van.com\/montreal\/wp-json\/wp\/v2\/posts\/77212\/revisions"}],"predecessor-version":[{"id":77220,"href":"https:\/\/www.ludwig-van.com\/montreal\/wp-json\/wp\/v2\/posts\/77212\/revisions\/77220"}],"wp:featuredmedia":[{"embeddable":true,"href":"https:\/\/www.ludwig-van.com\/montreal\/wp-json\/wp\/v2\/media\/77213"}],"wp:attachment":[{"href":"https:\/\/www.ludwig-van.com\/montreal\/wp-json\/wp\/v2\/media?parent=77212"}],"wp:term":[{"taxonomy":"category","embeddable":true,"href":"https:\/\/www.ludwig-van.com\/montreal\/wp-json\/wp\/v2\/categories?post=77212"},{"taxonomy":"post_tag","embeddable":true,"href":"https:\/\/www.ludwig-van.com\/montreal\/wp-json\/wp\/v2\/tags?post=77212"},{"taxonomy":"yst_prominent_words","embeddable":true,"href":"https:\/\/www.ludwig-van.com\/montreal\/wp-json\/wp\/v2\/yst_prominent_words?post=77212"}],"curies":[{"name":"wp","href":"https:\/\/api.w.org\/{rel}","templated":true}]}}