{"id":77129,"date":"2023-07-26T14:48:09","date_gmt":"2023-07-26T18:48:09","guid":{"rendered":"https:\/\/www.ludwig-van.com\/montreal\/?p=77129"},"modified":"2023-07-26T14:48:09","modified_gmt":"2023-07-26T18:48:09","slug":"nouvelle-un-second-poste-pour-le-chef-adam-johnson-en-un-mois","status":"publish","type":"post","link":"https:\/\/www.ludwig-van.com\/montreal\/2023\/07\/26\/nouvelle-un-second-poste-pour-le-chef-adam-johnson-en-un-mois\/","title":{"rendered":"NOUVELLE | Un second poste pour le chef Adam Johnson en un mois"},"content":{"rendered":"<figure id=\"attachment_77136\" aria-describedby=\"caption-attachment-77136\" style=\"width: 1200px\" class=\"wp-caption alignnone\"><img decoding=\"async\" loading=\"lazy\" class=\"size-full wp-image-77136\" src=\"https:\/\/www.ludwig-van.com\/montreal\/wp-content\/uploads\/sites\/3\/2023\/07\/Adam-Johnson-credit-Pierre-Poulin.jpg\" alt=\"Adam Johnson, chef d'orchestre. (Photo: Pierre Poulin)\" width=\"1200\" height=\"628\" \/><figcaption id=\"caption-attachment-77136\" class=\"wp-caption-text\">Adam Johnson, chef d&rsquo;orchestre. (Photo: Pierre Poulin)<\/figcaption><\/figure>\n<h3><span style=\"color: #808080;\">Adam Johnson, qui a \u00e9t\u00e9 chef assistant et chef en r\u00e9sidence de l&rsquo;OSM entre 2016 et 2019, vient d&rsquo;\u00eatre nomm\u00e9 directeur musical du Guelph Symphony Orchestra (Orchestre symphonique de Guelph) en Ontario.\u00a0<\/span><\/h3>\n<p>Il s&rsquo;agit d&rsquo;une seconde nomination en moins d&rsquo;un mois pour le musicien, qui a \u00e9galement \u00e9t\u00e9 nomm\u00e9 \u00e0 la t\u00eate du\u00a0 <strong>Baton Rouge Symphony Orchestra<\/strong>, en Louisiane, o\u00f9 il entrera en poste cet automne.<\/p>\n<p>\u00ab\u00a0D&rsquo;autres nouvelles excitantes, a fait savoir le chef sur sa page Facebook. Je suis heureux et honor\u00e9 d&rsquo;avoir \u00e9t\u00e9 choisi comme directeur musical de l&rsquo;Orchestre symphonique de Guelph, \u00e0 partir de cet automne. J&rsquo;ai v\u00e9cu une exp\u00e9rience profond\u00e9ment \u00e9mouvante lorsque j&rsquo;ai dirig\u00e9 l&rsquo;OSG pour la premi\u00e8re fois en 2019, et je suis enthousiaste \u00e0 l&rsquo;id\u00e9e de mener l&rsquo;orchestre vers une nouvelle \u00e8re de croissance et de cr\u00e9ation musicale significative. C&rsquo;est fabuleux de pouvoir travailler ensemble pour construire et fa\u00e7onner l&rsquo;avenir de l&rsquo;orchestre et de la sc\u00e8ne artistique \u00e0 Guelph &#8211; ma mission est d&rsquo;aider le plus grand nombre possible de personnes \u00e0 appr\u00e9cier cette incroyable forme d&rsquo;art !<\/p>\n<p>Comme beaucoup me l&rsquo;ont d\u00e9j\u00e0 demand\u00e9 \u00e0 la suite de ma nomination au poste de directeur musical \u00e0 B\u00e2ton Rouge, je partagerai mon temps entre Montr\u00e9al, B\u00e2ton Rouge et Guelph, tout en poursuivant les relations que j&rsquo;ai la chance d&rsquo;entretenir en tant que chef d&rsquo;orchestre invit\u00e9 avec tant de merveilleux orchestres.\u00a0\u00bb<\/p>\n<p>La carri\u00e8re d&rsquo;<strong>Adam Johnson, <\/strong>qui est natif de Windsor (Ontario) prend une belle vitesse de croisi\u00e8re avec ces deux nominations.<\/p>\n<p>D&rsquo;autre part, il recevait r\u00e9cemment une lettre de Jamie Bernstein, la fille de Leonard Bernstein, le f\u00e9licitant pour son travail de ces derni\u00e8res ann\u00e9es avec l&rsquo;OSM, en particulier dans le cadre de la pr\u00e9sentation de l&rsquo;op\u00e9ra <em>A Quiet Place<\/em>.<\/p>\n<p>&nbsp;<\/p>\n<p>&nbsp;<\/p>\n<p style=\"text-align: center;\"><img decoding=\"async\" loading=\"lazy\" class=\"alignnone size-full wp-image-77132\" src=\"https:\/\/www.ludwig-van.com\/montreal\/wp-content\/uploads\/sites\/3\/2023\/07\/lettre-de-Jamie-Bernstein.jpg\" alt=\"\" width=\"978\" height=\"978\" \/><\/p>\n<p>&nbsp;<\/p>\n<p><em><strong>Toutes nos f\u00e9licitations \u00e0 Adam Johnson!<\/strong><\/em><\/p>\n<h2><em>Inscrivez-vous \u00e0 notre infolettre! La musique classique et l&rsquo;op\u00e9ra en 5 minutes, chaque jour<\/em> \u00a0<span style=\"color: #ff0000;\"><a style=\"color: #ff0000;\" href=\"https:\/\/ludwig-van.us9.list-manage.com\/subscribe?u=4f785cb3f9058f2393ccad035&amp;id=b9b160c032\" target=\"_blank\" rel=\"noopener noreferrer\">ICI\u00a0<\/a><\/span><\/h2>\n","protected":false},"excerpt":{"rendered":"<p>Adam Johnson, qui a \u00e9t\u00e9 chef assistant et chef en r\u00e9sidence de l&rsquo;OSM entre 2016 et 2019, vient d&rsquo;\u00eatre nomm\u00e9 directeur musical du Guelph Symphony Orchestra (Orchestre symphonique de Guelph) en Ontario.\u00a0<\/p>\n","protected":false},"author":51,"featured_media":77136,"comment_status":"open","ping_status":"open","sticky":false,"template":"","format":"standard","meta":{"om_disable_all_campaigns":false,"jetpack_post_was_ever_published":false},"categories":[42065,10956,10992],"tags":[42066,24101,4485],"yst_prominent_words":[16241,24085,10439,10006,10330,10444,9856,9847,14793,9813,10443,6735,17363,6613,25191,6637,6826],"acf":[],"jetpack_featured_media_url":"https:\/\/www.ludwig-van.com\/montreal\/wp-content\/uploads\/sites\/3\/2023\/07\/Adam-Johnson-credit-Pierre-Poulin.jpg","jetpack_sharing_enabled":true,"jetpack_shortlink":"https:\/\/wp.me\/p9bdYt-k41","amp_enabled":true,"_links":{"self":[{"href":"https:\/\/www.ludwig-van.com\/montreal\/wp-json\/wp\/v2\/posts\/77129"}],"collection":[{"href":"https:\/\/www.ludwig-van.com\/montreal\/wp-json\/wp\/v2\/posts"}],"about":[{"href":"https:\/\/www.ludwig-van.com\/montreal\/wp-json\/wp\/v2\/types\/post"}],"author":[{"embeddable":true,"href":"https:\/\/www.ludwig-van.com\/montreal\/wp-json\/wp\/v2\/users\/51"}],"replies":[{"embeddable":true,"href":"https:\/\/www.ludwig-van.com\/montreal\/wp-json\/wp\/v2\/comments?post=77129"}],"version-history":[{"count":2,"href":"https:\/\/www.ludwig-van.com\/montreal\/wp-json\/wp\/v2\/posts\/77129\/revisions"}],"predecessor-version":[{"id":77143,"href":"https:\/\/www.ludwig-van.com\/montreal\/wp-json\/wp\/v2\/posts\/77129\/revisions\/77143"}],"wp:featuredmedia":[{"embeddable":true,"href":"https:\/\/www.ludwig-van.com\/montreal\/wp-json\/wp\/v2\/media\/77136"}],"wp:attachment":[{"href":"https:\/\/www.ludwig-van.com\/montreal\/wp-json\/wp\/v2\/media?parent=77129"}],"wp:term":[{"taxonomy":"category","embeddable":true,"href":"https:\/\/www.ludwig-van.com\/montreal\/wp-json\/wp\/v2\/categories?post=77129"},{"taxonomy":"post_tag","embeddable":true,"href":"https:\/\/www.ludwig-van.com\/montreal\/wp-json\/wp\/v2\/tags?post=77129"},{"taxonomy":"yst_prominent_words","embeddable":true,"href":"https:\/\/www.ludwig-van.com\/montreal\/wp-json\/wp\/v2\/yst_prominent_words?post=77129"}],"curies":[{"name":"wp","href":"https:\/\/api.w.org\/{rel}","templated":true}]}}