{"id":77100,"date":"2023-07-25T14:31:20","date_gmt":"2023-07-25T18:31:20","guid":{"rendered":"https:\/\/www.ludwig-van.com\/montreal\/?p=77100"},"modified":"2023-07-25T14:42:56","modified_gmt":"2023-07-25T18:42:56","slug":"actualites-les-nouvelles-et-concerts-en-musique-classique-cette-semaine","status":"publish","type":"post","link":"https:\/\/www.ludwig-van.com\/montreal\/2023\/07\/25\/actualites-les-nouvelles-et-concerts-en-musique-classique-cette-semaine\/","title":{"rendered":"ACTUALIT\u00c9S | Les nouvelles et concerts en musique classique cette semaine"},"content":{"rendered":"<figure id=\"attachment_77108\" aria-describedby=\"caption-attachment-77108\" style=\"width: 1200px\" class=\"wp-caption alignnone\"><img decoding=\"async\" loading=\"lazy\" class=\"size-full wp-image-77108\" src=\"https:\/\/www.ludwig-van.com\/montreal\/wp-content\/uploads\/sites\/3\/2023\/07\/Copie-de-CONCERTS-2023-07-25T142635.642.jpg\" alt=\"Simon Rivard (photo Tam Lam Truong); Lyne Fortin (photo: courtoisie); \u00c9ric-Emmanuel Schmitt (Photo: page Facebook d'\u00c9ric-Emmanuel Schmitt)\" width=\"1200\" height=\"628\" \/><figcaption id=\"caption-attachment-77108\" class=\"wp-caption-text\">Simon Rivard (photo Tam Lam Truong); Lyne Fortin (photo: courtoisie); \u00c9ric-Emmanuel Schmitt (Photo: page Facebook d&rsquo;\u00c9ric-Emmanuel Schmitt)<\/figcaption><\/figure>\n<h3><span style=\"color: #808080;\">Notre chronique <em>Actualit\u00e9s<\/em> en formule estivale vous pr\u00e9sente les principaux concerts \u00e0 venir au Qu\u00e9bec dans la m\u00eame semaine ainsi que des nouvelles \u00e0 conna\u00eetre en musique classique. Pour ne rien rater, abonnez-vous \u00e0 notre infolettre, c&rsquo;est gratuit! <a href=\"https:\/\/ludwig-van.us9.list-manage.com\/subscribe?u=4f785cb3f9058f2393ccad035&amp;id=b9b160c032\" target=\"_blank\" rel=\"noopener\">Par ici!<\/a><\/span><\/h3>\n<h2>Les principaux concerts, du 25 au 30 juillet 2023<\/h2>\n<h3>Concerts de l&rsquo;OSM dans les parcs<\/h3>\n<p>Un programme vari\u00e9 sous la direction de Simon Rivard, qui fait ses d\u00e9buts \u00e0 l&rsquo;OSM; avec Andr\u00e9 Moisan, clarinette basse et saxophone de l&rsquo;OSM, Suzanne Taffot, soprano, et l&rsquo;animateur Andr\u00e9 Robitaille.<\/p>\n<ul>\n<li>Le 26 juillet \u00e0 Blainville <a href=\"https:\/\/www.osm.ca\/fr\/concerts\/losm-dans-les-parcs-blainville\/\" target=\"_blank\" rel=\"noopener\">D\u00c9TAILS<\/a><\/li>\n<li>Le 27 juillet \u00e0 Brossard <a href=\"https:\/\/www.osm.ca\/fr\/concerts\/losm-dans-les-parcs-brossard\/\" target=\"_blank\" rel=\"noopener\">D\u00c9TAILS<\/a><\/li>\n<li>Le 28 juillet \u00e0 Montr\u00e9al, parc Jarry <a href=\"https:\/\/www.osm.ca\/fr\/concerts\/losm-dans-les-parcs-montreal\/\" target=\"_blank\" rel=\"noopener\">D\u00c9TAILS<\/a><\/li>\n<li>Le 29 juillet \u00e0 Terrebonne <a href=\"https:\/\/www.osm.ca\/fr\/concerts\/losm-dans-les-parcs-terrebonne\/\" target=\"_blank\" rel=\"noopener\">D\u00c9TAILS<\/a><\/li>\n<\/ul>\n<h3>Festival de Lanaudi\u00e8re<\/h3>\n<ul>\n<li><em>Strauss au sommet<\/em>, avec l&rsquo;OM, direction Yannick N\u00e9zet-S\u00e9guin, le 28 juillet, 20 h &#8211; <a href=\"https:\/\/lanaudiere.org\/fr\/programmation\/strauss-au-sommet\/\" target=\"_blank\" rel=\"noopener\">D\u00c9TAILS<\/a><\/li>\n<li><em>Hamelin et l&rsquo;Everest Rachmaninov<\/em> (OM, YNS et Marc-Andr\u00e9 Hamelin), le 29 juillet, 16 h <a href=\"https:\/\/lanaudiere.org\/fr\/programmation\/hamelin-et-leverest-rachmaninov\/\" target=\"_blank\" rel=\"noopener\">D\u00c9TAILS<\/a><\/li>\n<\/ul>\n<h3>Festival d&rsquo;op\u00e9ra de Qu\u00e9bec<\/h3>\n<p>Du 23 juillet au 2 ao\u00fbt, le Festival d&rsquo;op\u00e9ra de Qu\u00e9bec vous propose plusieurs productions en salle ainsi que des activit\u00e9s gratuites.<\/p>\n<ul>\n<li><em>Rom\u00e9o et Juliette<\/em>, du 28 juillet au 1er ao\u00fbt, Grand Th\u00e9\u00e2tre de Qu\u00e9bec <a href=\"https:\/\/operadequebec.com\/romeo-et-juliette\/\" target=\"_blank\" rel=\"noopener\">D\u00c9TAILS<\/a><\/li>\n<li><em>Messe solennelle pour une pleine lune d&rsquo;\u00e9t\u00e9<\/em>, du 29 juillet au 2 ao\u00fbt, Palais Montcalm <a href=\"https:\/\/operadequebec.com\/messe-solennelle-pour-une-pleine-lune-d-ete\/\" target=\"_blank\" rel=\"noopener\">D\u00c9TAILS<\/a><\/li>\n<li>La fille sans r\u00e9giment, production des JMC au Th\u00e9\u00e2tre La Bord\u00e9e du 26 au 29 juillet<a href=\"https:\/\/operadequebec.com\/la-fille-sans-regiment\/\" target=\"_blank\" rel=\"noopener\"> D\u00c9TAILS<\/a><\/li>\n<li>\u00c9v\u00e9nements ext\u00e9rieurs gratuits <a href=\"https:\/\/operadequebec.com\/festival-activites-exterieures-gratuites\/\" target=\"_blank\" rel=\"noopener\">D\u00c9TAILS<\/a><\/li>\n<\/ul>\n<h3>Orford Musique<\/h3>\n<ul>\n<li><em>Winterreise: Sly et Godin<\/em>, le 28 juillet, 19 h 30 <a href=\"https:\/\/www.orford.mu\/concerts-et-evenements\/winterreise\/\" target=\"_blank\" rel=\"noopener\">D\u00c9TAILS <\/a><\/li>\n<li><em>Beaus\u00e9jour \u00e0 l&rsquo;Abbaye<\/em>, le 29 juillet, 14 h, Abbaye de Saint-Beno\u00eet-du-Lac <a href=\"https:\/\/www.orford.mu\/concerts-et-evenements\/beausejour-abbaye\/\" target=\"_blank\" rel=\"noopener\">D\u00c9TAILS <\/a><\/li>\n<\/ul>\n<h3>Domaine Forget de Charlevoix<\/h3>\n<ul>\n<li>Un pont entre les si\u00e8cles, musique de chambre pour cordes, le 28 juillet, 20 h <a href=\"https:\/\/www.domaineforget.com\/programmation\/festival\/un-pont-entre-les-siecles\/?from=1162&amp;from_p=%3fdf%3d%26dt%3d%26s%3d4931%26p%3d1%26_%3d1690308863877\" target=\"_blank\" rel=\"noopener\">D\u00c9TAILS<\/a><\/li>\n<li>Suite Tango, le 20 juillet, 20 h, <a href=\"https:\/\/www.domaineforget.com\/programmation\/festival\/suite-tango\/?from=1162&amp;from_p=%3fdf%3d%26dt%3d%26s%3d4931%26p%3d1\" target=\"_blank\" rel=\"noopener\">D\u00c9TAILS<\/a><\/li>\n<li>Musique pour la paix, r\u00e9cital du pianiste Illia Ovcharenko, le 30 juillet, 15 <a href=\"https:\/\/www.domaineforget.com\/programmation\/festival\/illia-ovcharenko\/?from=1162&amp;from_p=%3fdf%3d%26dt%3d%26s%3d4931%26p%3d1\" target=\"_blank\" rel=\"noopener\">D\u00c9TAILS<\/a><\/li>\n<\/ul>\n<p>&nbsp;<\/p>\n<h2>Actualit\u00e9s<\/h2>\n<figure id=\"attachment_77102\" aria-describedby=\"caption-attachment-77102\" style=\"width: 560px\" class=\"wp-caption aligncenter\"><img decoding=\"async\" loading=\"lazy\" class=\"size-full wp-image-77102\" src=\"https:\/\/www.ludwig-van.com\/montreal\/wp-content\/uploads\/sites\/3\/2023\/07\/Eric-Emmanuel-Schmitt.jpg\" alt=\"\u00c9ric-Emmanuel Schmitt pr\u00e9sentera l'adaptation de son livre Madame Pylinska et le Secret de Chopin sur la sc\u00e8ne du Th\u00e9\u00e2tre Maisonneuve en 2024 (Photo: page Facebook de l'artiste)\" width=\"560\" height=\"560\" \/><figcaption id=\"caption-attachment-77102\" class=\"wp-caption-text\">\u00c9ric-Emmanuel Schmitt pr\u00e9sentera l&rsquo;adaptation de son livre Madame Pylinska et le Secret de Chopin sur la sc\u00e8ne du Th\u00e9\u00e2tre Maisonneuve en 2024 (Photo: page Facebook de l&rsquo;artiste)<\/figcaption><\/figure>\n<h3>L&rsquo;auteur \u00c9ric-Emmanuel Schmitt de retour \u00e0 Montr\u00e9al en 2024<\/h3>\n<p>Apr\u00e8s plus de cinq ans d\u2019absence sur sc\u00e8ne au Qu\u00e9bec, <strong>\u00c9ric-Emmanuel Schmitt<\/strong> sera de retour avec <em>Madame Pylinska et le secret de Chopin<\/em>, un r\u00e9cit paru en 2018 et fait partie de son Cycle de l&rsquo;invisible.<\/p>\n<p>Apr\u00e8s <em>Ma vie avec Mozart<\/em> et <em>Quand je pense que Beethoven est mort alors que tant de cr\u00e9tins vivent<\/em>, deux autres r\u00e9cits \u00e0 saveur autobiographiques, l&rsquo;\u00e9crivain fran\u00e7ais raconte maintenant cette histoire, une professeure polonaise (Madame Pylinska) et Fr\u00e9d\u00e9ric Chopin occupent une place importante. Dans ce monologue th\u00e9\u00e2tral, il fait vivre plusieurs personnages color\u00e9s, accompagn\u00e9 du pianiste Nicolas Stavy, tout en explorant l\u2019\u0153uvre de Chopin.<\/p>\n<p><strong>Le 11 juin 2024, au Th\u00e9\u00e2tre Maisonneuve<\/strong> <a href=\"https:\/\/placedesarts.com\/fr\/evenement\/madame-pylinska-et-le-secret-de-chopin?utm_source=dialoginsight&amp;utm_medium=email&amp;utm_campaign=B4232&amp;camefrom=PDA-MEV-230720&amp;oft_id=7879871&amp;oft_k=1VYVgkkq&amp;oft_lk=tig3V0&amp;oft_d=638258884925900000\" target=\"_blank\" rel=\"noopener\">D\u00c9TAILS ET BILLETS<\/a><\/p>\n<p>&nbsp;<\/p>\n<figure id=\"attachment_67761\" aria-describedby=\"caption-attachment-67761\" style=\"width: 831px\" class=\"wp-caption alignnone\"><img decoding=\"async\" loading=\"lazy\" class=\"size-full wp-image-67761\" src=\"https:\/\/www.ludwig-van.com\/montreal\/wp-content\/uploads\/sites\/3\/2021\/09\/Jeremy-Denk.jpg\" alt=\"Le pianiste am\u00e9ricain Jeremy Denk sera pr\u00e9sent \u00e0 la Vir\u00e9e classique 2023 (Photo: courtoisie)\" width=\"831\" height=\"545\" \/><figcaption id=\"caption-attachment-67761\" class=\"wp-caption-text\">Le pianiste am\u00e9ricain Jeremy Denk sera pr\u00e9sent \u00e0 la Vir\u00e9e classique 2023 (Photo: courtoisie)<\/figcaption><\/figure>\n<h3>Changement de pianiste pour la Vir\u00e9e classique<\/h3>\n<p><strong>L\u2019Orchestre symphonique de Montr\u00e9al<\/strong> informe le public que pour des raisons personnelles, le pianiste <strong>Francesco Piemontesi<\/strong> a d\u00fb annuler sa pr\u00e9sence \u00e0 la <strong>Vir\u00e9e classique 2023<\/strong>. Pour les trois concerts auxquels il devait prendre part, il sera remplac\u00e9 par le pianiste am\u00e9ricain <strong>Jeremy Denk<\/strong>. Le programme du concert pr\u00e9sent\u00e9 le vendredi 18 ao\u00fbt \u00e0 18h30 \u00e0 la Maison symphonique ainsi que celui pr\u00e9sent\u00e9 le samedi 19 ao\u00fbt \u00e0 11h \u00e0 la salle Wilfrid-Pelletier demeurent inchang\u00e9s. Les \u0153uvres initialement pr\u00e9vues pour le r\u00e9cital pr\u00e9sent\u00e9 le dimanche 20 ao\u00fbt \u00e0 11 h \u00e0 la salle Wilfrid-Pelletier ont quant \u00e0 elles \u00e9t\u00e9 remplac\u00e9es.<\/p>\n<p>&nbsp;<\/p>\n<figure id=\"attachment_50052\" aria-describedby=\"caption-attachment-50052\" style=\"width: 1024px\" class=\"wp-caption aligncenter\"><img decoding=\"async\" loading=\"lazy\" class=\"wp-image-50052 size-full\" src=\"https:\/\/www.ludwig-van.com\/montreal\/wp-content\/uploads\/sites\/3\/2017\/11\/Andre-Gagnon_web.jpg\" alt=\"L'album Neiges, d'Andr\u00e9 Gagnon, a \u00e9t\u00e9 vendu \u00e0 700 000 copies apr\u00e8s sa sortie, en 1975. Le spectacle reprend la pi\u00e8ce titre dans de nouveaux arrangements r\u00e9alis\u00e9s par St\u00e9phane Aubin.\" width=\"1024\" height=\"576\" srcset=\"https:\/\/www.ludwig-van.com\/montreal\/wp-content\/uploads\/sites\/3\/2017\/11\/Andre-Gagnon_web.jpg 1024w, https:\/\/www.ludwig-van.com\/montreal\/wp-content\/uploads\/sites\/3\/2017\/11\/Andre-Gagnon_web-300x169.jpg 300w, https:\/\/www.ludwig-van.com\/montreal\/wp-content\/uploads\/sites\/3\/2017\/11\/Andre-Gagnon_web-768x432.jpg 768w\" sizes=\"(max-width: 1024px) 100vw, 1024px\" \/><figcaption id=\"caption-attachment-50052\" class=\"wp-caption-text\">L&rsquo;album Neiges, d&rsquo;Andr\u00e9 Gagnon, a \u00e9t\u00e9 vendu \u00e0 700 000 copies apr\u00e8s sa sortie, en 1975. Le spectacle reprend la pi\u00e8ce titre dans de nouveaux arrangements r\u00e9alis\u00e9s par St\u00e9phane Aubin.<\/figcaption><\/figure>\n<h3>Le retour des 4 saisons d&rsquo;Andr\u00e9 Gagnon<\/h3>\n<p>Trois ans apr\u00e8s <a href=\"https:\/\/www.ludwig-van.com\/montreal\/2020\/12\/03\/in-memoriam-compositeur-pianiste-quebecois-andre-gagnon-decede\/#:~:text=Le%20pianiste%20et%20compositeur%20qu%C3%A9b%C3%A9cois,%C3%A9tait%20%C3%A2g%C3%A9%20de%2084%20ans.\" target=\"_blank\" rel=\"noopener\">la mort du compositeur qu\u00e9b\u00e9cois<\/a>, qui nous a quitt\u00e9s en d\u00e9cembre 2020, le spectacle-hommage <a href=\"https:\/\/www.ludwig-van.com\/montreal\/2017\/11\/30\/50051-quatre-saisons-andre-gagnon\/\" target=\"_blank\" rel=\"noopener\">Les 4 saisons d&rsquo;Andr\u00e9 Gagnon<\/a>, sera de retour en version symphonique avec un orchestre de 30 musiciens le 3 d\u00e9cembre \u00e0 14 h sur la sc\u00e8ne du Th\u00e9\u00e2tre Maisonneuve \u00e0 Montr\u00e9al et le jeudi 7 d\u00e9cembre \u00e0 19 h 30 au Palais Montcalm \u00e0 Qu\u00e9bec. Pr\u00e9sent\u00e9e 50 fois en tourn\u00e9e \u00e0 travers le Qu\u00e9bec, cette production de l&rsquo;<strong>Agence Station Bleue<\/strong> s&rsquo;est m\u00e9rit\u00e9 le prix Rideau.<\/p>\n<p>Ce sera une nouvelle occasion pour le public de renouer avec les plus belles musiques du compositeur (Wow, Neige, Petit concerto pour Jean Carignan et bien d\u2019autres), revisit\u00e9es et interpr\u00e9t\u00e9es par le pianiste et arrangeur St\u00e9phane Aubin (Belles-s\u0153urs, Quartango). La<br \/>\nchanteuse et com\u00e9dienne\u00a0Kathleen Fortin\u00a0(Unit\u00e9 9, Demain matin, Montr\u00e9al m\u2019attend,\u00a0Belles-<br \/>\ns\u0153urs) se joindra \u00e0 l\u2019orchestre pour interpr\u00e9ter des extraits de l\u2019op\u00e9ra\u00a0Nelligan\u00a0et quelques surprises.<\/p>\n<p><a href=\"https:\/\/placedesarts.com\/fr\/evenement\/les-4-saisons-dandre-gagnon-symphonique\" target=\"_blank\" rel=\"noopener\">D\u00c9TAILS ET BILLETS POUR MONTR\u00c9AL<\/a><\/p>\n<p><a href=\"https:\/\/www.palaismontcalm.ca\/concert-spectacle-quebec\/les-4-saisons-dandre-gagnon-symphonique\/\" target=\"_blank\" rel=\"noopener\">D\u00c9TAILS ET BILLETS POUR QU\u00c9BEC<\/a><\/p>\n<h2><em>Inscrivez-vous \u00e0 notre infolettre! La musique classique et l&rsquo;op\u00e9ra en 5 minutes, chaque jour<\/em> \u00a0<span style=\"color: #ff0000;\"><a style=\"color: #ff0000;\" href=\"https:\/\/ludwig-van.us9.list-manage.com\/subscribe?u=4f785cb3f9058f2393ccad035&amp;id=b9b160c032\" target=\"_blank\" rel=\"noopener noreferrer\">ICI\u00a0<\/a><\/span><\/h2>\n","protected":false},"excerpt":{"rendered":"<p>Notre chronique Actualit\u00e9s en formule estivale vous pr\u00e9sente les principaux concerts \u00e0 venir dans la m\u00eame semaine ainsi que des nouvelles \u00e0 conna\u00eetre en musique classique.<\/p>\n","protected":false},"author":51,"featured_media":77108,"comment_status":"open","ping_status":"open","sticky":false,"template":"","format":"standard","meta":{"om_disable_all_campaigns":false,"jetpack_post_was_ever_published":false},"categories":[42065,10956,10992],"tags":[42066,14361,15897,2521,4485,25411],"yst_prominent_words":[9863,24729,24728,24732,26739,14167,26052,11891,23409,31448],"acf":[],"jetpack_featured_media_url":"https:\/\/www.ludwig-van.com\/montreal\/wp-content\/uploads\/sites\/3\/2023\/07\/Copie-de-CONCERTS-2023-07-25T142635.642.jpg","jetpack_sharing_enabled":true,"jetpack_shortlink":"https:\/\/wp.me\/p9bdYt-k3y","amp_enabled":true,"_links":{"self":[{"href":"https:\/\/www.ludwig-van.com\/montreal\/wp-json\/wp\/v2\/posts\/77100"}],"collection":[{"href":"https:\/\/www.ludwig-van.com\/montreal\/wp-json\/wp\/v2\/posts"}],"about":[{"href":"https:\/\/www.ludwig-van.com\/montreal\/wp-json\/wp\/v2\/types\/post"}],"author":[{"embeddable":true,"href":"https:\/\/www.ludwig-van.com\/montreal\/wp-json\/wp\/v2\/users\/51"}],"replies":[{"embeddable":true,"href":"https:\/\/www.ludwig-van.com\/montreal\/wp-json\/wp\/v2\/comments?post=77100"}],"version-history":[{"count":8,"href":"https:\/\/www.ludwig-van.com\/montreal\/wp-json\/wp\/v2\/posts\/77100\/revisions"}],"predecessor-version":[{"id":77110,"href":"https:\/\/www.ludwig-van.com\/montreal\/wp-json\/wp\/v2\/posts\/77100\/revisions\/77110"}],"wp:featuredmedia":[{"embeddable":true,"href":"https:\/\/www.ludwig-van.com\/montreal\/wp-json\/wp\/v2\/media\/77108"}],"wp:attachment":[{"href":"https:\/\/www.ludwig-van.com\/montreal\/wp-json\/wp\/v2\/media?parent=77100"}],"wp:term":[{"taxonomy":"category","embeddable":true,"href":"https:\/\/www.ludwig-van.com\/montreal\/wp-json\/wp\/v2\/categories?post=77100"},{"taxonomy":"post_tag","embeddable":true,"href":"https:\/\/www.ludwig-van.com\/montreal\/wp-json\/wp\/v2\/tags?post=77100"},{"taxonomy":"yst_prominent_words","embeddable":true,"href":"https:\/\/www.ludwig-van.com\/montreal\/wp-json\/wp\/v2\/yst_prominent_words?post=77100"}],"curies":[{"name":"wp","href":"https:\/\/api.w.org\/{rel}","templated":true}]}}