{"id":77037,"date":"2023-07-17T14:41:02","date_gmt":"2023-07-17T18:41:02","guid":{"rendered":"https:\/\/www.ludwig-van.com\/montreal\/?p=77037"},"modified":"2023-07-17T17:49:11","modified_gmt":"2023-07-17T21:49:11","slug":"actualites-nouvelles-en-musique-classique-et-principaux-concerts-de-la-semaine","status":"publish","type":"post","link":"https:\/\/www.ludwig-van.com\/montreal\/2023\/07\/17\/actualites-nouvelles-en-musique-classique-et-principaux-concerts-de-la-semaine\/","title":{"rendered":"ACTUALIT\u00c9S | Nouvelles en musique classique et principaux concerts de la semaine"},"content":{"rendered":"<figure id=\"attachment_77046\" aria-describedby=\"caption-attachment-77046\" style=\"width: 1200px\" class=\"wp-caption alignnone\"><img decoding=\"async\" loading=\"lazy\" class=\"size-full wp-image-77046\" src=\"https:\/\/www.ludwig-van.com\/montreal\/wp-content\/uploads\/sites\/3\/2023\/07\/Copie-de-CONCERTS-2023-07-17T143319.128-1.jpg\" alt=\"Jacques Lacombe, directeur artistique de l'OCM, Mich\u00e8le Losier, mezzo-soprano, Sarah Willis, corniste (Photos: )\" width=\"1200\" height=\"628\" \/><figcaption id=\"caption-attachment-77046\" class=\"wp-caption-text\">Jacques Lacombe, directeur artistique de l&rsquo;OCM, Mich\u00e8le Losier, mezzo-soprano, Sarah Willis, corniste (Cr\u00e9dits photos: Brent Callis, Pierre-\u00c9tienne Bergeron, Sebastian Haenel)<\/figcaption><\/figure>\n<h3><span style=\"color: #808080;\">Alors que les vacances battent leur plein pour plusieurs d&rsquo;entre nous, ou sont sur le point de commencer, on fait le tour de l&rsquo;actualit\u00e9 de la semaine et des principaux concerts, du 17 au 23 juillet.\u00a0<\/span><\/h3>\n<p>&nbsp;<\/p>\n<figure id=\"attachment_75576\" aria-describedby=\"caption-attachment-75576\" style=\"width: 1200px\" class=\"wp-caption alignnone\"><img decoding=\"async\" loading=\"lazy\" class=\"size-full wp-image-75576\" src=\"https:\/\/www.ludwig-van.com\/montreal\/wp-content\/uploads\/sites\/3\/2017\/09\/Jacques-Lacombe-OCM-courtoisie.jpg\" alt=\"Jacques Lacombe, directeur artistique et chef principal de l'OCM. (Photo: courtoisie)\" width=\"1200\" height=\"1013\" \/><figcaption id=\"caption-attachment-75576\" class=\"wp-caption-text\">Jacques Lacombe, directeur artistique et chef principal de l&rsquo;OCM. (Photo: courtoisie)<\/figcaption><\/figure>\n<h3>Les principaux concerts de la semaine (17 au 23 juillet)<\/h3>\n<h4>Concerts Lachine<\/h4>\n<p>Int\u00e9grale des m\u00e9lodies de Duparc, avec <strong>Mich\u00e8le Losier<\/strong>, <strong>Hugo Laporte<\/strong> et <strong>Olivier Godin<\/strong> (piano), ce soir, 17 juillet, 19 h 30\u00e0 l&rsquo;Entrep\u00f4t, 2901 boulevard Saint-Joseph, Lachine. <a href=\"https:\/\/concertslachine.ca\/event\/lintegrale-des-melodies-de-duparc-175e-anniversaire\/?event_date=2023-07-17&amp;fbclid=IwAR1e1S7Qqdqa0Tyboi3ybj81KMwXy58yiglXOw68xxE3g4Dv6AzqfyF7lsU\" target=\"_blank\" rel=\"noopener\">D\u00c9TAILS<\/a><\/p>\n<h4>Concert ext\u00e9rieur gratuit<\/h4>\n<ul>\n<li>L&rsquo;Italie rencontre l&rsquo;Argentine, avec l&rsquo;<strong>Orchestre classique de Montr\u00e9al<\/strong>, sous la direction de <strong>Jacques Lacombe<\/strong> &#8211; le 21 juillet, 21 h 30, Th\u00e9\u00e2tre de Verdure <a href=\"https:\/\/montreal.ca\/evenements\/litalie-rencontre-largentine-orchestre-classique-de-montreal-48799\" target=\"_blank\" rel=\"noopener\">D\u00c9TAILS<\/a><\/li>\n<\/ul>\n<h4>Domaine Forget<\/h4>\n<ul>\n<li>Romance \u00e0 la fran\u00e7aise, avec l&rsquo;<strong>Orchestre M\u00e9tropolitain<\/strong> sous la direction de <strong>Yannick N\u00e9zet-S\u00e9guin<\/strong>. Soliste invit\u00e9: <strong>Jean-Guihen Queyras<\/strong>. Le 22 juillet, 20 h. <a href=\"https:\/\/www.domaineforget.com\/programmation\/festival\/orchestre-metropolitain-22-juillet\/?from=1162&amp;from_p=%3fdf%3d%26dt%3d%26s%3d4931%26p%3d1%26_%3d1689616761937\" target=\"_blank\" rel=\"noopener\">D\u00c9TAILS<\/a><\/li>\n<\/ul>\n<h4>Festival de Lanaudi\u00e8re<\/h4>\n<ul>\n<li>Les Grands Ballets dansent les Quatre saisons de Vivaldi, le 21 juillet, 20 h, Amphith\u00e9\u00e2tre Fernand-Lindsay. <a href=\"https:\/\/lanaudiere.org\/fr\/programmation\/les-grands-ballets-dansent-les-quatre-saisons-de-vivaldi\/\" target=\"_blank\" rel=\"noopener\">D\u00c9TAILS<\/a><\/li>\n<li>Leonardo Garcia Alarcon et l&rsquo;Orfeo de Monteverdi, le 22 juillet, 19 h, Amphith\u00e9\u00e2tre Fernand-Lindsay. <a href=\"https:\/\/lanaudiere.org\/fr\/programmation\/leonardo-garcia-alarcon-et-lorfeo-de-monteverdi\/\" target=\"_blank\" rel=\"noopener\">D\u00c9TAILS<\/a><\/li>\n<li>L\u00e9onard de Vinci: entre Orient et Occident, avec Constantinople et Marco Beasley, t\u00e9nor. Le 23 juillet, 14 h. <a href=\"https:\/\/lanaudiere.org\/fr\/programmation\/leonard-de-vinci-entre-orient-et-occident\/\" target=\"_blank\" rel=\"noopener\">D\u00c9TAILS<\/a><\/li>\n<\/ul>\n<h4>Orford musique<\/h4>\n<ul>\n<li>Ritu\u00e6ls, avec l&rsquo;ensemble collectif9, le 22 juillet, 16 h 30, salle Gilles-Lefebvre <a href=\"https:\/\/www.orford.mu\/concerts-et-evenements\/rituaels-collectif9\/\" target=\"_blank\" rel=\"noopener\">D\u00c9TAILS<\/a><\/li>\n<\/ul>\n<h2>Actualit\u00e9s<\/h2>\n<figure id=\"attachment_77040\" aria-describedby=\"caption-attachment-77040\" style=\"width: 780px\" class=\"wp-caption alignnone\"><img decoding=\"async\" loading=\"lazy\" class=\"size-full wp-image-77040\" src=\"https:\/\/www.ludwig-van.com\/montreal\/wp-content\/uploads\/sites\/3\/2023\/07\/jane-austen.jpg\" alt=\"\" width=\"780\" height=\"439\" \/><figcaption id=\"caption-attachment-77040\" class=\"wp-caption-text\">Jane Austen (1775-1817).<\/figcaption><\/figure>\n<h3>Le livre de musique de Jane Austen retrouv\u00e9<\/h3>\n<p>Un livre de musique disparu ayant appartenu \u00e0 la c\u00e9l\u00e8bre romanci\u00e8re britannique <strong>Jane Austen<\/strong> a \u00e9t\u00e9 retrouv\u00e9 sur l&rsquo;\u00e9tag\u00e8re d&rsquo;un parent \u00e9loign\u00e9. On croyait avoir perdu le livre quelque part entre 1978 et 1987. C&rsquo;est du moins ce que l&rsquo;on croyait! Ce tr\u00e9sor vieux de plus de 200 ans a \u00e9t\u00e9 trouv\u00e9 dans la r\u00e9sidence de la famille Austen, connue sous le nom de Chawton House, o\u00f9 la compositrice <strong>Ethel Worsley<\/strong> a grandi.<\/p>\n<p>Petite-fille de l&rsquo;arri\u00e8re-ni\u00e8ce de Jane Austen, Ethel Worsley est entr\u00e9e en possession du livre de musique \u00e0 un moment ind\u00e9termin\u00e9. Les parents \u00e9loign\u00e9s de l&rsquo;\u00e9crivaine ne se doutaient probablement pas qu&rsquo;ils \u00e9taient assis sur un tel tr\u00e9sor historique.<\/p>\n<p><a href=\"https:\/\/www.ludwig-van.com\/main\/2023\/07\/10\/jane-austens-long-lost-music-book-found-on-distant-relatives-shelf\/\" target=\"_blank\" rel=\"noopener\">EN SAVOIR PLUS (ANGLAIS)<\/a><\/p>\n<p>&nbsp;<\/p>\n<figure id=\"attachment_51364\" aria-describedby=\"caption-attachment-51364\" style=\"width: 1024px\" class=\"wp-caption aligncenter\"><img decoding=\"async\" loading=\"lazy\" class=\"wp-image-51364 size-full\" src=\"https:\/\/www.ludwig-van.com\/montreal\/wp-content\/uploads\/sites\/3\/2018\/02\/Sarah-Willis-cr-SebastianHaenel.jpg\" alt=\"Sarah Willis, cor solo du Berliner Philharmoniker. (Cr\u00e9dit: Sebastian Haenel)\" width=\"1024\" height=\"768\" srcset=\"https:\/\/www.ludwig-van.com\/montreal\/wp-content\/uploads\/sites\/3\/2018\/02\/Sarah-Willis-cr-SebastianHaenel.jpg 1024w, https:\/\/www.ludwig-van.com\/montreal\/wp-content\/uploads\/sites\/3\/2018\/02\/Sarah-Willis-cr-SebastianHaenel-300x225.jpg 300w, https:\/\/www.ludwig-van.com\/montreal\/wp-content\/uploads\/sites\/3\/2018\/02\/Sarah-Willis-cr-SebastianHaenel-768x576.jpg 768w\" sizes=\"(max-width: 1024px) 100vw, 1024px\" \/><figcaption id=\"caption-attachment-51364\" class=\"wp-caption-text\">Sarah Willis, corniste au sein du Berliner Philharmoniker. (Cr\u00e9dit: Sebastian Haenel)<\/figcaption><\/figure>\n<h3>Festival international du cor de Montr\u00e9al<\/h3>\n<p>Du <strong>24 au 29 juillet 2023<\/strong> aura lieu \u00e0 Montr\u00e9al le <strong>Festival international de cor<\/strong> (FICM) de Montr\u00e9al, en marge du 55e Symposium international de cor \u2013 Rendez-vous \u00e0 Montr\u00e9al.<\/p>\n<p>L&rsquo;\u00e9v\u00e9nement accueillera plus de 200 artistes et artisans, 400 participants et tiendra plus de 125 \u00e9v\u00e9nements, dont une programmation ambitieuse et vari\u00e9e de concerts.<\/p>\n<p>Parmi les moments forts de la programmation figurent un concert de l\u2019<strong>Orchestre M\u00e9tropolitain<\/strong> sous la direction de <strong>Yannick N\u00e9zet-<\/strong><strong>S\u00e9guin<\/strong> \u00e0 l\u2019Amphith\u00e9\u00e2tre Fernand-Lindsay (Strauss au sommet, 28 juillet), un concert avec <strong>I Musici de Montr\u00e9al<\/strong> sous la direction de <strong>Jean-Marie Zeitouni<\/strong> (salle Claude-Champagne, 24 juillet), un marathon de\u00a0 musique de chambre (salle Claude-Champagne, 26 juillet), un concert ext\u00e9rieur gratuit sur le Mont-Royal (27 juillet) et un concert jazz avec le Altsys Jazz Orchestra (salle Claude-Champagne, 29 juillet).<\/p>\n<p>Parmi les invit\u00e9s, mentionnons les cornistes Stefan Dohr, Sarah Willis, David Cooper, Yun Zeng, Katerina Javurkova, Pierre-Antoine Tremblay, Jean-Christophe Vervoitte, Arkady Shilkloper, l\u2019ensemble Havana Horns, les violoncellistes St\u00e9phane T\u00e9treault et Elinor Frey, le pianiste Philip Chiu, le t\u00e9nor Benjamin Butterfield, l\u2019Orchestre M\u00e9tropolitain et l\u2019ensemble I Musici de Montr\u00e9al.<\/p>\n<p><a href=\"https:\/\/www.ihs55.org\/fr\/information\" target=\"_blank\" rel=\"noopener\">D\u00c9TAILS\u00a0<\/a><\/p>\n<p>&nbsp;<\/p>\n<figure id=\"attachment_71326\" aria-describedby=\"caption-attachment-71326\" style=\"width: 940px\" class=\"wp-caption alignnone\"><img decoding=\"async\" loading=\"lazy\" class=\"size-full wp-image-71326\" src=\"https:\/\/www.ludwig-van.com\/montreal\/wp-content\/uploads\/sites\/3\/2022\/06\/Marc-Hervieux-cr-Julien-Faugere-1.jpg\" alt=\"Marc Hervieux, t\u00e9nor. (Photo: Julien Faug\u00e8re)\" width=\"940\" height=\"788\" \/><figcaption id=\"caption-attachment-71326\" class=\"wp-caption-text\">Marc Hervieux, t\u00e9nor. (Photo: Julien Faug\u00e8re)<\/figcaption><\/figure>\n<h3>Semaine chantante aux Jardins de M\u00e9tis<\/h3>\n<p>Le Conservatoire de musique de Rimouski pr\u00e9sentera sa <strong>Semaine chantante<\/strong> qui aura lieu du <strong>24 au 27 juillet prochains<\/strong> aux <strong>Jardins de M\u00e9tis<\/strong> avec le t\u00e9nor <strong>Marc Hervieux<\/strong> comme t\u00eate d\u2019affiche. Un double programme d\u2019op\u00e9rettes mettant en vedette les \u00e9l\u00e8ves du CMR ainsi que ceux du Conservatoire de musique de Saguenay (CMS) sera \u00e9galement pr\u00e9sent\u00e9. <strong>Marc Hervieux<\/strong> offrira un r\u00e9cital et deux cours de ma\u00eetre. On pourra aussi d\u00e9couvrir les op\u00e9rettes <em>Pomme d&rsquo;api<\/em> et <em>Le<\/em> <em>Mariage aux lanternes<\/em>, d&rsquo;Offenbach.<\/p>\n<p><a href=\"https:\/\/www.conservatoire.gouv.qc.ca\/fr\/conservatoires\/rimouski\/evenements\/semaine-chantante\/\" target=\"_blank\" rel=\"noopener\">D\u00c9TAILS\u00a0<\/a><\/p>\n<p>&nbsp;<\/p>\n<h2 style=\"text-align: left;\"><em>Inscrivez-vous \u00e0 notre infolettre! La musique classique et l&rsquo;op\u00e9ra en 5 minutes, chaque jour<\/em> \u00a0<span style=\"color: #ff0000;\"><a style=\"color: #ff0000;\" href=\"https:\/\/ludwig-van.us9.list-manage.com\/subscribe?u=4f785cb3f9058f2393ccad035&amp;id=b9b160c032\" target=\"_blank\" rel=\"noopener noreferrer\">ICI\u00a0<\/a><\/span><\/h2>\n","protected":false},"excerpt":{"rendered":"<p>Alors que les vacances battent leur plein pour plusieurs d&rsquo;entre vous, ou sont sur le point de commencer, on fait le tour de l&rsquo;actualit\u00e9 de la semaine et des principaux concerts, du 17 au 23 juillet.\u00a0<\/p>\n","protected":false},"author":1,"featured_media":77046,"comment_status":"open","ping_status":"open","sticky":false,"template":"","format":"standard","meta":{"om_disable_all_campaigns":false,"jetpack_post_was_ever_published":false},"categories":[42065,10956,10992],"tags":[42066,14361,15897,38749],"yst_prominent_words":[23937,22957,23936,10146,17811,15886,23790,23409,12382,11605,18225,18281],"acf":[],"jetpack_featured_media_url":"https:\/\/www.ludwig-van.com\/montreal\/wp-content\/uploads\/sites\/3\/2023\/07\/Copie-de-CONCERTS-2023-07-17T143319.128-1.jpg","jetpack_sharing_enabled":true,"jetpack_shortlink":"https:\/\/wp.me\/p9bdYt-k2x","amp_enabled":true,"_links":{"self":[{"href":"https:\/\/www.ludwig-van.com\/montreal\/wp-json\/wp\/v2\/posts\/77037"}],"collection":[{"href":"https:\/\/www.ludwig-van.com\/montreal\/wp-json\/wp\/v2\/posts"}],"about":[{"href":"https:\/\/www.ludwig-van.com\/montreal\/wp-json\/wp\/v2\/types\/post"}],"author":[{"embeddable":true,"href":"https:\/\/www.ludwig-van.com\/montreal\/wp-json\/wp\/v2\/users\/1"}],"replies":[{"embeddable":true,"href":"https:\/\/www.ludwig-van.com\/montreal\/wp-json\/wp\/v2\/comments?post=77037"}],"version-history":[{"count":11,"href":"https:\/\/www.ludwig-van.com\/montreal\/wp-json\/wp\/v2\/posts\/77037\/revisions"}],"predecessor-version":[{"id":77052,"href":"https:\/\/www.ludwig-van.com\/montreal\/wp-json\/wp\/v2\/posts\/77037\/revisions\/77052"}],"wp:featuredmedia":[{"embeddable":true,"href":"https:\/\/www.ludwig-van.com\/montreal\/wp-json\/wp\/v2\/media\/77046"}],"wp:attachment":[{"href":"https:\/\/www.ludwig-van.com\/montreal\/wp-json\/wp\/v2\/media?parent=77037"}],"wp:term":[{"taxonomy":"category","embeddable":true,"href":"https:\/\/www.ludwig-van.com\/montreal\/wp-json\/wp\/v2\/categories?post=77037"},{"taxonomy":"post_tag","embeddable":true,"href":"https:\/\/www.ludwig-van.com\/montreal\/wp-json\/wp\/v2\/tags?post=77037"},{"taxonomy":"yst_prominent_words","embeddable":true,"href":"https:\/\/www.ludwig-van.com\/montreal\/wp-json\/wp\/v2\/yst_prominent_words?post=77037"}],"curies":[{"name":"wp","href":"https:\/\/api.w.org\/{rel}","templated":true}]}}