{"id":77014,"date":"2023-07-16T12:47:39","date_gmt":"2023-07-16T16:47:39","guid":{"rendered":"https:\/\/www.ludwig-van.com\/montreal\/?p=77014"},"modified":"2023-07-16T20:45:38","modified_gmt":"2023-07-17T00:45:38","slug":"dossier","status":"publish","type":"post","link":"https:\/\/www.ludwig-van.com\/montreal\/2023\/07\/16\/dossier\/","title":{"rendered":"DOSSIER | Musique et vieillissement: comment la musique aide votre cerveau \u00e0 rester plus alerte"},"content":{"rendered":"<figure id=\"attachment_77020\" aria-describedby=\"caption-attachment-77020\" style=\"width: 1200px\" class=\"wp-caption alignnone\"><img decoding=\"async\" loading=\"lazy\" class=\"size-full wp-image-77020\" src=\"https:\/\/www.ludwig-van.com\/montreal\/wp-content\/uploads\/sites\/3\/2023\/07\/Menahem-Pressler-cr-FB.jpg\" alt=\"Menahem Pressler, pianiste (1923-2023) - (Photo: page Facebook de l'artiste)\" width=\"1200\" height=\"628\" \/><figcaption id=\"caption-attachment-77020\" class=\"wp-caption-text\">Menahem Pressler, pianiste (1923-2023) &#8211; (Photo: page Facebook de l&rsquo;artiste)<\/figcaption><\/figure>\n<h3><span style=\"color: #808080;\">L&rsquo;\u00e9coute et la pratique de la musique ont de nombreux effets positifs sur le cerveau. De plus en plus, la science et la m\u00e9decine cherchent \u00e0 utiliser ces effets dans des th\u00e9rapies cibl\u00e9es.\u00a0<\/span><\/h3>\n<p><span style=\"color: #808080;\">Et si <\/span><span style=\"color: #808080;\">la musique est b\u00e9n\u00e9fique \u00e0 tout \u00e2ge, elle l&rsquo;est particuli\u00e8rement au d\u00e9but et \u00e0 la fin de notre vie, selon des <a style=\"color: #808080;\" href=\"https:\/\/www.kusc.org\/culture\/community\/music-on-the-brain\/\" target=\"_blank\" rel=\"noopener\">chercheurs de l&rsquo;Universit\u00e9 South California<\/a>. <\/span>De plus, les musiciens, qu&rsquo;ils soient amateurs ou professionnels, semblent b\u00e9n\u00e9ficier davantage de ces effets positifs.<\/p>\n<h3>Vieillir normalement : le bonus du musicien<\/h3>\n<p>Des chercheurs de l&rsquo;Acad\u00e9mie chinoise des sciences ont voulu comprendre pourquoi le cerveau des musiciens b\u00e9n\u00e9ficie d&rsquo;une pratique constante. Leur article, intitul\u00e9 <em><a href=\"https:\/\/www.science.org\/doi\/10.1126\/sciadv.adg7056\" target=\"_blank\" rel=\"noopener\">Successful aging of musicians : Preservation of sensorimotor regions aids audiovisual speech-in-noise perception<\/a><\/em>, a \u00e9t\u00e9 publi\u00e9 en avril 2023 dans la revue Science Advances.<\/p>\n<p>Des \u00e9tudes ant\u00e9rieures ont montr\u00e9 que l&rsquo;apprentissage et la pratique de la musique peuvent att\u00e9nuer certaines des d\u00e9gradations habituelles des fonctions c\u00e9r\u00e9brales qui surviennent avec l&rsquo;\u00e2ge, notamment ce que l&rsquo;on appelle la perception audiovisuelle de la parole dans le bruit. Ce terme fait r\u00e9f\u00e9rence aux indices visuels qu&rsquo;un auditeur re\u00e7oit du visage d&rsquo;un orateur et qui lui permettent de pr\u00e9dire ce qui va \u00eatre dit.<\/p>\n<p>L&rsquo;\u00e9tude a compar\u00e9 l&rsquo;IRMf (imagerie par r\u00e9sonance magn\u00e9tique fonctionnelle, qui mesure les petits changements qui se produisent dans le flux sanguin lorsque le cerveau est actif) de musiciens \u00e2g\u00e9s, de non-musiciens \u00e2g\u00e9s et de jeunes non-musiciens.<\/p>\n<p>Chaque groupe a \u00e9t\u00e9 invit\u00e9 \u00e0 identifier des syllabes \u00e0 partir d&rsquo;indices audiovisuels masqu\u00e9s par des bruits p\u00e9riph\u00e9riques. Voici ce qu&rsquo;ils ont d\u00e9couvert :<\/p>\n<ul>\n<li>Les musiciens plus \u00e2g\u00e9s ont obtenu de meilleurs r\u00e9sultats que les non-musiciens plus \u00e2g\u00e9s ;<\/li>\n<li>Les r\u00e9sultats des musiciens plus \u00e2g\u00e9s et des musiciens plus jeunes \u00e9taient similaires ;<\/li>\n<li>Les musiciens plus \u00e2g\u00e9s ont conserv\u00e9 les structures neuronales qui per\u00e7oivent la parole, alors que les non-musiciens plus \u00e2g\u00e9s pr\u00e9sentaient une repr\u00e9sentation neuronale d\u00e9grad\u00e9e dans cette zone ;<\/li>\n<li>Les r\u00e9sultats des musiciens plus \u00e2g\u00e9s sont en corr\u00e9lation avec l&rsquo;intensit\u00e9 de leur entra\u00eenement.<\/li>\n<\/ul>\n<p>Les r\u00e9sultats obtenus aupr\u00e8s de musiciens plus \u00e2g\u00e9s comprenaient un degr\u00e9 plus \u00e9lev\u00e9 d&rsquo;activation de r\u00e9gions sp\u00e9cifiques du cerveau, y compris les r\u00e9gions motrices de la parole et du mouvement visuel, que ceux obtenus aupr\u00e8s de non-musiciens plus \u00e2g\u00e9s. D&rsquo;autres indications ont \u00e9galement montr\u00e9 un plus grand degr\u00e9 d&rsquo;alignement dans les zones sensorimotrices du cerveau qui contr\u00f4lent la fa\u00e7on dont le corps r\u00e9agit aux stimuli de l&rsquo;environnement, comme la sensation de la chaleur du soleil.<\/p>\n<p>Les musiciens plus \u00e2g\u00e9s ont \u00e9galement b\u00e9n\u00e9fici\u00e9 d&rsquo;une am\u00e9lioration du traitement auditif central, d&rsquo;une pr\u00e9servation de la m\u00e9moire de travail et de l&rsquo;attention auditive.<\/p>\n<p>Selon les chercheurs, ces r\u00e9sultats r\u00e9v\u00e8lent les m\u00e9canismes \u00e0 l&rsquo;\u0153uvre. Il s&rsquo;agit \u00e0 la fois des fonctions am\u00e9lior\u00e9es et de celles qui sont prot\u00e9g\u00e9es de la d\u00e9gradation habituelle due \u00e0 l&rsquo;\u00e2ge. Certaines fonctions c\u00e9r\u00e9brales sont pr\u00e9serv\u00e9es, et il semble que l&rsquo;\u00e9tude musicale permette \u00e9galement au cerveau de compenser les fonctions qui ont d\u00e9j\u00e0 d\u00e9clin\u00e9.<\/p>\n<p>Quoi qu&rsquo;il en soit, pour les musiciens, il s&rsquo;agit d&rsquo;une situation gagnant-gagnant &#8211; un cerveau plus jeune, mais il faut savoir que les r\u00e9sultats d\u00e9pendent de l&rsquo;intensit\u00e9 de l&rsquo;entra\u00eenement.<\/p>\n<p>\u00ab\u00a0Jouer de la musique permet aux adultes plus \u00e2g\u00e9s de mieux \u00e9couter en pr\u00e9servant les sch\u00e9mas neuronaux de la jeunesse et en recrutant des r\u00e9gions c\u00e9r\u00e9brales compensatoires suppl\u00e9mentaires. Notre \u00e9tude fournit des preuves empiriques du fait que jouer de la musique permet de garder un cerveau vif, jeune et concentr\u00e9\u00a0\u00bb, a d\u00e9clar\u00e9 le Dr DU, auteur correspondant de cette \u00e9tude, cit\u00e9 dans <a href=\"https:\/\/neurosciencenews.com\/brain-aging-musical-expertise-23013\/\" target=\"_blank\" rel=\"noopener\">Neuroscience News.<\/a><\/p>\n<p>&nbsp;<\/p>\n<figure id=\"attachment_77021\" aria-describedby=\"caption-attachment-77021\" style=\"width: 1280px\" class=\"wp-caption alignnone\"><img decoding=\"async\" loading=\"lazy\" class=\"wp-image-77021 size-full\" src=\"https:\/\/www.ludwig-van.com\/montreal\/wp-content\/uploads\/sites\/3\/2023\/07\/Piano-old-hands.jpg\" alt=\"piano - mains - vieilles - old hands\" width=\"1280\" height=\"853\" \/><figcaption id=\"caption-attachment-77021\" class=\"wp-caption-text\">Les musiciens, qu&rsquo;ils soient amateurs ou professionnels, semblent b\u00e9n\u00e9ficier davantage des effets positifs de la pratique musicale sur le cerveau. (Photo: banque d&rsquo;images)<\/figcaption><\/figure>\n<h3>Musique et soins des personnes atteintes de d\u00e9mence<\/h3>\n<p>La musique est fortement associ\u00e9e \u00e0 la m\u00e9moire et \u00e0 notre identit\u00e9 en tant qu&rsquo;\u00eatres humains. Elle atteint nos \u00e9motions d&rsquo;une mani\u00e8re qui va au-del\u00e0 des mots.<\/p>\n<p>Sur le plan neurologique, cela signifie que la r\u00e9gion sp\u00e9cifique du cerveau qui g\u00e8re la m\u00e9moire musicale n&rsquo;est pas la m\u00eame que celle qui g\u00e8re la parole. Cette r\u00e9gion du cerveau reste saine et intacte chez les patients atteints de d\u00e9mence longtemps apr\u00e8s que d&rsquo;autres parties ont \u00e9t\u00e9 endommag\u00e9es &#8211; c&rsquo;est m\u00eame l&rsquo;une des derni\u00e8res r\u00e9gions \u00e0 se d\u00e9t\u00e9riorer<\/p>\n<p>Une <a href=\"https:\/\/news.northwestern.edu\/stories\/2022\/08\/music-helps-patients-with-dementia-connect-with-loved-ones\/#:~:text=Music%20memories%20often%20remain%20in,later%20in%20the%20disease%20course.\" target=\"_blank\" rel=\"noopener\">\u00e9tude men\u00e9e \u00e0 Chicago<\/a> en 2022 a montr\u00e9 que la musique peut \u00eatre utilis\u00e9e pour aider les patients atteints de d\u00e9mence \u00e0 retrouver la m\u00e9moire, et favoriser d&rsquo;autres changements positifs chez ces patients, comme l&rsquo;am\u00e9lioration de la communication et de la reconnaissance des proches.<\/p>\n<h3>De la th\u00e9orie \u00e0 la pratique<\/h3>\n<p>Au-del\u00e0 de la recherche, l&rsquo;\u00e9tape suivante consiste \u00e0 concevoir des implications pratiques et des th\u00e9rapies qui peuvent \u00eatre d\u00e9velopp\u00e9es et utilis\u00e9es de mani\u00e8re coh\u00e9rente dans le monde r\u00e9el.<\/p>\n<p>Reconnaissant l&rsquo;importance croissance de ce domaine, l&rsquo;Universit\u00e9 Wilfrid Laurier a r\u00e9cemment annonc\u00e9 la cr\u00e9ation d&rsquo;une <a href=\"https:\/\/www.wlu.ca\/news\/news-releases\/2023\/june\/laurier-ria-announce-plans-for-new-schlegel-research-chair-in-music-therapy-and-aging.html\" target=\"_blank\" rel=\"noopener\">nouvelle chaire de recherche Schlegel<\/a> en musicoth\u00e9rapie et vieillissement (RIA). Cette initiative permettra de mener des recherches de pointe sur l&rsquo;utilisation de la musique et le vieillissement, et de faire appel \u00e0 la communaut\u00e9 pour mettre au point des interventions musicales.<\/p>\n<p>\u00ab\u00a0L&rsquo;impact potentiel de cette nouvelle chaire sur la population vieillissante, la communaut\u00e9 universitaire et la soci\u00e9t\u00e9 dans son ensemble promet d&rsquo;\u00eatre important et de transformer la vie des personnes \u00e2g\u00e9es et de ceux qui s&rsquo;en occupent\u00a0\u00bb, a d\u00e9clar\u00e9 <strong>Tina Mah<\/strong>, directrice ex\u00e9cutive de l&rsquo;AIR, dans un communiqu\u00e9.<\/p>\n<p>Cet article a \u00e9t\u00e9 traduit et adapt\u00e9 en fran\u00e7ais par <strong>Caroline Rodgers<\/strong> \u00e0 partir de <a href=\"https:\/\/www.ludwig-van.com\/toronto\/2023\/06\/23\/report-music-aging-playing-listening-music-essential-aging-well\/\" target=\"_blank\" rel=\"noopener\">la version originale<\/a> publi\u00e9e sur <strong>Ludwig van Toronto.\u00a0<\/strong><\/p>\n<h2 style=\"text-align: left;\"><em>Inscrivez-vous \u00e0 notre infolettre! La musique classique et l&rsquo;op\u00e9ra en 5 minutes, chaque jour<\/em> \u00a0<span style=\"color: #ff0000;\"><a style=\"color: #ff0000;\" href=\"https:\/\/ludwig-van.us9.list-manage.com\/subscribe?u=4f785cb3f9058f2393ccad035&amp;id=b9b160c032\" target=\"_blank\" rel=\"noopener noreferrer\">ICI\u00a0<\/a><\/span><\/h2>\n","protected":false},"excerpt":{"rendered":"<p>L&rsquo;\u00e9coute et la pratique de la musique ont de nombreux effets positifs sur le cerveau. et, de plus en plus, la science et la m\u00e9decine cherchent \u00e0 utiliser ces effets dans des th\u00e9rapies cibl\u00e9es.<\/p>\n","protected":false},"author":64,"featured_media":77020,"comment_status":"open","ping_status":"open","sticky":false,"template":"","format":"standard","meta":{"om_disable_all_campaigns":false,"jetpack_post_was_ever_published":true},"categories":[42065,10956,11009,55],"tags":[42066,38826],"yst_prominent_words":[29065,16168,10707,9811],"acf":[],"jetpack_featured_media_url":"https:\/\/www.ludwig-van.com\/montreal\/wp-content\/uploads\/sites\/3\/2023\/07\/Menahem-Pressler-cr-FB.jpg","jetpack_sharing_enabled":true,"jetpack_shortlink":"https:\/\/wp.me\/s9bdYt-dossier","amp_enabled":true,"_links":{"self":[{"href":"https:\/\/www.ludwig-van.com\/montreal\/wp-json\/wp\/v2\/posts\/77014"}],"collection":[{"href":"https:\/\/www.ludwig-van.com\/montreal\/wp-json\/wp\/v2\/posts"}],"about":[{"href":"https:\/\/www.ludwig-van.com\/montreal\/wp-json\/wp\/v2\/types\/post"}],"author":[{"embeddable":true,"href":"https:\/\/www.ludwig-van.com\/montreal\/wp-json\/wp\/v2\/users\/64"}],"replies":[{"embeddable":true,"href":"https:\/\/www.ludwig-van.com\/montreal\/wp-json\/wp\/v2\/comments?post=77014"}],"version-history":[{"count":9,"href":"https:\/\/www.ludwig-van.com\/montreal\/wp-json\/wp\/v2\/posts\/77014\/revisions"}],"predecessor-version":[{"id":77025,"href":"https:\/\/www.ludwig-van.com\/montreal\/wp-json\/wp\/v2\/posts\/77014\/revisions\/77025"}],"wp:featuredmedia":[{"embeddable":true,"href":"https:\/\/www.ludwig-van.com\/montreal\/wp-json\/wp\/v2\/media\/77020"}],"wp:attachment":[{"href":"https:\/\/www.ludwig-van.com\/montreal\/wp-json\/wp\/v2\/media?parent=77014"}],"wp:term":[{"taxonomy":"category","embeddable":true,"href":"https:\/\/www.ludwig-van.com\/montreal\/wp-json\/wp\/v2\/categories?post=77014"},{"taxonomy":"post_tag","embeddable":true,"href":"https:\/\/www.ludwig-van.com\/montreal\/wp-json\/wp\/v2\/tags?post=77014"},{"taxonomy":"yst_prominent_words","embeddable":true,"href":"https:\/\/www.ludwig-van.com\/montreal\/wp-json\/wp\/v2\/yst_prominent_words?post=77014"}],"curies":[{"name":"wp","href":"https:\/\/api.w.org\/{rel}","templated":true}]}}