{"id":76848,"date":"2023-07-07T17:07:17","date_gmt":"2023-07-07T21:07:17","guid":{"rendered":"https:\/\/www.ludwig-van.com\/montreal\/?p=76848"},"modified":"2023-07-07T17:26:05","modified_gmt":"2023-07-07T21:26:05","slug":"critique-deux-albums-inspirants-decouvrir-vacances","status":"publish","type":"post","link":"https:\/\/www.ludwig-van.com\/montreal\/2023\/07\/07\/critique-deux-albums-inspirants-decouvrir-vacances\/","title":{"rendered":"CRITIQUE | Deux albums inspirants \u00e0 d\u00e9couvrir durant les vacances"},"content":{"rendered":"<figure id=\"attachment_76850\" aria-describedby=\"caption-attachment-76850\" style=\"width: 1200px\" class=\"wp-caption alignnone\"><img decoding=\"async\" loading=\"lazy\" class=\"size-full wp-image-76850\" src=\"https:\/\/www.ludwig-van.com\/montreal\/wp-content\/uploads\/sites\/3\/2023\/07\/Copie-de-Copy-of-INTERVIEW-18.jpg\" alt=\"\u00c0 gauche: Su Yeon Kim (Photo: courtoisie de Steinway); \u00e0 droite: Fran\u00e7ois Dompierre et Louise Bessette (Photo: Sasha Onyshchenko)\" width=\"1200\" height=\"628\" \/><figcaption id=\"caption-attachment-76850\" class=\"wp-caption-text\">\u00c0 gauche: Su Yeon Kim (Photo: courtoisie de Steinway); \u00e0 droite: Fran\u00e7ois Dompierre et Louise Bessette (Photo: Sasha Onyshchenko)<\/figcaption><\/figure>\n<h3><span style=\"color: #808080;\">Les vacances sont l\u00e0, et c&rsquo;est le temps de d\u00e9couvrir de nouveaux albums! Cette semaine, nos choix se tournent vers deux albums de piano fort diff\u00e9rents, mais qui ont en commun de nous \u00eatre offerts par d&rsquo;excellentes pianistes.\u00a0<\/span><\/h3>\n<h3>Su Yeon Kim: une bouff\u00e9e d&rsquo;air frais<\/h3>\n<p>La Cor\u00e9enne <strong>Su Yeon Kim<\/strong>, laur\u00e9ate du <strong>Concours musical international de Montr\u00e9al 2021<\/strong>, a grav\u00e9 les Sonates no 9 k. 311 et no 12 K. 332 de Mozart pour son premier album sous \u00e9tiquette Steinway, lanc\u00e9 aujourd&rsquo;hui sous le simple titre de <a href=\"https:\/\/www.steinway.com\/music-and-artists\/label\/mozart-recital-su-yeon-kim\" target=\"_blank\" rel=\"noopener\">Mozart Recital. <\/a><\/p>\n<p>Se distinguant par une approche incisive et tr\u00e8s articul\u00e9e, la pianiste apporte une bouff\u00e9e d&rsquo;air frais avec son interpr\u00e9tation vive, a\u00e9rienne, teint\u00e9e d&rsquo;humour, un toucher perl\u00e9 et d\u00e9licat mais tout de m\u00eame empreint de force, tr\u00e8s virtuose dans les passages rapides (comme l&rsquo;<em>Assai allegro<\/em> de la Sonate no 12) avec la sensibilit\u00e9 requise dans les mouvements lents. L&rsquo;\u00e9coute est agr\u00e9able et rafra\u00eechissante.<\/p>\n<p>Le programme comprend \u00e9galement <em>Dix variations en sol majeur<\/em> sur \u00ab<em> Unser dummer P\u00f6bel meint<\/em> \u00bb K. 455, un th\u00e8me qui provient de l&rsquo;op\u00e9ra-comique de Gluck <em>Die Pilger von Mekka<\/em> [Les P\u00e8lerins de la Mecque] ainsi que la Petite Gigue en sol majeur, K. 574, une pi\u00e8ce aux accents baroques dont l&rsquo;ex\u00e9cution est preste, mais pr\u00e9cise et riche en d\u00e9tails subtils.<\/p>\n<p>Dans un tout autre esprit, l&rsquo;<em>Ave Verum Corpus<\/em> dans une transcription de Franz Liszt s&rsquo;av\u00e8re moelleux et vaporeux, comme une sc\u00e8ne de r\u00eave pour conclure en douceur cet album rempli de caract\u00e8re et somme toute fort r\u00e9ussi.<\/p>\n<p>&nbsp;<\/p>\n<figure id=\"attachment_76795\" aria-describedby=\"caption-attachment-76795\" style=\"width: 1200px\" class=\"wp-caption alignnone\"><img decoding=\"async\" loading=\"lazy\" class=\"size-full wp-image-76795\" src=\"https:\/\/www.ludwig-van.com\/montreal\/wp-content\/uploads\/sites\/3\/2023\/07\/Hommage-a-Francois-Dompierre-low.jpg\" alt=\"L'album Hommage \u00e0 Fran\u00e7ois Dompierre souligne les 80 ans du compositeur, chef d'orchestre, communicateur, producteur et \u00e9crivain qu\u00e9b\u00e9cois. (Photo de la pochette: Sasha Onyshchenko)\" width=\"1200\" height=\"1200\" \/><figcaption id=\"caption-attachment-76795\" class=\"wp-caption-text\">L&rsquo;album Hommage \u00e0 Fran\u00e7ois Dompierre souligne les 80 ans du compositeur, chef d&rsquo;orchestre, communicateur, producteur et \u00e9crivain qu\u00e9b\u00e9cois. (Photo de la pochette: Sasha Onyshchenko)<\/figcaption><\/figure>\n<h3>Louise Bessette : Dompierre, au-del\u00e0 de la nostalgie<\/h3>\n<p>Comme le disait si bien <strong>Louise Bessette<\/strong> dans <a href=\"https:\/\/www.ludwig-van.com\/montreal\/2023\/07\/01\/entrevue-un-hommage-de-louise-bessette-a-francois-dompierre-pour-ses-80-ans\/\" target=\"_blank\" rel=\"noopener\">l&rsquo;entrevue accord\u00e9e \u00e0 Ludwig van Montr\u00e9al<\/a> la semaine derni\u00e8re, la musique de <strong>Fran\u00e7ois Dompierre<\/strong> fait partie de notre patrimoine.<\/p>\n<p>Avec des titres comme <em>Un bonheur d&rsquo;occasion<\/em> ou les variations sur <em>L&rsquo;\u00e2me \u00e0 la tendresse<\/em>, de Pauline Julien, cette observation trouve tout son sens, car on se retrouve en quelque sorte plong\u00e9 dans \u00ab\u00a0un temps que les moins de vingt ans ne peuvent pas conna\u00eetre\u00a0\u00bb. En voici pour eux l&rsquo;occasion.<\/p>\n<p>Mais il y a un autre c\u00f4t\u00e9 \u00e0 cette m\u00e9daille: au-del\u00e0 de la nostalgie qu&rsquo;elle suscite et r\u00e9sistant fort bien au passage du temps, la musique de ce m\u00e9lodiste hors pair demeure aussi tr\u00e8s actuelle, pour plusieurs raisons, la principale \u00e9tant qu&rsquo;elle est fort bien \u00e9crite, et que ce qui est bien fait demeure toujours pertinent. La deuxi\u00e8me \u00e9tant qu&rsquo;elle vient du c\u0153ur. Cela s&rsquo;entend, et <strong>Louise Bessette<\/strong> nous transmet cette impression avec tout le talent qu&rsquo;on lui conna\u00eet.<\/p>\n<p>Si j&rsquo;ai \u00e9t\u00e9 ravie par la plupart des pi\u00e8ces de cet <em>Hommage \u00e0 Fran\u00e7ois Dompierre<\/em> (<strong>ATMA Classique<\/strong>), j&rsquo;ai \u00e9t\u00e9 particuli\u00e8rement heureuse d&rsquo;entendre le tr\u00e8s joli pastiche <em>Sonatine pour Anna<\/em>; d&rsquo;oublier le temps avec <em>Mario<\/em>, simple et atmosph\u00e9rique, ou de retrouver la musique du film <em>Les Portes tournante<\/em>s, long-m\u00e9trage qui m&rsquo;avait tellement marqu\u00e9 \u00e0 sa sortie (dans le temps qu&rsquo;on allait encore au cin\u00e9ma une fois par semaine comme nos parents allaient \u00e0 la messe).<\/p>\n<p>Mais cette liste de coups de c\u0153ur pourrait s&rsquo;allonger, tant le programme est vari\u00e9 et int\u00e9ressant.<\/p>\n<p>A l&rsquo;heure o\u00f9 le piano est particuli\u00e8rement populaire aupr\u00e8s de ceux qui tentent d&rsquo;\u00e9chapper au burnout en \u00e9coutant des pianistes \u00ab\u00a0compositeurs\u00a0\u00bb d&rsquo;inspiration in\u00e9gale qui rejouent les m\u00eames arp\u00e8ges en boucle <em>ad nauseam<\/em>, la musique de <strong>Fran\u00e7ois Dompierre<\/strong> est un baume pour l&rsquo;\u00e2me qui se distingue par sa cr\u00e9ativit\u00e9, son inspiration et sa riche substance.<\/p>\n<p>L&rsquo;interpr\u00e9tation chaleureuse de <strong>Louise Bessette<\/strong> y ajoute des strates de couleurs, de nuances et de bonheur qui font de cet hommage un incontournable si vous aimez le piano et la musique de <strong>Fran\u00e7ois Dompierre.\u00a0<\/strong><\/p>\n<h2 style=\"text-align: left;\"><em>Inscrivez-vous \u00e0 notre infolettre! La musique classique et l&rsquo;op\u00e9ra en 5 minutes, chaque jour<\/em> \u00a0<span style=\"color: #ff0000;\"><a style=\"color: #ff0000;\" href=\"https:\/\/ludwig-van.us9.list-manage.com\/subscribe?u=4f785cb3f9058f2393ccad035&amp;id=b9b160c032\" target=\"_blank\" rel=\"noopener noreferrer\">ICI\u00a0<\/a><\/span><\/h2>\n","protected":false},"excerpt":{"rendered":"<p>Les vacances sont l\u00e0, et c&rsquo;est le temps de d\u00e9couvrir de nouveaux albums! Cette semaine, nos choix se tournent vers deux albums de piano fort diff\u00e9rents, mais qui ont en commun de nous \u00eatre offerts par d&rsquo;excellentes pianistes.\u00a0<\/p>\n","protected":false},"author":51,"featured_media":76850,"comment_status":"open","ping_status":"open","sticky":false,"template":"","format":"standard","meta":{"om_disable_all_campaigns":false,"jetpack_post_was_ever_published":false},"categories":[42065,10956,10996,52],"tags":[42066,401,4839],"yst_prominent_words":[17339,12076,16279,10137,10136,9811,25384,13329],"acf":[],"jetpack_featured_media_url":"https:\/\/www.ludwig-van.com\/montreal\/wp-content\/uploads\/sites\/3\/2023\/07\/Copie-de-Copy-of-INTERVIEW-18.jpg","jetpack_sharing_enabled":true,"jetpack_shortlink":"https:\/\/wp.me\/p9bdYt-jZu","amp_enabled":true,"_links":{"self":[{"href":"https:\/\/www.ludwig-van.com\/montreal\/wp-json\/wp\/v2\/posts\/76848"}],"collection":[{"href":"https:\/\/www.ludwig-van.com\/montreal\/wp-json\/wp\/v2\/posts"}],"about":[{"href":"https:\/\/www.ludwig-van.com\/montreal\/wp-json\/wp\/v2\/types\/post"}],"author":[{"embeddable":true,"href":"https:\/\/www.ludwig-van.com\/montreal\/wp-json\/wp\/v2\/users\/51"}],"replies":[{"embeddable":true,"href":"https:\/\/www.ludwig-van.com\/montreal\/wp-json\/wp\/v2\/comments?post=76848"}],"version-history":[{"count":11,"href":"https:\/\/www.ludwig-van.com\/montreal\/wp-json\/wp\/v2\/posts\/76848\/revisions"}],"predecessor-version":[{"id":76860,"href":"https:\/\/www.ludwig-van.com\/montreal\/wp-json\/wp\/v2\/posts\/76848\/revisions\/76860"}],"wp:featuredmedia":[{"embeddable":true,"href":"https:\/\/www.ludwig-van.com\/montreal\/wp-json\/wp\/v2\/media\/76850"}],"wp:attachment":[{"href":"https:\/\/www.ludwig-van.com\/montreal\/wp-json\/wp\/v2\/media?parent=76848"}],"wp:term":[{"taxonomy":"category","embeddable":true,"href":"https:\/\/www.ludwig-van.com\/montreal\/wp-json\/wp\/v2\/categories?post=76848"},{"taxonomy":"post_tag","embeddable":true,"href":"https:\/\/www.ludwig-van.com\/montreal\/wp-json\/wp\/v2\/tags?post=76848"},{"taxonomy":"yst_prominent_words","embeddable":true,"href":"https:\/\/www.ludwig-van.com\/montreal\/wp-json\/wp\/v2\/yst_prominent_words?post=76848"}],"curies":[{"name":"wp","href":"https:\/\/api.w.org\/{rel}","templated":true}]}}