{"id":76721,"date":"2023-06-22T10:11:09","date_gmt":"2023-06-22T14:11:09","guid":{"rendered":"https:\/\/www.ludwig-van.com\/montreal\/?p=76721"},"modified":"2023-06-22T10:11:51","modified_gmt":"2023-06-22T14:11:51","slug":"decouverte-le-chemin-des-miracles-un-parcours-a-decouvrir-ce-week-end","status":"publish","type":"post","link":"https:\/\/www.ludwig-van.com\/montreal\/2023\/06\/22\/decouverte-le-chemin-des-miracles-un-parcours-a-decouvrir-ce-week-end\/","title":{"rendered":"D\u00c9COUVERTE | Le Chemin des miracles: un parcours immersif \u00e0 d\u00e9couvrir ce week-end"},"content":{"rendered":"<figure id=\"attachment_76724\" aria-describedby=\"caption-attachment-76724\" style=\"width: 1200px\" class=\"wp-caption alignnone\"><img decoding=\"async\" loading=\"lazy\" class=\"size-full wp-image-76724\" src=\"https:\/\/www.ludwig-van.com\/montreal\/wp-content\/uploads\/sites\/3\/2023\/06\/Copie-de-ENTREVUE-18.jpg\" alt=\"Andrew Gray, directeur artistique de Voces Boreales, consid\u00e8re que Le Chemin des miracles est une oeuvre a cappella extraordinaire. (Photo: courtoisie de Voces Boreales)\" width=\"1200\" height=\"628\" \/><figcaption id=\"caption-attachment-76724\" class=\"wp-caption-text\">Andrew Gray, directeur artistique de Voces Boreales, consid\u00e8re que Le Chemin des miracles est une oeuvre a cappella extraordinaire. (Photo: courtoisie de Voces Boreales)<\/figcaption><\/figure>\n<h3><span style=\"color: #808080;\">L&rsquo;ensemble Voces Boreales nous invite cette fin de semaine \u00e0 d\u00e9couvrir son Chemin des miracles, une installation musicale et immersive \u00e0 l&rsquo;\u00c9glise Unie St.James, ouverte jusqu&rsquo;au 24 juin. Andrew Gray, directeur artistique de Voces Boreales, nous en parle.\u00a0<\/span><\/h3>\n<p><strong>LVM: Au d\u00e9part, qu&rsquo;est-ce que le Chemin des miracles?\u00a0<\/strong><\/p>\n<p><strong>Andrew Gray<\/strong>: \u00ab\u00a0Ce projet est l&rsquo;aboutissement d&rsquo;un projet commenc\u00e9 il y a plusieurs ann\u00e9es. L&rsquo;\u0153uvre <em>Path of Miracles<\/em>, de Joby Talbot, a \u00e9t\u00e9 cr\u00e9\u00e9e en 2005 en Angleterre, o\u00f9 j&rsquo;habitais encore \u00e0 l&rsquo;\u00e9poque. J&rsquo;\u00e9tais chanteur au sein du ch\u0153ur qui a command\u00e9 l&rsquo;\u0153uvre et j&rsquo;ai particip\u00e9 \u00e0 la premi\u00e8re. Plusieurs ann\u00e9es plus tard, je suis venu \u00e0 Montr\u00e9al, et j&rsquo;avais apport\u00e9 la partition. Personne ne connaissait cette pi\u00e8ce ici, et \u00e0 mon avis, c&rsquo;est vraiment un des chefs-d&rsquo;\u0153uvre de musique chorale a cappella de cette \u00e9poque. C&rsquo;est une \u0153uvre tr\u00e8s virtuose qui dure une heure. Joby Talbot a commenc\u00e9 sa vie musicale dans un groupe pop qui s&rsquo;appelait <em>Divine Comedy<\/em>, puis il s&rsquo;est tourn\u00e9 vers le classique et il a compos\u00e9 des op\u00e9ras et des ballets. En 2005, il n&rsquo;\u00e9tait pas encore tr\u00e8s connu.<\/p>\n<p><strong>Voces Boreales<\/strong> a \u00e9t\u00e9 le premier ch\u0153ur \u00e0 faire <em>Path of Miracles<\/em> en entier au Canada. Par la suite, nous avons eu l&rsquo;id\u00e9e de cr\u00e9er une installation sonore multisensorielle pour permettre au public de vivre cette exp\u00e9rience. La pi\u00e8ce joue en boucle \u00e0 la journ\u00e9e longue et donne l&rsquo;occasion aux gens de se d\u00e9placer librement pour entendre les voix \u00e0 partir de diff\u00e9rents hauts-parleurs, voir des projections, des lumi\u00e8res install\u00e9e en fonction de l&rsquo;architecture de l&rsquo;\u00e9glise, et ainsi de suite. Les gens qui ach\u00e8tent un billet peuvent rester aussi longtemps qu&rsquo;ils veulent\u00a0\u00bb<\/p>\n<p><strong>LVM: Quel est le th\u00e8me de l&rsquo;\u0153uvre?<\/strong><\/p>\n<p><strong>Andrew Gray:<\/strong> \u00ab\u00a0C&rsquo;est l&rsquo;id\u00e9e de p\u00e8lerinage, de p\u00e8lerin, du Chemin de Compostelle. Les p\u00e8lerins marchent parfois pendant des mois. La pi\u00e8ce raconte en quatre mouvements les \u00e9tapes traditionnelles du Chemin de Compostelle, du d\u00e9but \u00e0 la fin, et toute la symbolique du renouveau que procure l&rsquo;exp\u00e9rience du p\u00e8lerinage. Sur le chemin, la musique aussi raconte des histoires, des mythes de ce parcours, et ce, en cinq langues. Cela cr\u00e9e \u00e9norm\u00e9ment de vari\u00e9t\u00e9 et de couleurs. On peut presque sentir la difficult\u00e9 du chemin et ses \u00e9preuves. C&rsquo;est vraiment une pi\u00e8ce extraordinaire.\u00a0\u00bb<\/p>\n<p>&nbsp;<\/p>\n<div class=\"jetpack-video-wrapper\"><span class=\"embed-youtube\" style=\"text-align:center; display: block;\"><iframe loading=\"lazy\" class=\"youtube-player\" width=\"640\" height=\"360\" src=\"https:\/\/www.youtube.com\/embed\/yUfxgbg2ens?version=3&#038;rel=1&#038;showsearch=0&#038;showinfo=1&#038;iv_load_policy=1&#038;fs=1&#038;hl=fr-FR&#038;autohide=2&#038;wmode=transparent\" allowfullscreen=\"true\" style=\"border:0;\" sandbox=\"allow-scripts allow-same-origin allow-popups allow-presentation\"><\/iframe><\/span><\/div>\n<p>&nbsp;<\/p>\n<h3>\u00c0 savoir:<\/h3>\n<ul>\n<li>Les billets peuvent \u00eatre achet\u00e9s \u00e0 la porte<\/li>\n<li>La pr\u00e9sentation sera continue (en boucle), c&rsquo;est-\u00e0-dire qu&rsquo;elle se d\u00e9roulera en continu. Il se peut que vous arriviez au milieu de la pr\u00e9sentation.<\/li>\n<li>Votre billet vous permet d&rsquo;acc\u00e9der \u00e0 plusieurs reprises \u00e0 l&rsquo;\u00e9v\u00e9nement pendant les heures d&rsquo;ouverture.<\/li>\n<li>Il est conseill\u00e9 de pr\u00e9voir environ une heure et demie pour la totalit\u00e9 de \u00ab\u00a0Le Chemin des miracles\u00a0\u00bb<\/li>\n<\/ul>\n<p>&nbsp;<\/p>\n<h3>Horaire:<\/h3>\n<p>Jeudi 22 juin, 12 h 00 &#8211; 21 h 00<\/p>\n<p>Vendredi 23 juin, 12 h 00 &#8211; 21 h 00<\/p>\n<p>Samedi 24 juin, 12 h 00 &#8211; 20 h 00<\/p>\n<p>\u00c9glise unie St. James United Church.<\/p>\n<p>&nbsp;<\/p>\n<h2><em>Inscrivez-vous \u00e0 notre infolettre! La musique classique et l&rsquo;op\u00e9ra en 5 minutes, chaque jour<\/em> \u00a0<span style=\"color: #ff0000;\"><a style=\"color: #ff0000;\" href=\"https:\/\/ludwig-van.us9.list-manage.com\/subscribe?u=4f785cb3f9058f2393ccad035&amp;id=b9b160c032\" target=\"_blank\" rel=\"noopener noreferrer\">ICI\u00a0<\/a><\/span><\/h2>\n","protected":false},"excerpt":{"rendered":"<p>L&rsquo;ensemble Voces Boreales nous invite cette fin de semaine \u00e0 d\u00e9couvrir son Chemin des miracles, une installation musicale et immersive \u00e0 l&rsquo;\u00c9glise Unie St.James, ouverte jusqu&rsquo;au 24 juin. Andrew Gray, directeur artistique de Voces Boreales, nous en parle.\u00a0<\/p>\n","protected":false},"author":51,"featured_media":76724,"comment_status":"open","ping_status":"open","sticky":false,"template":"","format":"standard","meta":{"om_disable_all_campaigns":false,"jetpack_post_was_ever_published":false},"categories":[42065,10956,11,10998],"tags":[42066,3528],"yst_prominent_words":[27921,40155,16878,40169,18077],"acf":[],"jetpack_featured_media_url":"https:\/\/www.ludwig-van.com\/montreal\/wp-content\/uploads\/sites\/3\/2023\/06\/Copie-de-ENTREVUE-18.jpg","jetpack_sharing_enabled":true,"jetpack_shortlink":"https:\/\/wp.me\/p9bdYt-jXr","amp_enabled":true,"_links":{"self":[{"href":"https:\/\/www.ludwig-van.com\/montreal\/wp-json\/wp\/v2\/posts\/76721"}],"collection":[{"href":"https:\/\/www.ludwig-van.com\/montreal\/wp-json\/wp\/v2\/posts"}],"about":[{"href":"https:\/\/www.ludwig-van.com\/montreal\/wp-json\/wp\/v2\/types\/post"}],"author":[{"embeddable":true,"href":"https:\/\/www.ludwig-van.com\/montreal\/wp-json\/wp\/v2\/users\/51"}],"replies":[{"embeddable":true,"href":"https:\/\/www.ludwig-van.com\/montreal\/wp-json\/wp\/v2\/comments?post=76721"}],"version-history":[{"count":4,"href":"https:\/\/www.ludwig-van.com\/montreal\/wp-json\/wp\/v2\/posts\/76721\/revisions"}],"predecessor-version":[{"id":76727,"href":"https:\/\/www.ludwig-van.com\/montreal\/wp-json\/wp\/v2\/posts\/76721\/revisions\/76727"}],"wp:featuredmedia":[{"embeddable":true,"href":"https:\/\/www.ludwig-van.com\/montreal\/wp-json\/wp\/v2\/media\/76724"}],"wp:attachment":[{"href":"https:\/\/www.ludwig-van.com\/montreal\/wp-json\/wp\/v2\/media?parent=76721"}],"wp:term":[{"taxonomy":"category","embeddable":true,"href":"https:\/\/www.ludwig-van.com\/montreal\/wp-json\/wp\/v2\/categories?post=76721"},{"taxonomy":"post_tag","embeddable":true,"href":"https:\/\/www.ludwig-van.com\/montreal\/wp-json\/wp\/v2\/tags?post=76721"},{"taxonomy":"yst_prominent_words","embeddable":true,"href":"https:\/\/www.ludwig-van.com\/montreal\/wp-json\/wp\/v2\/yst_prominent_words?post=76721"}],"curies":[{"name":"wp","href":"https:\/\/api.w.org\/{rel}","templated":true}]}}