{"id":76631,"date":"2023-06-17T08:51:28","date_gmt":"2023-06-17T12:51:28","guid":{"rendered":"https:\/\/www.ludwig-van.com\/montreal\/?p=76631"},"modified":"2023-06-17T08:51:28","modified_gmt":"2023-06-17T12:51:28","slug":"communaute-troisieme-edition-du-defi-i-musici-ce-dimanche","status":"publish","type":"post","link":"https:\/\/www.ludwig-van.com\/montreal\/2023\/06\/17\/communaute-troisieme-edition-du-defi-i-musici-ce-dimanche\/","title":{"rendered":"COMMUNAUT\u00c9 | Troisi\u00e8me \u00e9dition du D\u00e9fi I Musici ce dimanche"},"content":{"rendered":"<h3 style=\"text-align: left;\"><span style=\"color: #808080;\">Le D\u00e9fi I Musici vous invite \u00e0 sa 3e \u00e9dition<\/span><\/h3>\n<figure id=\"attachment_76632\" aria-describedby=\"caption-attachment-76632\" style=\"width: 1200px\" class=\"wp-caption alignnone\"><img decoding=\"async\" loading=\"lazy\" class=\"size-full wp-image-76632\" src=\"https:\/\/www.ludwig-van.com\/montreal\/wp-content\/uploads\/sites\/3\/2023\/06\/Copie-de-NOUVELLE-86.jpg\" alt=\"Elsa Barozzi (23 ans, violon, Montr\u00e9al), Louis Duffayet (17 ans, violon, Montr\u00e9al), Michael Li (16 ans, violon, Pointe-Claire) et Avital LaCroix (15 ans, violon, Montr\u00e9al).Jessie Sun (15 ans, violon, Montr\u00e9al), Jean-Fran\u00e7ois Rivest (Directeur artistique), Juliette Leclerc (23 ans, violoncelle, Montr\u00e9al). (Photo: I Musici de Montr\u00e9al)\" width=\"1200\" height=\"628\" \/><figcaption id=\"caption-attachment-76632\" class=\"wp-caption-text\">Elsa Barozzi (23 ans, violon, Montr\u00e9al), Louis Duffayet (17 ans, violon, Montr\u00e9al), Michael Li (16 ans, violon, Pointe-Claire) et Avital LaCroix (15 ans, violon, Montr\u00e9al).Jessie Sun (15 ans, violon, Montr\u00e9al), Jean-Fran\u00e7ois Rivest (Directeur artistique), Juliette Leclerc (23 ans, violoncelle, Montr\u00e9al). (Photo: I Musici de Montr\u00e9al)<\/figcaption><\/figure>\n<h1 style=\"text-align: center;\"><del>Un message d&rsquo;I Musici de Montr\u00e9al<\/del><\/h1>\n<p>&nbsp;<\/p>\n<p style=\"text-align: center;\"><strong>Le dimanche 18 juin 2023 \u00e0 14 h, Salle Pierre-Mercure du Centre Pierre-P\u00e9ladeau<\/strong><\/p>\n<p><strong>L\u2019Orchestre de chambre I Musici de Montr\u00e9al<\/strong> est fier de pr\u00e9senter sa 3e \u00e9dition du <strong>D\u00c9FI I Musici<\/strong>, le dimanche <strong>18 juin, 14 h, \u00e0 la salle Pierre-Mercure<\/strong> du Centre Pierre-P\u00e9ladeau \u00e0 Montr\u00e9al. Pour cette occasion unique, une dizaine de jeunes musiciens provenant d\u2019un peu partout au Qu\u00e9bec auront la chance de partager la sc\u00e8ne avec l\u2019un des orchestres de chambre les plus prestigieux du pays.<\/p>\n<p><strong>I Musici de Montr\u00e9al<\/strong> a invit\u00e9 r\u00e9cemment les jeunes musiciens du Qu\u00e9bec, \u00e2g\u00e9s de 5 \u00e0 25 ans, quel que soit leur instrument, et \u00e0 enregistrer une courte vid\u00e9o de pr\u00e9sentation et une pi\u00e8ce musicale (ou un extrait) dont ils sont particuli\u00e8rement fiers, et qui t\u00e9moigne de leur pers\u00e9v\u00e9rance et leur passion musicale. Parmi toutes les candidatures re\u00e7ues, une dizaine de musiciens coups de c\u0153urs sont invit\u00e9s \u00e0 participer au concert du 18 juin :<\/p>\n<p><strong>En solo<\/strong> : Louis-Jacob Chandonnet, harpe, 11 ans, Trois-Rivi\u00e8res ; Ren Karlicek et Iza Kamnitzer, duo 2 violons, 8 ans, Montr\u00e9al; \u00c8ve L\u00e9a Carrier, violon, 12 ans, L\u00e9vis; Juliette Leclerc, violoncelle, 23 ans, Montr\u00e9al ; Jessie Sun, violon, 15 ans, Montr\u00e9al<\/p>\n<p>Parmi les musiciens d\u2019IMM : Avital Lacroix, violon, 15 ans, Montr\u00e9al ; Elsa Barozzi, violon, 23 ans, Montr\u00e9al; Louis Dufayet, violon, 17 ans, Montr\u00e9al ; Michael Li, violon, 16 ans, Pointe-Claire ; Kim Carrier, violon, 9 ans, L\u00e9vis<\/p>\n<p>Par ce projet rassembleur, <strong>I Musici de Montr\u00e9al<\/strong> est fier de soutenir les jeunes musiciens du Qu\u00e9bec dans leur apprentissage de la musique classique, de cultiver leur passion et de les encourager vers l\u2019atteinte de l\u2019excellence.<\/p>\n<p><em>Ce communiqu\u00e9 de presse est publi\u00e9 dans le cadre de nos services aux membres de Ludwig van Montr\u00e9al. Pour conna\u00eetre nos produits et services, \u00e9crivez-nous \u00e0 <\/em><a href=\"mailto:caroline@ludwig-van.com\" target=\"_blank\" rel=\"noopener\">caroline@ludwig-van.com\u00a0<\/a><\/p>\n<h2><em>Inscrivez-vous \u00e0 notre infolettre! La musique classique et l&rsquo;op\u00e9ra en 5 minutes, chaque jour<\/em> \u00a0<span style=\"color: #ff0000;\"><a style=\"color: #ff0000;\" href=\"https:\/\/ludwig-van.us9.list-manage.com\/subscribe?u=4f785cb3f9058f2393ccad035&amp;id=b9b160c032\" target=\"_blank\" rel=\"noopener noreferrer\">ICI\u00a0<\/a><\/span><\/h2>\n","protected":false},"excerpt":{"rendered":"<p>L\u2019Orchestre de chambre I Musici de Montr\u00e9al est fier de pr\u00e9senter sa 3e \u00e9dition du D\u00c9FI I Musici, le dimanche 18 juin, 14 h, \u00e0 la salle Pierre-Mercure du Centre Pierre-P\u00e9ladeau \u00e0 Montr\u00e9al.<\/p>\n","protected":false},"author":1,"featured_media":76632,"comment_status":"open","ping_status":"open","sticky":false,"template":"","format":"standard","meta":{"om_disable_all_campaigns":false,"jetpack_post_was_ever_published":false},"categories":[42065,10956,13504],"tags":[42066,40052,20645],"yst_prominent_words":[21874,21880,24039,40049,10150,10146,10148,35065,18872,35057],"acf":[],"jetpack_featured_media_url":"https:\/\/www.ludwig-van.com\/montreal\/wp-content\/uploads\/sites\/3\/2023\/06\/Copie-de-NOUVELLE-86.jpg","jetpack_sharing_enabled":true,"jetpack_shortlink":"https:\/\/wp.me\/p9bdYt-jVZ","amp_enabled":true,"_links":{"self":[{"href":"https:\/\/www.ludwig-van.com\/montreal\/wp-json\/wp\/v2\/posts\/76631"}],"collection":[{"href":"https:\/\/www.ludwig-van.com\/montreal\/wp-json\/wp\/v2\/posts"}],"about":[{"href":"https:\/\/www.ludwig-van.com\/montreal\/wp-json\/wp\/v2\/types\/post"}],"author":[{"embeddable":true,"href":"https:\/\/www.ludwig-van.com\/montreal\/wp-json\/wp\/v2\/users\/1"}],"replies":[{"embeddable":true,"href":"https:\/\/www.ludwig-van.com\/montreal\/wp-json\/wp\/v2\/comments?post=76631"}],"version-history":[{"count":2,"href":"https:\/\/www.ludwig-van.com\/montreal\/wp-json\/wp\/v2\/posts\/76631\/revisions"}],"predecessor-version":[{"id":76634,"href":"https:\/\/www.ludwig-van.com\/montreal\/wp-json\/wp\/v2\/posts\/76631\/revisions\/76634"}],"wp:featuredmedia":[{"embeddable":true,"href":"https:\/\/www.ludwig-van.com\/montreal\/wp-json\/wp\/v2\/media\/76632"}],"wp:attachment":[{"href":"https:\/\/www.ludwig-van.com\/montreal\/wp-json\/wp\/v2\/media?parent=76631"}],"wp:term":[{"taxonomy":"category","embeddable":true,"href":"https:\/\/www.ludwig-van.com\/montreal\/wp-json\/wp\/v2\/categories?post=76631"},{"taxonomy":"post_tag","embeddable":true,"href":"https:\/\/www.ludwig-van.com\/montreal\/wp-json\/wp\/v2\/tags?post=76631"},{"taxonomy":"yst_prominent_words","embeddable":true,"href":"https:\/\/www.ludwig-van.com\/montreal\/wp-json\/wp\/v2\/yst_prominent_words?post=76631"}],"curies":[{"name":"wp","href":"https:\/\/api.w.org\/{rel}","templated":true}]}}