{"id":76624,"date":"2023-06-16T07:14:40","date_gmt":"2023-06-16T11:14:40","guid":{"rendered":"https:\/\/www.ludwig-van.com\/montreal\/?p=76624"},"modified":"2023-06-16T07:40:12","modified_gmt":"2023-06-16T11:40:12","slug":"nouvelle-frederic-alexandre-michaud-nomme-chef-en-residence-thunder-bay","status":"publish","type":"post","link":"https:\/\/www.ludwig-van.com\/montreal\/2023\/06\/16\/nouvelle-frederic-alexandre-michaud-nomme-chef-en-residence-thunder-bay\/","title":{"rendered":"NOUVELLE | Fr\u00e9d\u00e9ric-Alexandre Michaud nomm\u00e9 chef en r\u00e9sidence \u00e0 Thunder Bay"},"content":{"rendered":"<figure id=\"attachment_76626\" aria-describedby=\"caption-attachment-76626\" style=\"width: 1200px\" class=\"wp-caption alignnone\"><img decoding=\"async\" loading=\"lazy\" class=\"size-full wp-image-76626\" src=\"https:\/\/www.ludwig-van.com\/montreal\/wp-content\/uploads\/sites\/3\/2023\/06\/Copie-de-NOUVELLE-85.jpg\" alt=\"Fr\u00e9d\u00e9ric-Alexandre Michaud, chef d'orchestre (Photo: Toby Winarto)\" width=\"1200\" height=\"628\" \/><figcaption id=\"caption-attachment-76626\" class=\"wp-caption-text\">Fr\u00e9d\u00e9ric-Alexandre Michaud, chef d&rsquo;orchestre (Photo: Toby Winarto)<\/figcaption><\/figure>\n<h3><span style=\"color: #808080;\">Le chef qu\u00e9b\u00e9cois Fr\u00e9d\u00e9ric-Alexandre Michaud vient d&rsquo;\u00eatre nomm\u00e9 chef en r\u00e9sidence et ambassadeur communautaire \u00e0 l&rsquo;Orchestre symphonique de Thunder Bay, en Ontario.\u00a0<\/span><\/h3>\n<p>Il succ\u00e8de ainsi \u00e0 la cheffe <strong>Mary Fuller<\/strong>, qui a quitt\u00e9 ce poste l&rsquo;an dernier.<\/p>\n<p>Originaire de Sainte-Anne-des-Monts, <strong>Fr\u00e9d\u00e9ric-Alexandre Michaud<\/strong> se destine depuis longtemps de devenir chef d&rsquo;orchestre. On se souviendra notamment de sa participation \u00e0 l&rsquo;\u00e9mission Le Banquier, \u00e0 TVA, avec l&rsquo;<strong>Orchestre symphonique de Montr\u00e9al<\/strong> et <strong>Kent Nagano<\/strong>, en 2015. Il avait alors remport\u00e9 une somme d&rsquo;argent et s&rsquo;\u00e9tait vu offrir un violon.<\/p>\n<p>Depuis ce temps, le musicien a fait \u00e9norm\u00e9ment de chemin en compl\u00e9tant pas moins de deux ma\u00eetrises \u00e0 l&rsquo;Universit\u00e9 McGill, une en direction d&rsquo;orchestre et l&rsquo;autre en violon. Il est aussi devenu r\u00e9cipiendaire de la bourse Christa et Franz-Paul Decker en direction d&rsquo;orchestre en 2022 ainsi que de la <em>Scarlet Key<\/em> de l&rsquo;Universit\u00e9 McGill. Il termine actuellement un doctorat en direction d&rsquo;orchestre \u00e0 McGill sous la direction de Jean Lesage ainsi que des chefs <strong>David Itkin<\/strong>, <strong>Jonathan Dagenais<\/strong> et <strong>M\u00e9lanie L\u00e9onard.<\/strong><\/p>\n<p>D&rsquo;autre part, il s&rsquo;est perfectionn\u00e9 avec<strong> Alexander Shelley<\/strong> en 2021, gr\u00e2ce \u00e0 un partenariat avec l&rsquo;Orchestre du Centre national des arts, ainsi qu&rsquo;avec le chef fran\u00e7ais <strong>Fran\u00e7ois-Xavier Roth<\/strong> en 2019 gr\u00e2ce \u00e0 un partenariat avec l&rsquo;Orchestre symphonique de Montr\u00e9al.<\/p>\n<p>\u00c0 l&rsquo;\u00e9t\u00e9 2022, il a \u00e9t\u00e9 chef assistant d&rsquo;<strong>Alain Trudel<\/strong> ainsi que sept chefs invit\u00e9s au National Academy Orchestra of Canada. \u00c0 l&rsquo;\u00e9t\u00e9 2021, il a \u00e9tudi\u00e9 la direction d&rsquo;orchestre au Domaine Forget avec les maestros <strong>Bramwell Tovey<\/strong> et <strong>Yannick N\u00e9zet-S\u00e9guin.<\/strong><\/p>\n<p>D&rsquo;autre part, il est actuellement directeur artistique de l&rsquo;Orchestre symphonique des jeunes de Joliette (OSJJ) et de son propre ensemble le Brownies Concerto Orchestra (BCO).<\/p>\n<p><strong>Andrea Sears<\/strong>, pr\u00e9sidente du conseil d&rsquo;administration de TBSO, se r\u00e9jouit de cette nomination. \u00ab\u00a0Fr\u00e9d\u00e9ric s&rsquo;est d\u00e9marqu\u00e9 dans le processus de recherche non seulement pour sa passion et son talent, mais aussi pour son d\u00e9vouement \u00e0 b\u00e2tir la communaut\u00e9\u00a0\u00bb, a-t-elle d\u00e9clar\u00e9. \u00ab\u00a0Nous sommes certains qu&rsquo;il sera un merveilleux ajout \u00e0 notre orchestre et \u00e0 notre communaut\u00e9.\u00a0\u00bb<\/p>\n<p><strong>Fr\u00e9d\u00e9ric-Alexandre Michaud<\/strong> entre donc dans le club des nombreux chefs qu\u00e9b\u00e9cois \u00e0 occuper des postes ailleurs au Canada. Il rejoint ainsi <strong>Dina Gilbert<\/strong>, directrice musicale au Kamloops Symphony, <strong>Andrei Feher<\/strong> (directeur musical du Kitchener-Waterloo Symphony), <strong>Jean-S\u00e9bastien Vall\u00e9e<\/strong> (directeur artistique du Toronto Mendelssohn Choir) <strong>Simon Rivard<\/strong> (directeur musical de l&rsquo;Op\u00e9ra d&rsquo;Edmonton, et chef du Toronto Symphony Youth Orchestra), <strong>M\u00e9lanie L\u00e9onard<\/strong> (directrice musicale de Symphonie Nouveau-Brunswick),\u00a0 <strong>Alain Trudel<\/strong> (directeur artistique du Brott Music Festival) et bien s\u00fbr, <strong>Marc David<\/strong>, qui est \u00e0 la t\u00eate de l&rsquo;Orchestre symphonique de Terre-Neuve depuis de nombreuses ann\u00e9es.<\/p>\n<p>Toutes nos f\u00e9licitations \u00e0 Fr\u00e9d\u00e9ric-Alexandre Michaud pour cette nomination!<\/p>\n<h2><em>Inscrivez-vous \u00e0 notre infolettre! La musique classique et l&rsquo;op\u00e9ra en 5 minutes, chaque jour<\/em> \u00a0<span style=\"color: #ff0000;\"><a style=\"color: #ff0000;\" href=\"https:\/\/ludwig-van.us9.list-manage.com\/subscribe?u=4f785cb3f9058f2393ccad035&amp;id=b9b160c032\" target=\"_blank\" rel=\"noopener noreferrer\">ICI\u00a0<\/a><\/span><\/h2>\n","protected":false},"excerpt":{"rendered":"<p>Le chef qu\u00e9b\u00e9cois Fr\u00e9d\u00e9ric-Alexandre Michaud vient d&rsquo;\u00eatre nomm\u00e9 chef en r\u00e9sidence et ambassadeur communautaire \u00e0 l&rsquo;Orchestre symphonique de Thunder Bay, en Ontario.\u00a0<\/p>\n","protected":false},"author":1,"featured_media":76626,"comment_status":"open","ping_status":"open","sticky":false,"template":"","format":"standard","meta":{"om_disable_all_campaigns":false,"jetpack_post_was_ever_published":false},"categories":[42065,10956,10992],"tags":[42066,4485,17219],"yst_prominent_words":[8651,10006,10330,10444,9851,9847,11678,19446,28614,9813,9808,11675,19450,28635,9839,9870],"acf":[],"jetpack_featured_media_url":"https:\/\/www.ludwig-van.com\/montreal\/wp-content\/uploads\/sites\/3\/2023\/06\/Copie-de-NOUVELLE-85.jpg","jetpack_sharing_enabled":true,"jetpack_shortlink":"https:\/\/wp.me\/p9bdYt-jVS","amp_enabled":true,"_links":{"self":[{"href":"https:\/\/www.ludwig-van.com\/montreal\/wp-json\/wp\/v2\/posts\/76624"}],"collection":[{"href":"https:\/\/www.ludwig-van.com\/montreal\/wp-json\/wp\/v2\/posts"}],"about":[{"href":"https:\/\/www.ludwig-van.com\/montreal\/wp-json\/wp\/v2\/types\/post"}],"author":[{"embeddable":true,"href":"https:\/\/www.ludwig-van.com\/montreal\/wp-json\/wp\/v2\/users\/1"}],"replies":[{"embeddable":true,"href":"https:\/\/www.ludwig-van.com\/montreal\/wp-json\/wp\/v2\/comments?post=76624"}],"version-history":[{"count":4,"href":"https:\/\/www.ludwig-van.com\/montreal\/wp-json\/wp\/v2\/posts\/76624\/revisions"}],"predecessor-version":[{"id":76629,"href":"https:\/\/www.ludwig-van.com\/montreal\/wp-json\/wp\/v2\/posts\/76624\/revisions\/76629"}],"wp:featuredmedia":[{"embeddable":true,"href":"https:\/\/www.ludwig-van.com\/montreal\/wp-json\/wp\/v2\/media\/76626"}],"wp:attachment":[{"href":"https:\/\/www.ludwig-van.com\/montreal\/wp-json\/wp\/v2\/media?parent=76624"}],"wp:term":[{"taxonomy":"category","embeddable":true,"href":"https:\/\/www.ludwig-van.com\/montreal\/wp-json\/wp\/v2\/categories?post=76624"},{"taxonomy":"post_tag","embeddable":true,"href":"https:\/\/www.ludwig-van.com\/montreal\/wp-json\/wp\/v2\/tags?post=76624"},{"taxonomy":"yst_prominent_words","embeddable":true,"href":"https:\/\/www.ludwig-van.com\/montreal\/wp-json\/wp\/v2\/yst_prominent_words?post=76624"}],"curies":[{"name":"wp","href":"https:\/\/api.w.org\/{rel}","templated":true}]}}