{"id":76515,"date":"2023-06-13T08:29:00","date_gmt":"2023-06-13T12:29:00","guid":{"rendered":"https:\/\/www.ludwig-van.com\/montreal\/?p=76515"},"modified":"2023-06-13T08:29:00","modified_gmt":"2023-06-13T12:29:00","slug":"choix-de-la-redaction-les-concerts-classiques-les-decouvrir-cette-semaine","status":"publish","type":"post","link":"https:\/\/www.ludwig-van.com\/montreal\/2023\/06\/13\/choix-de-la-redaction-les-concerts-classiques-les-decouvrir-cette-semaine\/","title":{"rendered":"CHOIX DE LA R\u00c9DACTION | Les concerts classiques \u00e0 d\u00e9couvrir cette semaine"},"content":{"rendered":"<h3><span style=\"color: #808080;\">Concerts de musique classique \u00e0 Montr\u00e9al et dans les environs &#8211; 13 au 18 juin 2023<\/span><\/h3>\n<figure id=\"attachment_76532\" aria-describedby=\"caption-attachment-76532\" style=\"width: 1200px\" class=\"wp-caption alignnone\"><img decoding=\"async\" loading=\"lazy\" class=\"size-full wp-image-76532\" src=\"https:\/\/www.ludwig-van.com\/montreal\/wp-content\/uploads\/sites\/3\/2023\/06\/Copie-de-CONCERTS-2023-06-13T081848.185.jpg\" alt=\"Alain Trudel (Photo: Brott Music Festival), Les Jardins chor\u00e9graphiques (Photo fournie par Montr\u00e9al baroque), Le Quatuor Isidore et Philippe Chiu (Photo fournie par le FMCM)\" width=\"1200\" height=\"628\" \/><figcaption id=\"caption-attachment-76532\" class=\"wp-caption-text\">Alain Trudel (Photo: Brott Music Festival), Les Jardins chor\u00e9graphiques (Photo fournie par Montr\u00e9al baroque), Le Quatuor Isidore et Philippe Chiu (Photo fournie par le FMCM)<\/figcaption><\/figure>\n<h3><span style=\"color: #808080;\">La semaine est encore bien remplie avec une multitude de concerts des trois festivals en cours \u00e0 Montr\u00e9al et sur la Rive-Sud: le Festival Montr\u00e9al baroque, le Festival de musique de chambre de Montr\u00e9al, et le Festival Classica. Voici nos Choix de la r\u00e9daction, du 13 au 18 juin 2023.\u00a0<\/span><\/h3>\n<h4>Pour ne pas rater nos suggestions de concerts et autres articles, <a href=\"https:\/\/ludwig-van.us9.list-manage.com\/subscribe?u=4f785cb3f9058f2393ccad035&amp;id=b9b160c032\" target=\"_blank\" rel=\"noopener\">abonnez-vous \u00e0 notre infolettre gratuite.\u00a0<\/a><\/h4>\n<p>&nbsp;<\/p>\n<p style=\"text-align: center;\"><img decoding=\"async\" loading=\"lazy\" class=\"alignnone size-full wp-image-76345\" src=\"https:\/\/www.ludwig-van.com\/montreal\/wp-content\/uploads\/sites\/3\/2023\/05\/Bach_-intemporel-et-moderne.jpg\" alt=\"\" width=\"940\" height=\"470\" \/><\/p>\n<h3>Voces Boreales: Bach l&rsquo;immortel<\/h3>\n<p>Un programme o\u00f9 l&rsquo;ensemble <strong>Voces Boreales<\/strong> nous fera r\u00e9entendre les \u0153uvres de Bach en montrant son influence sur les compositeurs du XIXe au XXIe si\u00e8cle, de Mendelssohn \u00e0 Evangelista. Le programme nous propose des \u0153uvres de Healy Willan, Avro P\u00e4rt, Sven-David Sandstr\u00f6m. F\u00e9lix Mendelssohn, Knut Nystedt et Jose Evangelista. Ces compositions mettront en \u00e9vidence l\u2019impact de J.S. Bach et la mani\u00e8re dont il a influenc\u00e9 leur parcours cr\u00e9atif.<\/p>\n<h3>Le 14 juin, 19 h 30, Chapelle Notre-Dame de Bon-Secours <a href=\"https:\/\/www.eventbrite.ca\/e\/bach-tickets-530570329137\" target=\"_blank\" rel=\"noopener\">D\u00c9TAILS ET BILLETS<\/a><\/h3>\n<p>&nbsp;<\/p>\n<figure id=\"attachment_75938\" aria-describedby=\"caption-attachment-75938\" style=\"width: 1000px\" class=\"wp-caption alignnone\"><img decoding=\"async\" loading=\"lazy\" class=\"size-full wp-image-75938\" src=\"https:\/\/www.ludwig-van.com\/montreal\/wp-content\/uploads\/sites\/3\/2023\/05\/FMB-Anne-Marie-Lacoursiere-danse.png\" alt=\"Anne-Marie Lacoursi\u00e8re, sp\u00e9cialiste des danses baroques et anciennes. (Photo: courtoisie du Festival Montr\u00e9al Baroque)\" width=\"1000\" height=\"563\" \/><figcaption id=\"caption-attachment-75938\" class=\"wp-caption-text\">Anne-Marie Lacoursi\u00e8re, sp\u00e9cialiste des danses baroques et anciennes. (Photo: courtoisie du Festival Montr\u00e9al Baroque)<\/figcaption><\/figure>\n<h3>Festival Montr\u00e9al baroque<\/h3>\n<p>Le <strong>Festival Montr\u00e9al baroque<\/strong> est de retour! \u00c7a se passe <strong>du 15 au 18 juin<\/strong> dans plusieurs lieux du Vieux-Montr\u00e9al. Pr\u00e8s d&rsquo;une vingtaine d&rsquo;\u00e9v\u00e9nements aux th\u00e8mes et aux titres les plus cr\u00e9atifs les uns que les autres sont au menu. Survol:<\/p>\n<ul>\n<li><em><strong>Paix, peste et party:<\/strong><\/em> avec Myriam Leblanc et Meeri Pulakka sopranos, l&rsquo;Orchestre Baroque de Finlande, le Barokkanerne et l&rsquo;Ensemble Caprice. Le 15 juin, 19 h, Chapelle Notre-Dame-de-Bon-Secours<\/li>\n<li><em><strong>Feux et lumi\u00e8re<\/strong><\/em>: Concert intime avec Guillaume Villeneuve, violon, et Lucas Villeneuve, clavecin. Le 15 juin, 21 h, vo\u00fbte de la Chapelle Notre-Dame-de-Bon-Secours<\/li>\n<li><em><strong>Corelli confetti:<\/strong> <\/em>Concert intime avec Vincent Lauzer, fl\u00fbte \u00e0 bec, et Mark Edwards, clavecin. Le 16 juin 2023, 17 h, Vo\u00fbte de la Chapelle Notre-Dame-de-Bon-Secours<\/li>\n<li><em><strong>Solstice:<\/strong> <\/em>Grand concert et programme double avec Ragnhild Hemsing, violon Hardanger, et le Barokkanerne, et l&rsquo;Orchestre baroque de Finlande. Le 16 juin 2023, 19 h, Chapelle Notre-Dame-de-Bon-Secours<\/li>\n<li><strong>M\u00e9andres amoureux:<\/strong> parcours musical et historique. D\u00e9part en fran\u00e7ais \u00e0 9 h et d\u00e9part en anglais \u00e0 9 h 30, Mus\u00e9e Marguerite-Bourgeoys. Nouveaux d\u00e9parts en fran\u00e7ais et en anglais \u00e0 11 h et 11 h 30.<\/li>\n<li><strong>Tic-toc-choc:<\/strong> concert intime avec Matthias Maute et Vincent Lauzer, fl\u00fbtes \u00e0 bec. Le 17 juin 2023 &#8211; 13:00, Chapelle Notre-Dame-de-Bon-Secours<\/li>\n<li><strong>Flatteries:<\/strong> concert intime avec Mark Edwards, clavecin. Le 17 juin, 16 h, vo\u00fbte de la Chapelle Notre-Dame-de-Bon-Secours<\/li>\n<li><strong>Chaos, conciliation, confettis<\/strong>: grand concert avec Janelle Lucyk, soprano, et le Consort des Voix humaines. Le 17 juin 2023, 19 h, Chapelle Notre-Dame-de-Bon-Secours.<\/li>\n<li><strong>Le Confessionnal: P\u00e9ch\u00e9s: n<\/strong>ightclub avec Catherine St-Arnaud, soprano, Tanya LaPerri\u00e8re, violon, Margaret Little, viole de gambe, Doroth\u00e9a Ventura, clavecin. Le 17 juin 2023, 21 h, L&rsquo;Orbite.<\/li>\n<li><strong>Sph\u00e8res apocalyptiques<\/strong>: concert intime avec S\u00e9bastien Provencher, danseur, et l&rsquo;ensemble Le Petit Rien. Le 18 juin 2023, 13 h, Centre Phi.<\/li>\n<li><strong>Mysterium! Together:<\/strong> spectacle multim\u00e9dia avec Denise Torre Orme\u00f1o, soprano, Anne-Rose Cupidon, chor\u00e9graphe, et l&rsquo;Ensemble Caprice, le Ch\u0153ur Nigra Sum et l&rsquo;Ensemble ArtChoral, sous la direction de Fr\u00e9d\u00e9ricka Petit-Homme. Le 18 juin 2023, 15 h, \u00c9difice Wilder.<\/li>\n<li><strong>Ruptures et alliances:<\/strong> grand concert avec Les Jardins Chor\u00e9graphiques, l&rsquo;Ensemble ArtChoral et La Bande Montr\u00e9al Baroque. Le dimanche 18 juin, 20 h, Edifice Wilder.<\/li>\n<\/ul>\n<h3><a href=\"https:\/\/montrealbaroque.com\/fr\/edition-2021\/concerts\" target=\"_blank\" rel=\"noopener\">D\u00c9TAILS ET BILLETS DU FESTIVAL MONTR\u00c9AL BAROQUE<\/a><\/h3>\n<p>&nbsp;<\/p>\n<figure id=\"attachment_76081\" aria-describedby=\"caption-attachment-76081\" style=\"width: 1200px\" class=\"wp-caption alignnone\"><img decoding=\"async\" loading=\"lazy\" class=\"size-full wp-image-76081\" src=\"https:\/\/www.ludwig-van.com\/montreal\/wp-content\/uploads\/sites\/3\/2023\/05\/Isidore-Quatuor_Philip-Chiu.jpg\" alt=\"Quatuor Isidore, Philip Chiu (Photo: fournie par le FMCM)\" width=\"1200\" height=\"655\" \/><figcaption id=\"caption-attachment-76081\" class=\"wp-caption-text\">Quatuor Isidore,<br \/>Philip Chiu (Photo: fournie par le FMCM)<\/figcaption><\/figure>\n<h3>Festival de musique de chambre de Montr\u00e9al<\/h3>\n<p>Le FMCM entre dans sa derni\u00e8re semaine avec plusieurs magnifiques concerts au programme. Le tout se d\u00e9roule enti\u00e8rement \u00e0 la Salle Bourgie, \u00e0 l&rsquo;exception du concert de cl\u00f4ture, qui aura lieu \u00e0 la Maison symphonique. Survol:<\/p>\n<ul>\n<li><strong>Giora Schmidt<\/strong>: un concert midi gratuit de 55 minutes mettant en vedette le violoniste am\u00e9ricain Giora Schmidt et les talents qu\u00e9b\u00e9cois du Quatuor Vatra. Le 14 juin, midi, salle Bourgie.<\/li>\n<li><strong>Contrepoint<\/strong>: un surprenant duo piano-claquettes. Le 14 juin, 19 h 30, salle Bourgie.<\/li>\n<li><strong>Quatuor Isidore<\/strong>: concert midi de 55 minutes avec les gagnants de l\u2019\u00e9dition 2022 du Concours international de quatuor \u00e0 cordes de Banff offrant un avant-go\u00fbt du concert Premiers Prix donn\u00e9 le 17 juin. Le 16 juin, midi, Salle Bourgie.<\/li>\n<li><strong>Hommage \u00e0 Oliver Jones<\/strong>, avec Robi Botos, Taurey Butler, Lorraine Desmarais, Michel Donato, Jim Doxas, Eric Lagac\u00e9, Dave Laing, Ranee Lee. Le 16 juin, 19 h 30, Salle Bourgie.<\/li>\n<li><strong>No\u00e9mie et ses amis<\/strong>: concert midi gratuit de 55 minutes avec No\u00e9mie Raymond-Friset, violoncelle, Bora Kim, violon, Ryan Davis, alto, Kevin Ahfat, piano. Le 17 juin, midi, Salle Bourgie.<\/li>\n<li><strong>Premier prix<\/strong>: le Quatuor Isidore, gagnant du Concours international de quatuor \u00e0 cordes de Banff, avec Philippe Chiu, pianiste. Le 17 juin, 19 h 30, Salle Bourgie.<\/li>\n<li><strong>Obsession:<\/strong> un concert qui met en lumi\u00e8re la relation de Tcha\u00efkovski avec sa protectrice, Nadezhda von Meck. Avec plusieurs artistes invit\u00e9s du Festival, narration de Jean Marchand sur des textes de Mich\u00e8le Marchand. Le 18 juin, 15 h 30, Maison symphonique.<\/li>\n<\/ul>\n<h3><a href=\"https:\/\/festivalmontreal.org\/fr\/#program-anchor-fr\" target=\"_blank\" rel=\"noopener\">D\u00c9TAILS ET BILLETS DU FESTIVAL DE MUSIQUE DE CHAMBRE DE MONTR\u00c9AL<\/a><\/h3>\n<p>&nbsp;<\/p>\n<p>&nbsp;<\/p>\n<figure id=\"attachment_76119\" aria-describedby=\"caption-attachment-76119\" style=\"width: 475px\" class=\"wp-caption aligncenter\"><img decoding=\"async\" loading=\"lazy\" class=\"wp-image-76119 size-full\" src=\"https:\/\/www.ludwig-van.com\/montreal\/wp-content\/uploads\/sites\/3\/2023\/05\/blob_miguela.jpg\" alt=\"\" width=\"475\" height=\"600\" \/><figcaption id=\"caption-attachment-76119\" class=\"wp-caption-text\">Illustration de Miguela, par Maxime Bigras.<\/figcaption><\/figure>\n<h3>Festival Classica<\/h3>\n<p>C&rsquo;est aussi la derni\u00e8re semaine du <strong>Festival Classica<\/strong>, au terme d&rsquo;une \u00e9dition qui nous a permis de d\u00e9couvrir la brillante initiative du <strong>Nouvel Op\u00e9ra M\u00e9tropolitain.\u00a0<\/strong><\/p>\n<h3>Miguela<\/h3>\n<p>Faisant partie des trois premi\u00e8res repr\u00e9sentations du <strong>Nouvel Op\u00e9ra M\u00e9tropolitain<\/strong>, ce grand op\u00e9ra fran\u00e7ais raconte l\u2019histoire d\u2019une marquise espagnole nomm\u00e9e Miguela \u00e9prise d\u2019un colonel fran\u00e7ais durant la guerre d\u2019ind\u00e9pendance d\u2019Espagne. En version concert avec avec une distributions d&rsquo;artistes lyriques du Qu\u00e9bec. <strong>Le mercredi 14 juin, 19 h 30, salle Claude-Champagne.\u00a0<\/strong><\/p>\n<h3><a href=\"https:\/\/festivalclassica.tuxedobillet.com\/main\/Miguela%20-%20Op%C3%A9ra\" target=\"_blank\" rel=\"noopener\">D\u00c9TAILS ET BILLETS<\/a><\/h3>\n<p>&nbsp;<\/p>\n<p style=\"text-align: center;\"><img decoding=\"async\" loading=\"lazy\" class=\"alignnone wp-image-76530 size-full\" src=\"https:\/\/www.ludwig-van.com\/montreal\/wp-content\/uploads\/sites\/3\/2023\/06\/Alain-Trudel-Brott-music-Festival.jpg\" alt=\"\" width=\"1200\" height=\"801\" \/><\/p>\n<h3>Les autres \u00e9v\u00e9nements du Festival Classica<\/h3>\n<ul>\n<li><strong>Miroir:<\/strong> r\u00e9cital Ravel du pianiste Jean-Philippe Sylvestre sur le piano \u00c9rard de 1854 de Classica. Le 13 juin, 19 h, Paroisse catholique de St-Lambert.<\/li>\n<li><strong>Debussy, Faur\u00e9, Durufl\u00e9: lumi\u00e8res immortelles<\/strong>: un grand concert de musique fran\u00e7aise avec le choeur Les Rugissants, sous la direction de Xavier Brossard-M\u00e9nard. Le 16 juin, 19 h, \u00e9glise Sainte-Famille de Boucherville.<\/li>\n<li><strong>Fantaisies qu\u00e9b\u00e9coises:<\/strong> \u00e0 l&rsquo;approche de la F\u00eate nationale du Qu\u00e9bec, le spectacle de cl\u00f4ture du Festival vous offre des oeuvres de compositeurs qu\u00e9b\u00e9cois ainsi que des grands titres de la chanson avec l&rsquo;<strong>Orchestre symphonique de Trois-Rivi\u00e8res<\/strong> sous la direction d&rsquo;<strong>Alain Trudel<\/strong>, avec <strong>Marc Hervieux<\/strong> et <strong>Suzanne Taffot. Le 17 juin, 19 h, Cocath\u00e9drale St-Antoide-de-Padoue, Longueuil.\u00a0<\/strong><\/li>\n<\/ul>\n<h3><a href=\"https:\/\/www.festivalclassica.com\/programmation\" target=\"_blank\" rel=\"noopener\">TOUS LES D\u00c9TAILS ET BILLETS DU FESTIVAL CLASSICA<\/a><\/h3>\n<p>&nbsp;<\/p>\n<h2><em>Inscrivez-vous \u00e0 notre infolettre! La musique classique et l&rsquo;op\u00e9ra en 5 minutes, chaque jour<\/em> \u00a0<span style=\"color: #ff0000;\"><a style=\"color: #ff0000;\" href=\"https:\/\/ludwig-van.us9.list-manage.com\/subscribe?u=4f785cb3f9058f2393ccad035&amp;id=b9b160c032\" target=\"_blank\" rel=\"noopener noreferrer\">ICI\u00a0<\/a><\/span><\/h2>\n","protected":false},"excerpt":{"rendered":"<p>La semaine est encore bien remplie avec une multitude de concerts des trois festivals en cours \u00e0 Montr\u00e9al et sur la Rive-Sud: le Festival Montr\u00e9al baroque, le Festival de musique de chambre de Montr\u00e9al, et le Festival Classica.\u00a0<\/p>\n","protected":false},"author":51,"featured_media":76532,"comment_status":"open","ping_status":"open","sticky":false,"template":"","format":"standard","meta":{"om_disable_all_campaigns":false,"jetpack_post_was_ever_published":false},"categories":[42065,10956,10992],"tags":[42066,19920,21189,40521,42087,11137],"yst_prominent_words":[9878,9863,13120,13117,21185,23707,13119,19914,19913,22709,23520,21186],"acf":[],"jetpack_featured_media_url":"https:\/\/www.ludwig-van.com\/montreal\/wp-content\/uploads\/sites\/3\/2023\/06\/Copie-de-CONCERTS-2023-06-13T081848.185.jpg","jetpack_sharing_enabled":true,"jetpack_shortlink":"https:\/\/wp.me\/p9bdYt-jU7","amp_enabled":true,"_links":{"self":[{"href":"https:\/\/www.ludwig-van.com\/montreal\/wp-json\/wp\/v2\/posts\/76515"}],"collection":[{"href":"https:\/\/www.ludwig-van.com\/montreal\/wp-json\/wp\/v2\/posts"}],"about":[{"href":"https:\/\/www.ludwig-van.com\/montreal\/wp-json\/wp\/v2\/types\/post"}],"author":[{"embeddable":true,"href":"https:\/\/www.ludwig-van.com\/montreal\/wp-json\/wp\/v2\/users\/51"}],"replies":[{"embeddable":true,"href":"https:\/\/www.ludwig-van.com\/montreal\/wp-json\/wp\/v2\/comments?post=76515"}],"version-history":[{"count":8,"href":"https:\/\/www.ludwig-van.com\/montreal\/wp-json\/wp\/v2\/posts\/76515\/revisions"}],"predecessor-version":[{"id":76536,"href":"https:\/\/www.ludwig-van.com\/montreal\/wp-json\/wp\/v2\/posts\/76515\/revisions\/76536"}],"wp:featuredmedia":[{"embeddable":true,"href":"https:\/\/www.ludwig-van.com\/montreal\/wp-json\/wp\/v2\/media\/76532"}],"wp:attachment":[{"href":"https:\/\/www.ludwig-van.com\/montreal\/wp-json\/wp\/v2\/media?parent=76515"}],"wp:term":[{"taxonomy":"category","embeddable":true,"href":"https:\/\/www.ludwig-van.com\/montreal\/wp-json\/wp\/v2\/categories?post=76515"},{"taxonomy":"post_tag","embeddable":true,"href":"https:\/\/www.ludwig-van.com\/montreal\/wp-json\/wp\/v2\/tags?post=76515"},{"taxonomy":"yst_prominent_words","embeddable":true,"href":"https:\/\/www.ludwig-van.com\/montreal\/wp-json\/wp\/v2\/yst_prominent_words?post=76515"}],"curies":[{"name":"wp","href":"https:\/\/api.w.org\/{rel}","templated":true}]}}