{"id":76489,"date":"2023-06-12T10:02:20","date_gmt":"2023-06-12T14:02:20","guid":{"rendered":"https:\/\/www.ludwig-van.com\/montreal\/?p=76489"},"modified":"2023-06-12T11:13:15","modified_gmt":"2023-06-12T15:13:15","slug":"nouvelle-ludwig-van-acquis-par-zoomermedia","status":"publish","type":"post","link":"https:\/\/www.ludwig-van.com\/montreal\/2023\/06\/12\/nouvelle-ludwig-van-acquis-par-zoomermedia\/","title":{"rendered":"NOUVELLE | Ludwig Van acquis par ZoomerMedia"},"content":{"rendered":"<h3 style=\"text-align: center;\"><img decoding=\"async\" loading=\"lazy\" class=\"alignnone wp-image-76507\" src=\"https:\/\/www.ludwig-van.com\/montreal\/wp-content\/uploads\/sites\/3\/2023\/06\/Acquisition-news-Ludwig-Van-gif-vers-2-French.gif\" alt=\"\" width=\"1199\" height=\"676\" \/><\/h3>\n<h3><span style=\"color: #808080;\">Nous avions h\u00e2te de vous l\u2019annoncer, et on peut enfin le crier sur tous les toits!\u00a0 ZoomerMedia a sign\u00e9 une entente pour l\u2019acquisition de Ludwig Van.<\/span><\/h3>\n<p><strong>ZoomerMedia<\/strong>? C&rsquo;est l\u2019entreprise cot\u00e9e en bourse fond\u00e9e par le magnat canadien des m\u00e9dias <strong>Moses Znaimer.<\/strong><\/p>\n<p>Oui, <a href=\"https:\/\/www.zoomermedia.ca\/#put-our-power-to-work-for-you\" target=\"_blank\" rel=\"noopener\">cette compagnie<\/a>. <strong>Moses Znaimer<\/strong>, c\u2019est le visionnaire derri\u00e8re des cha\u00eenes de t\u00e9l\u00e9vision telles que MuchMusic\/MusiquePlus, Bravo! Fashion Television, CP24 et la station de radio New Classical FM, entre autres. Un homme convaincu, depuis toujours, de l&rsquo;importance des m\u00e9dias sp\u00e9cialis\u00e9s!<\/p>\n<p>Depuis peu, <strong>ZoomerMedia<\/strong> a \u00e9galement fait l&rsquo;acquisition de <a href=\"https:\/\/www.blogto.com\/\" target=\"_blank\" rel=\"noopener\">blogTO, <\/a>du <a href=\"https:\/\/dailyhive.com\/montreal\" target=\"_blank\" rel=\"noopener\">Daily Hive<\/a> et de l&rsquo;infolettre d&rsquo;actualit\u00e9s <a href=\"https:\/\/www.readthepeak.com\/\" target=\"_blank\" rel=\"noopener\">The Peak<\/a>.<\/p>\n<p>Dans l&rsquo;ensemble, les m\u00e9dias d\u00e9tenus par <strong>ZoomerMedia<\/strong> rejoignent des millions de Canadiens, et nous aurons la chance de travailler avec des gens parmi les plus innovateurs pour propulser <strong>Ludwig Van<\/strong> vers de nouveaux sommets!<\/p>\n<h3>Plus de contenu, plus d&rsquo;impact<\/h3>\n<p>Mais qu\u2019est-ce que cette acquisition veut dire pour vous, chers lecteurs et lectrices?<\/p>\n<p>Bonne nouvelle: vous pouvez vous attendre \u00e0 plus de contenu que vous aimez!<\/p>\n<p>En effet, avec le soutien de <strong>ZoomerMedia<\/strong>, nous aurons les moyens d&rsquo;am\u00e9liorer notre contenu, de publier davantage d&rsquo;articles et d&rsquo;\u00e9largir nos horizons.<\/p>\n<p>Et oui, <a href=\"https:\/\/ludwig-van.us9.list-manage.com\/subscribe?u=4f785cb3f9058f2393ccad035&amp;id=b9b160c032\" target=\"_blank\" rel=\"noopener\">notre infolettre<\/a> <strong>Ludwig van Montr\u00e9al<\/strong> demeurera gratuite.<\/p>\n<p>En ce qui me concerne, je demeure r\u00e9dactrice en chef de <span style=\"color: #ff0000;\"><strong>Ludwig van Montr\u00e9al<\/strong> <\/span>\u00a0pour continuer \u00e0 vous offrir les nouvelles, les critiques et les dossiers que vous avez l&rsquo;habitude de lire, en fran\u00e7ais, mais encore plus! Nous allons continuer \u00e0 vous informer sur la musique classique et les artistes du Qu\u00e9bec et du Canada tout en conservant notre style et notre voix.<\/p>\n<p>Nous aurons d\u2019autres nouvelles \u00e0 vous annoncer au cours des prochaines semaines et des prochains mois.<\/p>\n<p>Et voici un r\u00e9sum\u00e9 du chemin qui nous a men\u00e9s vers cette nouvelle \u00e9tape excitante!<\/p>\n<p>&nbsp;<\/p>\n<figure id=\"attachment_76524\" aria-describedby=\"caption-attachment-76524\" style=\"width: 775px\" class=\"wp-caption alignnone\"><img decoding=\"async\" loading=\"lazy\" class=\"size-full wp-image-76524\" src=\"https:\/\/www.ludwig-van.com\/montreal\/wp-content\/uploads\/sites\/3\/2023\/06\/LV-info-3.jpg\" alt=\"\" width=\"775\" height=\"2375\" \/><figcaption id=\"caption-attachment-76524\" class=\"wp-caption-text\">Copy of LV Timeline History Infographic FRENCH-FINAL (800 \u00d7 2100 px) (800 \u00d7 2500 px) &#8211; 2<\/figcaption><\/figure>\n<p>&nbsp;<\/p>\n<p>&nbsp;<\/p>\n<h4>Et maintenant, restez avec nous, car le meilleur est \u00e0 venir!<\/h4>\n<p>Vous pouvez en savoir plus sur cette transaction en lisant le <a href=\"https:\/\/financialpost.com\/globe-newswire\/zoomermedia-announces-acquisition-of-ludwig-van\/wcm\/4beb8d4b-09f7-456b-ab36-e145f7fc78c0\/amp\/?fbclid=IwAR0sK7J5XNn1NBNySEAoB62gDWqvNo_cO9WoExrQWFtmhqtCLz-VGMpo-NI\" target=\"_blank\" rel=\"noopener\">communiqu\u00e9 ICI.<\/a><\/p>\n<h2><em>Inscrivez-vous \u00e0 notre infolettre! La musique classique et l&rsquo;op\u00e9ra en 5 minutes, chaque jour<\/em> \u00a0<span style=\"color: #ff0000;\"><a style=\"color: #ff0000;\" href=\"https:\/\/ludwig-van.us9.list-manage.com\/subscribe?u=4f785cb3f9058f2393ccad035&amp;id=b9b160c032\" target=\"_blank\" rel=\"noopener noreferrer\">ICI\u00a0<\/a><\/span><\/h2>\n","protected":false},"excerpt":{"rendered":"<p>Nous avions h\u00e2te de vous l\u2019annoncer, et on peut enfin le crier sur tous les toits!\u00a0 ZoomerMedia a sign\u00e9 une entente pour l\u2019acquisition de Ludwig Van.<\/p>\n","protected":false},"author":51,"featured_media":76507,"comment_status":"open","ping_status":"open","sticky":false,"template":"","format":"standard","meta":{"om_disable_all_campaigns":false,"jetpack_post_was_ever_published":false},"categories":[42065,10956,10992],"tags":[42066,42049,42086],"yst_prominent_words":[21687,9842,10175,10858,38706,9810,9788,9787,10891,7694,24180,9811,10167,9809,9804],"acf":[],"jetpack_featured_media_url":"https:\/\/www.ludwig-van.com\/montreal\/wp-content\/uploads\/sites\/3\/2023\/06\/Acquisition-news-Ludwig-Van-gif-vers-2-French.gif","jetpack_sharing_enabled":true,"jetpack_shortlink":"https:\/\/wp.me\/p9bdYt-jTH","amp_enabled":true,"_links":{"self":[{"href":"https:\/\/www.ludwig-van.com\/montreal\/wp-json\/wp\/v2\/posts\/76489"}],"collection":[{"href":"https:\/\/www.ludwig-van.com\/montreal\/wp-json\/wp\/v2\/posts"}],"about":[{"href":"https:\/\/www.ludwig-van.com\/montreal\/wp-json\/wp\/v2\/types\/post"}],"author":[{"embeddable":true,"href":"https:\/\/www.ludwig-van.com\/montreal\/wp-json\/wp\/v2\/users\/51"}],"replies":[{"embeddable":true,"href":"https:\/\/www.ludwig-van.com\/montreal\/wp-json\/wp\/v2\/comments?post=76489"}],"version-history":[{"count":21,"href":"https:\/\/www.ludwig-van.com\/montreal\/wp-json\/wp\/v2\/posts\/76489\/revisions"}],"predecessor-version":[{"id":76525,"href":"https:\/\/www.ludwig-van.com\/montreal\/wp-json\/wp\/v2\/posts\/76489\/revisions\/76525"}],"wp:featuredmedia":[{"embeddable":true,"href":"https:\/\/www.ludwig-van.com\/montreal\/wp-json\/wp\/v2\/media\/76507"}],"wp:attachment":[{"href":"https:\/\/www.ludwig-van.com\/montreal\/wp-json\/wp\/v2\/media?parent=76489"}],"wp:term":[{"taxonomy":"category","embeddable":true,"href":"https:\/\/www.ludwig-van.com\/montreal\/wp-json\/wp\/v2\/categories?post=76489"},{"taxonomy":"post_tag","embeddable":true,"href":"https:\/\/www.ludwig-van.com\/montreal\/wp-json\/wp\/v2\/tags?post=76489"},{"taxonomy":"yst_prominent_words","embeddable":true,"href":"https:\/\/www.ludwig-van.com\/montreal\/wp-json\/wp\/v2\/yst_prominent_words?post=76489"}],"curies":[{"name":"wp","href":"https:\/\/api.w.org\/{rel}","templated":true}]}}