{"id":76356,"date":"2023-05-30T11:54:27","date_gmt":"2023-05-30T15:54:27","guid":{"rendered":"https:\/\/www.ludwig-van.com\/montreal\/?p=76356"},"modified":"2023-05-30T11:54:27","modified_gmt":"2023-05-30T15:54:27","slug":"communaute-le-ladies-morning-musical-club-annonce-sa-saison-2023-2024","status":"publish","type":"post","link":"https:\/\/www.ludwig-van.com\/montreal\/2023\/05\/30\/communaute-le-ladies-morning-musical-club-annonce-sa-saison-2023-2024\/","title":{"rendered":"COMMUNAUT\u00c9 | Le Ladies\u2019 Morning Musical Club annonce sa saison 2023-2024"},"content":{"rendered":"<figure id=\"attachment_76357\" aria-describedby=\"caption-attachment-76357\" style=\"width: 1200px\" class=\"wp-caption alignnone\"><img decoding=\"async\" loading=\"lazy\" class=\"size-full wp-image-76357\" src=\"https:\/\/www.ludwig-van.com\/montreal\/wp-content\/uploads\/sites\/3\/2023\/05\/LMMC.jpg\" alt=\"Kerson Leong (Photo: Bruno Schlumberger); le Danish String Quartet (Photo: Caroline Koren Raffnsoe); Stewart Goodyear (Photo: Anita Zvonar)\" width=\"1200\" height=\"628\" \/><figcaption id=\"caption-attachment-76357\" class=\"wp-caption-text\">Kerson Leong (Photo: Bruno Schlumberger); le Danish String Quartet (Photo: Caroline Koren Raffnsoe); Stewart Goodyear (Photo: Anita Zvonar)<\/figcaption><\/figure>\n<h1 style=\"text-align: center;\"><del>Un message du LMMC<\/del><\/h1>\n<h3><span style=\"color: #808080;\">Le Ladies\u2019 Morning Musical Club a le bonheur d\u2019annoncer la saison <strong>2023-2024<\/strong>.<\/span><\/h3>\n<p>Notre 132<sup>e<\/sup> saison se d\u00e9roulera avec les dates et artistes suivants:<\/p>\n<p>&nbsp;<\/p>\n<p><strong>10 septembre 2023\u00a0\u00a0\u00a0\u00a0\u00a0\u00a0\u00a0\u00a0 Kerson Leong,<\/strong> violon &#8211; <a href=\"https:\/\/www.lmmc.ca\/fr\/kerson-leong-2\" target=\"_blank\" rel=\"noopener\">D\u00c9TAILS ET BILLETS<\/a><\/p>\n<p><strong>1<sup>er<\/sup> octobre 2023<\/strong>\u00a0\u00a0\u00a0\u00a0\u00a0\u00a0\u00a0\u00a0\u00a0\u00a0\u00a0\u00a0\u00a0 <strong>Jerusalem Quartet<\/strong>, cordes &#8211; <a href=\"https:\/\/www.lmmc.ca\/fr\/jerusalemquartet\" target=\"_blank\" rel=\"noopener\">D\u00c9TAILS ET BILLETS<\/a><\/p>\n<p><strong>22 octobre 2023<\/strong>\u00a0\u00a0\u00a0\u00a0\u00a0\u00a0\u00a0\u00a0\u00a0\u00a0\u00a0\u00a0\u00a0 <strong>R\u00e9mi Geniet<\/strong>, piano &#8211; <a href=\"https:\/\/www.lmmc.ca\/fr\/remigeniet\" target=\"_blank\" rel=\"noopener\">D\u00c9TAILS ET BILLETS<\/a><\/p>\n<p><strong>12 novembre 2023<\/strong>\u00a0\u00a0\u00a0\u00a0\u00a0\u00a0\u00a0\u00a0\u00a0 <strong>Danish String Quartet<\/strong>, cordes &#8211; <a href=\"https:\/\/www.lmmc.ca\/fr\/danishstringquartet\" target=\"_blank\" rel=\"noopener\">D\u00c9TAILS ET BILLETS<\/a><\/p>\n<p><strong>3 d\u00e9cembre 2023<\/strong>\u00a0 \u00a0\u00a0\u00a0\u00a0\u00a0\u00a0\u00a0\u00a0\u00a0 <strong>Hermitage Piano Trio<\/strong>, piano et cordes &#8211; <a href=\"https:\/\/www.lmmc.ca\/fr\/hermitagepianotrio\" target=\"_blank\" rel=\"noopener\">D\u00c9TAILS ET BILLETS<\/a><\/p>\n<p><strong>4 f\u00e9vrier 2024<\/strong>\u00a0\u00a0\u00a0\u00a0\u00a0\u00a0\u00a0\u00a0\u00a0\u00a0\u00a0\u00a0\u00a0\u00a0\u00a0\u00a0 <strong>Javier Perianes<\/strong>, piano &#8211; <a href=\"https:\/\/www.lmmc.ca\/fr\/javierperianes\" target=\"_blank\" rel=\"noopener\">D\u00c9TAILS ET BILLETS<\/a><\/p>\n<p><strong>25 f\u00e9vrier 202<\/strong>4\u00a0\u00a0\u00a0\u00a0\u00a0\u00a0\u00a0\u00a0\u00a0\u00a0\u00a0\u00a0\u00a0\u00a0 <strong>Escher String Quartet, <\/strong>cordes, avec<strong> Roman Rabinovitch<\/strong>, piano &#8211; <a href=\"https:\/\/www.lmmc.ca\/fr\/escherstringquartet\" target=\"_blank\" rel=\"noopener\">D\u00c9TAILS ET BILLETS<\/a><\/p>\n<p><strong>17 mars 2024\u00a0\u00a0\u00a0\u00a0\u00a0\u00a0\u00a0 <\/strong>\u00a0\u00a0\u00a0\u00a0\u00a0\u00a0\u00a0\u00a0\u00a0 <strong>Pavel Haas Quartet<\/strong>, cordes &#8211; <a href=\"https:\/\/www.lmmc.ca\/fr\/pavelhaasquartet\" target=\"_blank\" rel=\"noopener\">D\u00c9TAILS ET BILLETS<\/a><\/p>\n<p><strong>7 avril 2024<\/strong>\u00a0\u00a0\u00a0\u00a0\u00a0\u00a0\u00a0\u00a0\u00a0\u00a0 \u00a0\u00a0\u00a0\u00a0\u00a0\u00a0\u00a0\u00a0\u00a0 <strong>Stewart Goodyear<\/strong>, piano &#8211; <a href=\"https:\/\/www.lmmc.ca\/fr\/stewartgoodyear\" target=\"_blank\" rel=\"noopener\">D\u00c9TAILS ET BILLETS<\/a><\/p>\n<p><strong>28 avril 2024<\/strong>\u00a0\u00a0\u00a0\u00a0\u00a0\u00a0\u00a0\u00a0\u00a0\u00a0\u00a0\u00a0\u00a0\u00a0\u00a0\u00a0\u00a0\u00a0 <strong>Doric String Quartet<\/strong>, cordes &#8211; <a href=\"https:\/\/www.lmmc.ca\/fr\/doricstringquartet\" target=\"_blank\" rel=\"noopener\">D\u00c9TAILS ET BILLETS<\/a><\/p>\n<p>&nbsp;<\/p>\n<p>Les concerts auront lieu \u00e0 la <strong>Salle Pollack, Universit\u00e9 McGill<\/strong>, les <strong>dimanches \u00e0 15 h 30<\/strong>. Les abonnements pour la s\u00e9rie de dix concerts sont disponibles au prix de 350$ (\u00e9tudiants 100$, max. 26 ans), ainsi que des billets \u00e0 l\u2019unit\u00e9, au prix de 60$ (\u00e9tudiants 25$).<\/p>\n<p>Les nouveaux abonn\u00e9s sont toujours les bienvenus et les billets simples peuvent \u00eatre r\u00e9serv\u00e9s d\u00e8s maintenant. Pour de plus amples renseignements, ou pour faire une r\u00e9servation, veuillez nous contacter au <strong>514 932-6796, <\/strong>ou via notre site <a href=\"http:\/\/www.lmmc.ca\">www.lmmc.ca<\/a>. Nous avons h\u00e2te de vous accueillir pour une autre saison.<\/p>\n<p>&nbsp;<\/p>\n<p><em>Ce communiqu\u00e9 de presse est publi\u00e9 dans le cadre de nos services aux membres de Ludwig van Montr\u00e9al. Pour savoir comment devenir membre, \u00e9crivez-nous \u00e0 <a href=\"mailto:caroline@ludwig-van.com\">caroline@ludwig-van.com\u00a0<\/a><\/em><\/p>\n<h2><em>Inscrivez-vous \u00e0 notre infolettre! La musique classique et l&rsquo;op\u00e9ra en 5 minutes, chaque jour<\/em> \u00a0<span style=\"color: #ff0000;\"><a style=\"color: #ff0000;\" href=\"https:\/\/ludwig-van.us9.list-manage.com\/subscribe?u=4f785cb3f9058f2393ccad035&amp;id=b9b160c032\" target=\"_blank\" rel=\"noopener noreferrer\">ICI\u00a0<\/a><\/span><\/h2>\n<p>&nbsp;<\/p>\n","protected":false},"excerpt":{"rendered":"<p>Le Ladies&rsquo; Morning Musical Club annonce les artistes invit\u00e9s de sa saison 2023-2024. <\/p>\n","protected":false},"author":1,"featured_media":76357,"comment_status":"open","ping_status":"open","sticky":false,"template":"","format":"standard","meta":{"om_disable_all_campaigns":false,"jetpack_post_was_ever_published":false},"categories":[42065,10956,13504],"tags":[42066,5352],"yst_prominent_words":[38977,9998,38504,7855,7141,6804,8469,7677,38512],"acf":[],"jetpack_featured_media_url":"https:\/\/www.ludwig-van.com\/montreal\/wp-content\/uploads\/sites\/3\/2023\/05\/LMMC.jpg","jetpack_sharing_enabled":true,"jetpack_shortlink":"https:\/\/wp.me\/p9bdYt-jRy","amp_enabled":true,"_links":{"self":[{"href":"https:\/\/www.ludwig-van.com\/montreal\/wp-json\/wp\/v2\/posts\/76356"}],"collection":[{"href":"https:\/\/www.ludwig-van.com\/montreal\/wp-json\/wp\/v2\/posts"}],"about":[{"href":"https:\/\/www.ludwig-van.com\/montreal\/wp-json\/wp\/v2\/types\/post"}],"author":[{"embeddable":true,"href":"https:\/\/www.ludwig-van.com\/montreal\/wp-json\/wp\/v2\/users\/1"}],"replies":[{"embeddable":true,"href":"https:\/\/www.ludwig-van.com\/montreal\/wp-json\/wp\/v2\/comments?post=76356"}],"version-history":[{"count":3,"href":"https:\/\/www.ludwig-van.com\/montreal\/wp-json\/wp\/v2\/posts\/76356\/revisions"}],"predecessor-version":[{"id":76360,"href":"https:\/\/www.ludwig-van.com\/montreal\/wp-json\/wp\/v2\/posts\/76356\/revisions\/76360"}],"wp:featuredmedia":[{"embeddable":true,"href":"https:\/\/www.ludwig-van.com\/montreal\/wp-json\/wp\/v2\/media\/76357"}],"wp:attachment":[{"href":"https:\/\/www.ludwig-van.com\/montreal\/wp-json\/wp\/v2\/media?parent=76356"}],"wp:term":[{"taxonomy":"category","embeddable":true,"href":"https:\/\/www.ludwig-van.com\/montreal\/wp-json\/wp\/v2\/categories?post=76356"},{"taxonomy":"post_tag","embeddable":true,"href":"https:\/\/www.ludwig-van.com\/montreal\/wp-json\/wp\/v2\/tags?post=76356"},{"taxonomy":"yst_prominent_words","embeddable":true,"href":"https:\/\/www.ludwig-van.com\/montreal\/wp-json\/wp\/v2\/yst_prominent_words?post=76356"}],"curies":[{"name":"wp","href":"https:\/\/api.w.org\/{rel}","templated":true}]}}