{"id":76351,"date":"2023-06-05T14:08:40","date_gmt":"2023-06-05T18:08:40","guid":{"rendered":"https:\/\/www.ludwig-van.com\/montreal\/?p=76351"},"modified":"2023-06-06T10:10:51","modified_gmt":"2023-06-06T14:10:51","slug":"choix-de-la-redaction-16","status":"publish","type":"post","link":"https:\/\/www.ludwig-van.com\/montreal\/2023\/06\/05\/choix-de-la-redaction-16\/","title":{"rendered":"CHOIX DE LA R\u00c9DACTION | Les plus beaux concerts classiques \u00e0 ne pas manquer cette semaine"},"content":{"rendered":"<figure id=\"attachment_76415\" aria-describedby=\"caption-attachment-76415\" style=\"width: 1200px\" class=\"wp-caption alignnone\"><img decoding=\"async\" loading=\"lazy\" class=\"size-full wp-image-76415\" src=\"https:\/\/www.ludwig-van.com\/montreal\/wp-content\/uploads\/sites\/3\/2023\/06\/Copie-de-CONCERTS-100.jpg\" alt=\"Angel Blue (Photo: ), le Quatuor Emerson (Photo: ), Illustration de l'op\u00e9rette L'Adorable Belboul (Maxime)\" width=\"1200\" height=\"628\" \/><figcaption id=\"caption-attachment-76415\" class=\"wp-caption-text\">Angel Blue (Photo: Dario Acosta), le Quatuor Emerson (Photo: FMCM), Illustration de l&rsquo;op\u00e9rette L&rsquo;Adorable Belboul (Maxime Bigras)<\/figcaption><\/figure>\n<h3><span style=\"color: #808080;\">Cette semaine, l&rsquo;Orchestre M\u00e9tropolitain re\u00e7oit la soprano am\u00e9ricaine Angel Blue pour son concert de cl\u00f4ture \u00e0 la Maison symphonique. Voici nos Choix de la r\u00e9daction du 5 au 11 juin.\u00a0<\/span><\/h3>\n<p><strong>Pour ne rien manquer de l&rsquo;actualit\u00e9 musicale, abonnez-vous \u00e0 notre infolettre gratuite <a href=\"https:\/\/ludwig-van.us9.list-manage.com\/subscribe?u=4f785cb3f9058f2393ccad035&amp;id=b9b160c032\" target=\"_blank\" rel=\"noopener\">ici.<\/a><\/strong><\/p>\n<p>&nbsp;<\/p>\n<figure id=\"attachment_76196\" aria-describedby=\"caption-attachment-76196\" style=\"width: 1200px\" class=\"wp-caption alignnone\"><img decoding=\"async\" loading=\"lazy\" class=\"size-full wp-image-76196\" src=\"https:\/\/www.ludwig-van.com\/montreal\/wp-content\/uploads\/sites\/3\/2023\/05\/Emerson-Brott-Lisiecki-1200.jpg\" alt=\"Le Quatuor Emerson, Denis Brott, Jan Lisiecki (Photo: courtoisie du FMCM)\" width=\"1200\" height=\"655\" \/><figcaption id=\"caption-attachment-76196\" class=\"wp-caption-text\">Le Quatuor Emerson, Denis Brott, Jan Lisiecki (Photo: courtoisie du FMCM)<\/figcaption><\/figure>\n<h2>Festival de musique de chambre de Montr\u00e9al<\/h2>\n<p>L&rsquo;\u00e9v\u00e9nement phare du Festival de musique de chambre de Montr\u00e9al, cette semaine, est sans \u00e9quivoque le concert <strong>Adieu<\/strong> <strong>Quatuor Emerson<\/strong>, qui partagera la sc\u00e8ne avec Denis Brott et le pianiste canadien Jan Lisiecki pour un programme Dvo\u0159\u00e1k-Schubert, le <strong>6 juin, 19 h 30, \u00e0 la Salle Bourgie<\/strong>. <a href=\"https:\/\/festivalmontreal.org\/fr\/kerson-leong-et-bryan-cheng\/\" target=\"_blank\" rel=\"noopener\">D\u00c9TAILS ET BILLETS<\/a><\/p>\n<p>Le FMCM nous propose aussi cette semaine d&rsquo;entendre plusieurs concerts, toujours \u00e0 la Salle Bourgie:<\/p>\n<ul>\n<li><strong>Kerson Leong, <\/strong>violon, et <strong>Bryan Cheng, <\/strong>violoncelle, lors d&rsquo;un <strong>concert-midi<\/strong> de 55 minutes, \u00e9galement le <strong>6 juin<\/strong>. <a href=\"https:\/\/festivalmontreal.org\/fr\/kerson-leong-et-bryan-cheng\/\" target=\"_blank\" rel=\"noopener\">D\u00c9TAILS ET BILLETS<\/a><\/li>\n<li>On pourra aussi entendre la violoncelliste <strong>Elinor Frey<\/strong> le 8 juin, \u00e0 midi <a href=\"https:\/\/festivalmontreal.org\/fr\/elinor-frey-le-violoncelle-baroque-explique\/\" target=\"_blank\" rel=\"noopener\">D\u00c9TAILS ET BILLETS<\/a><\/li>\n<li><strong>Kerson Leong<\/strong>, violon, <strong>Bryan Cheng<\/strong>, violoncelle, <strong>Stewart Goodyear<\/strong>, piano, <strong>le 8 juin, 19 h 30<\/strong> <a href=\"https:\/\/festivalmontreal.org\/fr\/etoiles-canadiennes\/\" target=\"_blank\" rel=\"noopener\">D\u00c9TAILS ET BILLETS<\/a><\/li>\n<li>Contes de f\u00e9es, un concert-famille, le <strong>11 juin, 15 h 30<\/strong> <a href=\"https:\/\/festivalmontreal.org\/fr\/contes-de-fees\/\" target=\"_blank\" rel=\"noopener\">D\u00c9TAILS ET BILLETS<\/a><\/li>\n<\/ul>\n<p>&nbsp;<\/p>\n<figure id=\"attachment_76116\" aria-describedby=\"caption-attachment-76116\" style=\"width: 475px\" class=\"wp-caption aligncenter\"><img decoding=\"async\" loading=\"lazy\" class=\"wp-image-76116 size-full\" src=\"https:\/\/www.ludwig-van.com\/montreal\/wp-content\/uploads\/sites\/3\/2023\/05\/LAdorable-Belboul.jpg\" alt=\"\" width=\"475\" height=\"600\" \/><figcaption id=\"caption-attachment-76116\" class=\"wp-caption-text\">Illustration: Maxime Bigras<\/figcaption><\/figure>\n<h2>Festival Classica<\/h2>\n<p>Dans le cadre du Festival Classica, le Nouvel Op\u00e9ra M\u00e9tropolitain pr\u00e9sente sans deuxi\u00e8me production d&rsquo;op\u00e9ra de cette ann\u00e9e: L&rsquo;incroyable Belboul, une op\u00e9rette m\u00e9connue de Jules Massenet que l&rsquo;on nous d\u00e9crit comme \u00ab\u00a0une com\u00e9die orientale et satirique \u00e0 l\u2019italienne\u00a0\u00bb, dans une mise en sc\u00e8ne de Fran\u00e7ois Racine. <strong>Le 6 juin, 19 h 30 <a href=\"https:\/\/www.festivalclassica.com\/ladorable-belboul\" target=\"_blank\" rel=\"noopener\">D\u00c9TAILS ET BILLETS<\/a><\/strong><\/p>\n<p>Aussi au <strong>Festival Classica<\/strong> cette semaine:<\/p>\n<ul>\n<li><em>\u00c0 la m\u00e9moire de Couperin<\/em>, avec les <strong>Barocudas<\/strong>, le <strong>9 juin, 19 h, \u00e9glise St. Mary&rsquo;s de Longueuil<\/strong> &#8211; <a href=\"https:\/\/www.festivalclassica.com\/a-la-memoire-de-couperin\" target=\"_blank\" rel=\"noopener\">D\u00c9TAILS ET BILLETS<\/a><\/li>\n<li><em><strong>Classica Rock: The Dark Side of the Moon<\/strong><\/em>, l&rsquo;int\u00e9grale de l&rsquo;album en rock symphonique, le 10 juin, 21 h Parc de la cit\u00e9 de Longueuil. Spectacle gratuit. <a href=\"https:\/\/www.festivalclassica.com\/the-dark-side-of-the-moon\" target=\"_blank\" rel=\"noopener\">D\u00c9TAILS<\/a><\/li>\n<li><em>Ravel inspirations<\/em>, avec <strong>Cord\u00e2me<\/strong>, le <strong>11 juin, 19 h, \u00c9glise de St-Bruno de Montarville<\/strong> <a href=\"https:\/\/www.festivalclassica.com\/ravel-inspirations\" target=\"_blank\" rel=\"noopener\">D\u00c9TAILS ET BILLETS<\/a><\/li>\n<\/ul>\n<p>&nbsp;<\/p>\n<figure id=\"attachment_56544\" aria-describedby=\"caption-attachment-56544\" style=\"width: 1024px\" class=\"wp-caption aligncenter\"><img decoding=\"async\" loading=\"lazy\" class=\"wp-image-56544 size-full\" src=\"https:\/\/www.ludwig-van.com\/montreal\/wp-content\/uploads\/sites\/3\/2017\/09\/Louis-Lortie-photo-Elias-photography.jpg\" alt=\"Louis Lortie\" width=\"1024\" height=\"495\" srcset=\"https:\/\/www.ludwig-van.com\/montreal\/wp-content\/uploads\/sites\/3\/2017\/09\/Louis-Lortie-photo-Elias-photography.jpg 1024w, https:\/\/www.ludwig-van.com\/montreal\/wp-content\/uploads\/sites\/3\/2017\/09\/Louis-Lortie-photo-Elias-photography-300x145.jpg 300w, https:\/\/www.ludwig-van.com\/montreal\/wp-content\/uploads\/sites\/3\/2017\/09\/Louis-Lortie-photo-Elias-photography-768x371.jpg 768w\" sizes=\"(max-width: 1024px) 100vw, 1024px\" \/><figcaption id=\"caption-attachment-56544\" class=\"wp-caption-text\">Louis Lortie (Photo: Elias photography)<\/figcaption><\/figure>\n<h3>I Musici de Montr\u00e9al: \u00e9v\u00e9nement-b\u00e9n\u00e9fice avec Louis Lortie<\/h3>\n<p>Pour ce concert b\u00e9n\u00e9fice, le pianiste vous propose les deux concertos de Mozart qu\u2019il a endisqu\u00e9s avec <strong>I Musici de Montr\u00e9al<\/strong> et<strong> Yuli Turovsky<\/strong> en 1985\u202f: le Concerto K. 414 en la majeur et le Concerto K. 449 en mi b\u00e9mol majeur. C\u2019\u00e9tait alors son tout premier disque sur \u00e9tiquette <strong>Chandos<\/strong>. Depuis il en a enregistr\u00e9 plus de cinquante!<\/p>\n<h3>Le 8 juin, 19 h, salle Pierre-Mercure <a href=\"https:\/\/imusici.com\/concert-benefice-louis-lortie\/\" target=\"_blank\" rel=\"noopener\">D\u00c9TAILS ET BILLETS<\/a><\/h3>\n<p>&nbsp;<\/p>\n<p>&nbsp;<\/p>\n<p style=\"text-align: center;\"><img decoding=\"async\" loading=\"lazy\" class=\"alignnone size-full wp-image-75015\" src=\"https:\/\/www.ludwig-van.com\/montreal\/wp-content\/uploads\/sites\/3\/2023\/01\/Intentions-fragmentaires.jpg\" alt=\"\" width=\"950\" height=\"475\" \/><\/p>\n<h3>Le Vivier: Intentions fragmentaires<\/h3>\n<p>Ce nouveau spectacle multidisciplinaire de <strong>Tim Brady<\/strong> est une v\u00e9ritable invitation au voyage \u00e0 travers 20 miniatures o\u00f9 beaut\u00e9 et d\u00e9solation cohabitent. La musique du compositeur se jumelle aux images captivantes de la photographe <strong>Catherine Marcogliese<\/strong> et aux cr\u00e9ations chor\u00e9graphiques de <strong>Charles Br\u00e9card.\u00a0<\/strong><\/p>\n<h3>Le 9 juin, 19 h 30, Edifice Wilder <a href=\"https:\/\/levivier.ca\/fr\/concert\/saison-2022-23\/intentions-fragmentaires\" target=\"_blank\" rel=\"noopener\">D\u00c9TAILS ET BILLETS<\/a><\/h3>\n<p>&nbsp;<\/p>\n<p style=\"text-align: center;\"><img decoding=\"async\" loading=\"lazy\" class=\"alignnone size-full wp-image-76419\" src=\"https:\/\/www.ludwig-van.com\/montreal\/wp-content\/uploads\/sites\/3\/2023\/06\/LVM-BANNER-SINFONIA-MTL-SAISON-2023-hr.jpg\" alt=\"\" width=\"590\" height=\"300\" \/><\/p>\n<h3>Sinfonia de Montr\u00e9al: concert de fin de saison<\/h3>\n<p><strong>Sinfonia de Montr\u00e9al<\/strong> cl\u00f4ture sa 23ieme saison avec deux chefs-d\u2019\u0153uvre de Rachmaninov\u00a0: le<br \/>\nc\u00e9l\u00e8bre Deuxi\u00e8me concerto pour piano, interpr\u00e9t\u00e9 par <strong>Olga Kudryakova<\/strong>, pianiste de renom<br \/>\n\u00e9tablie depuis l&rsquo;\u00e9t\u00e9 2022 \u00e0 Montr\u00e9al, et les <em>Danses symphoniques<\/em> dont l\u2019orchestration riche et<br \/>\ncolor\u00e9e s\u00e9duit tous les publics depuis sa cr\u00e9ation en 1941. Fid\u00e8le \u00e0 sa tradition, <strong>Louis Lavigueur<\/strong> nous fait d\u00e9couvrir en ouverture du concert l&rsquo;ouverture <em>Othello<\/em> du grand Anton\u00a0Dvo\u0159\u00e1k\u00a0: un rendez-vous symphonique \u00e0 ne pas manquer !<\/p>\n<h3>Le 10 juin, 19 h 30, salle Claude-Champagne <a href=\"https:\/\/sinfoniamtl.tuxedobillet.com\/main\/rendez-vous-symphoniques\" target=\"_blank\" rel=\"noopener\">D\u00c9TAILS ET BILLETS<\/a><\/h3>\n<p>&nbsp;<\/p>\n<figure id=\"attachment_54879\" aria-describedby=\"caption-attachment-54879\" style=\"width: 1024px\" class=\"wp-caption aligncenter\"><img decoding=\"async\" loading=\"lazy\" class=\"wp-image-54879 size-full\" src=\"https:\/\/www.ludwig-van.com\/montreal\/wp-content\/uploads\/sites\/3\/2018\/06\/AndreanneBRISSONPAQUIN_creditPierreEtienneBergeron-refaite.jpg\" alt=\"Andr\u00e9anne Brisson-Paquin, soprano. (Photo: Pierre-\u00c9tienne Bergeron)\" width=\"1024\" height=\"685\" srcset=\"https:\/\/www.ludwig-van.com\/montreal\/wp-content\/uploads\/sites\/3\/2018\/06\/AndreanneBRISSONPAQUIN_creditPierreEtienneBergeron-refaite.jpg 1024w, https:\/\/www.ludwig-van.com\/montreal\/wp-content\/uploads\/sites\/3\/2018\/06\/AndreanneBRISSONPAQUIN_creditPierreEtienneBergeron-refaite-300x201.jpg 300w, https:\/\/www.ludwig-van.com\/montreal\/wp-content\/uploads\/sites\/3\/2018\/06\/AndreanneBRISSONPAQUIN_creditPierreEtienneBergeron-refaite-768x514.jpg 768w\" sizes=\"(max-width: 1024px) 100vw, 1024px\" \/><figcaption id=\"caption-attachment-54879\" class=\"wp-caption-text\">Andr\u00e9anne Brisson-Paquin, soprano. (Photo: Pierre-\u00c9tienne Bergeron)<\/figcaption><\/figure>\n<h3>Le Projet Opus: Handel<\/h3>\n<p>La soprano <strong>Andr\u00e9anne Brisson Paquin<\/strong> interpr\u00e8te les <em>Neun deutsche Arien\u00a0<\/em>de Handel.<\/p>\n<h3>Le 11 juin, 14 h, Chapelle de l&rsquo;\u00e9glise St Stanislas de Kostka <a href=\"https:\/\/www.eventbrite.com\/e\/billets-handel-neun-deutsche-arien-avec-andreanne-brisson-paquin-636576546587\" target=\"_blank\" rel=\"noopener\">D\u00c9TAILS ET BILLETS<\/a><\/h3>\n<p>&nbsp;<\/p>\n<figure id=\"attachment_76404\" aria-describedby=\"caption-attachment-76404\" style=\"width: 1200px\" class=\"wp-caption alignnone\"><img decoding=\"async\" loading=\"lazy\" class=\"size-full wp-image-76404\" src=\"https:\/\/www.ludwig-van.com\/montreal\/wp-content\/uploads\/sites\/3\/2023\/06\/Angel-Blue-Dario-Acosta-1200.jpg\" alt=\"Angel Blue, soprano (Photo: Dario Acosta)\" width=\"1200\" height=\"1800\" \/><figcaption id=\"caption-attachment-76404\" class=\"wp-caption-text\">Angel Blue, soprano (Photo: Dario Acosta)<\/figcaption><\/figure>\n<h3>Une grande soprano am\u00e9ricaine \u00e0 Orchestre M\u00e9tropolitain<\/h3>\n<p>Le concert de cl\u00f4ture de la saison 2022-2023 de l&rsquo;OM, <em>Exploratrices symphoniques<\/em>, est une occasion unique pour le public d\u2019ici d\u2019entendre la soprano Angel Blue.<\/p>\n<p>L\u2019Am\u00e9rique du Nord est \u00e0 l\u2019honneur dans ce concert, avec deux \u0153uvres de Samuel Barber, une cr\u00e9ation de la montr\u00e9alaise Keiko Devaux et une symphonie de la premi\u00e8re compositrice afro-am\u00e9ricaine, Florence Price. C\u2019est d\u2019ailleurs l\u2019enregistrement de cette symphonie avec l\u2019Orchestre de Philadelphie qui a valu \u00e0 Yannick son tout premier Grammy, en 2022.<\/p>\n<h3>Le dimanche 11 juin, 15 h, Maison symphonique <a href=\"https:\/\/orchestremetropolitain.com\/fr\/concerts\/exploratrices-symphoniques\/?show_date_id=4207\" target=\"_blank\" rel=\"noopener\">D\u00c9TAILS ET BILLETS<\/a><\/h3>\n<p>&nbsp;<\/p>\n<figure id=\"attachment_75018\" aria-describedby=\"caption-attachment-75018\" style=\"width: 950px\" class=\"wp-caption alignnone\"><img decoding=\"async\" loading=\"lazy\" class=\"size-full wp-image-75018\" src=\"https:\/\/www.ludwig-van.com\/montreal\/wp-content\/uploads\/sites\/3\/2023\/01\/Architek-Percussion.jpg\" alt=\"Architek Percussion (Photo fournie par Le Vivier)\" width=\"950\" height=\"475\" \/><figcaption id=\"caption-attachment-75018\" class=\"wp-caption-text\">Architek Percussion (Photo fournie par Le Vivier)<\/figcaption><\/figure>\n<h3>Architek Percussion: Perp\u00e9tuit\u00e9<\/h3>\n<p><strong>Architek Percussion<\/strong> s\u2019accompagne des voix d\u2019<strong>Anna Pidgorna<\/strong> et <strong>Sarah Albu<\/strong> afin d\u2019explorer la notion de perp\u00e9tuit\u00e9 et d\u2019\u00e9ternit\u00e9. Un programme mettant \u00e0 l\u2019honneur les \u0153uvres d\u2019Anna Pidgorna et Patrick Hart et les cr\u00e9ations de <strong>Robyn Jacob<\/strong> et <strong>Wally Gunn<\/strong>. Une pr\u00e9sentation du Groupe Le Vivier.<\/p>\n<h3>Le 11 juin, 19 h 30, Edifice Wilder <a href=\"https:\/\/levivier.ca\/fr\/concert\/saison-2022-23\/perpetuite\" target=\"_blank\" rel=\"noopener\">D\u00c9TAILS ET BILLETS<\/a><\/h3>\n<p style=\"text-align: center;\">\n<h2><em>Inscrivez-vous \u00e0 notre infolettre! La musique classique et l&rsquo;op\u00e9ra en 5 minutes, chaque jour<\/em> \u00a0<span style=\"color: #ff0000;\"><a style=\"color: #ff0000;\" href=\"https:\/\/ludwig-van.us9.list-manage.com\/subscribe?u=4f785cb3f9058f2393ccad035&amp;id=b9b160c032\" target=\"_blank\" rel=\"noopener noreferrer\">ICI\u00a0<\/a><\/span><\/h2>\n","protected":false},"excerpt":{"rendered":"<p>Cette semaine, l&rsquo;Orchestre M\u00e9tropolitain re\u00e7oit la soprano am\u00e9ricaine Angel Blue pour son concert de cl\u00f4ture \u00e0 la Maison symphonique. Voici nos Choix de la r\u00e9daction du 5 au 11 juin.\u00a0<\/p>\n","protected":false},"author":51,"featured_media":76415,"comment_status":"open","ping_status":"open","sticky":false,"template":"","format":"standard","meta":{"om_disable_all_campaigns":false,"jetpack_post_was_ever_published":false},"categories":[42065,10956,10994],"tags":[42066,2521],"yst_prominent_words":[9878,9863,26822,26052,9877,19914,19913,22709],"acf":[],"jetpack_featured_media_url":"https:\/\/www.ludwig-van.com\/montreal\/wp-content\/uploads\/sites\/3\/2023\/06\/Copie-de-CONCERTS-100.jpg","jetpack_sharing_enabled":true,"jetpack_shortlink":"https:\/\/wp.me\/p9bdYt-jRt","amp_enabled":true,"_links":{"self":[{"href":"https:\/\/www.ludwig-van.com\/montreal\/wp-json\/wp\/v2\/posts\/76351"}],"collection":[{"href":"https:\/\/www.ludwig-van.com\/montreal\/wp-json\/wp\/v2\/posts"}],"about":[{"href":"https:\/\/www.ludwig-van.com\/montreal\/wp-json\/wp\/v2\/types\/post"}],"author":[{"embeddable":true,"href":"https:\/\/www.ludwig-van.com\/montreal\/wp-json\/wp\/v2\/users\/51"}],"replies":[{"embeddable":true,"href":"https:\/\/www.ludwig-van.com\/montreal\/wp-json\/wp\/v2\/comments?post=76351"}],"version-history":[{"count":20,"href":"https:\/\/www.ludwig-van.com\/montreal\/wp-json\/wp\/v2\/posts\/76351\/revisions"}],"predecessor-version":[{"id":76432,"href":"https:\/\/www.ludwig-van.com\/montreal\/wp-json\/wp\/v2\/posts\/76351\/revisions\/76432"}],"wp:featuredmedia":[{"embeddable":true,"href":"https:\/\/www.ludwig-van.com\/montreal\/wp-json\/wp\/v2\/media\/76415"}],"wp:attachment":[{"href":"https:\/\/www.ludwig-van.com\/montreal\/wp-json\/wp\/v2\/media?parent=76351"}],"wp:term":[{"taxonomy":"category","embeddable":true,"href":"https:\/\/www.ludwig-van.com\/montreal\/wp-json\/wp\/v2\/categories?post=76351"},{"taxonomy":"post_tag","embeddable":true,"href":"https:\/\/www.ludwig-van.com\/montreal\/wp-json\/wp\/v2\/tags?post=76351"},{"taxonomy":"yst_prominent_words","embeddable":true,"href":"https:\/\/www.ludwig-van.com\/montreal\/wp-json\/wp\/v2\/yst_prominent_words?post=76351"}],"curies":[{"name":"wp","href":"https:\/\/api.w.org\/{rel}","templated":true}]}}