{"id":76021,"date":"2023-05-22T08:47:40","date_gmt":"2023-05-22T12:47:40","guid":{"rendered":"https:\/\/www.ludwig-van.com\/montreal\/?p=76021"},"modified":"2023-05-22T09:32:36","modified_gmt":"2023-05-22T13:32:36","slug":"choix-de-la-redaction-15","status":"publish","type":"post","link":"https:\/\/www.ludwig-van.com\/montreal\/2023\/05\/22\/choix-de-la-redaction-15\/","title":{"rendered":"CHOIX DE LA R\u00c9DACTION | Une tonne de concerts classiques \u00e0 d\u00e9couvrir cette semaine"},"content":{"rendered":"<h3><span style=\"color: #808080;\">Concerts classiques \u00e0 Montr\u00e9al du 22 au 28 mai 2023<\/span><\/h3>\n<figure id=\"attachment_76029\" aria-describedby=\"caption-attachment-76029\" style=\"width: 1200px\" class=\"wp-caption alignnone\"><img decoding=\"async\" loading=\"lazy\" class=\"size-full wp-image-76029\" src=\"https:\/\/www.ludwig-van.com\/montreal\/wp-content\/uploads\/sites\/3\/2023\/05\/Copie-de-CONCERTS-95.jpg\" alt=\"\" width=\"1200\" height=\"628\" \/><figcaption id=\"caption-attachment-76029\" class=\"wp-caption-text\">Daniil Trifonov, Mika Putterman, l&rsquo;Ensemble Caprice (Photos: )<\/figcaption><\/figure>\n<h3><span style=\"color: #808080;\">Plusieurs \u00e9v\u00e9nements int\u00e9ressants attirent notre attention en musique classique cette semaine: c&rsquo;est le d\u00e9but du Festival Classica, l&rsquo;OSM re\u00e7oit deux grands pianistes, l&rsquo;Ensemble Caprice nous propose la Messe en si mineur de Bach, et l&rsquo;Orchestre symphonique de Laval visite la Maison symphonique. Voici nos Choix de la r\u00e9daction, du 22 au 28 mai.\u00a0<\/span><\/h3>\n<p>&nbsp;<\/p>\n<p>&nbsp;<\/p>\n<figure id=\"attachment_74667\" aria-describedby=\"caption-attachment-74667\" style=\"width: 1200px\" class=\"wp-caption alignnone\"><img decoding=\"async\" loading=\"lazy\" class=\"size-full wp-image-74667\" src=\"https:\/\/www.ludwig-van.com\/montreal\/wp-content\/uploads\/sites\/3\/2023\/01\/Sergei-Babayan_Daniil-Trifonov.jpg\" alt=\"Sergei Babayan et Daniil Trifonov partageront la sc\u00e8ne de la Maison symphonique avec l'OSM, cette semai\" width=\"1200\" height=\"381\" \/><figcaption id=\"caption-attachment-74667\" class=\"wp-caption-text\">Sergei Babayan et Daniil Trifonov partageront la sc\u00e8ne de la Maison symphonique avec l&rsquo;OSM, cette semaine. (Photo: courtoisie)<\/figcaption><\/figure>\n<h3>Trifonov et Babayan \u00e0 l&rsquo;OSM<\/h3>\n<p><strong>L\u2019Orchestre symphonique de Montr\u00e9al<\/strong> accueille les pianistes de renomm\u00e9e internationale <strong>Daniil Trifonov<\/strong> et <strong>Sergei Babayan<\/strong> dans le <em>Concerto pour deux pianos et percussions<\/em> de Bart\u00f3k, qui mettra \u00e9galement en valeur les percussionnistes de l\u2019OSM <strong>Serge Desgagn\u00e9s<\/strong> et <strong>Andrei Malashenko<\/strong>. Le chef finlandais <strong>Hannu Lintu<\/strong> dirigera \u00e9galement la c\u00e9l\u00e8bre Suite <em>Rom\u00e9o et Juliette<\/em> de Prokofiev ainsi que les <em>Symphonies d\u2019instruments \u00e0 vent<\/em> de Stravinsky, compos\u00e9es en hommage \u00e0 Claude Debussy.<\/p>\n<h3>Les 23 et 24 mai, 19 h 30, Maison symphonique <a href=\"https:\/\/www.osm.ca\/fr\/concerts\/le-concerto-pour-deux-pianos-et-percussions-de-bartok\/\" target=\"_blank\" rel=\"noopener\">D\u00c9TAILS ET BILLETS<\/a><\/h3>\n<p>&nbsp;<\/p>\n<figure id=\"attachment_59273\" aria-describedby=\"caption-attachment-59273\" style=\"width: 1024px\" class=\"wp-caption aligncenter\"><img decoding=\"async\" loading=\"lazy\" class=\"wp-image-59273 size-full\" src=\"https:\/\/www.ludwig-van.com\/montreal\/wp-content\/uploads\/sites\/3\/2019\/03\/MikaPuttermanCREDITSergioVeranes.com_.jpg\" alt=\"Mike Putterman, Autour de la fl\u00fbte\" width=\"1024\" height=\"683\" srcset=\"https:\/\/www.ludwig-van.com\/montreal\/wp-content\/uploads\/sites\/3\/2019\/03\/MikaPuttermanCREDITSergioVeranes.com_.jpg 1024w, https:\/\/www.ludwig-van.com\/montreal\/wp-content\/uploads\/sites\/3\/2019\/03\/MikaPuttermanCREDITSergioVeranes.com_-300x200.jpg 300w, https:\/\/www.ludwig-van.com\/montreal\/wp-content\/uploads\/sites\/3\/2019\/03\/MikaPuttermanCREDITSergioVeranes.com_-768x512.jpg 768w\" sizes=\"(max-width: 1024px) 100vw, 1024px\" \/><figcaption id=\"caption-attachment-59273\" class=\"wp-caption-text\">Mika Putterman, fl\u00fbtiste. (Photo: Sergio Veranes)<\/figcaption><\/figure>\n<h3>Autour de la fl\u00fbte: In Memoriam<\/h3>\n<p>La pianiste <strong>Elizaveta Miller<\/strong> se joint \u00e0 la fl\u00fbtiste <strong>Mika Putterman,<\/strong> qui \u00e9trenne une toute nouvelle fl\u00fbte, pour un programme comprenant des \u0153uvres de Burt Bacharach, Paul Ben-Haim, Ernest Bloch, Lili Boulanger, Aaron Copland, Leonard Cohen, Philip Glass et Gary Schocker.<\/p>\n<h3>Le 24 mai, 19 h 30, Salle Joseph-Rouleau <a href=\"https:\/\/www.eventbrite.ca\/e\/in-memoriam-tickets-601480603677\" target=\"_blank\" rel=\"noopener\">D\u00c9TAILS ET BILLETS<\/a><\/h3>\n<p>&nbsp;<\/p>\n<figure id=\"attachment_64204\" aria-describedby=\"caption-attachment-64204\" style=\"width: 1024px\" class=\"wp-caption aligncenter\"><img decoding=\"async\" loading=\"lazy\" class=\"wp-image-64204 size-full\" src=\"https:\/\/www.ludwig-van.com\/montreal\/wp-content\/uploads\/sites\/3\/2020\/03\/BOURGIE_JPG_BERNARD_FOUGERE-web-1024x828-1.jpg\" alt=\"\" width=\"1024\" height=\"828\" srcset=\"https:\/\/www.ludwig-van.com\/montreal\/wp-content\/uploads\/sites\/3\/2020\/03\/BOURGIE_JPG_BERNARD_FOUGERE-web-1024x828-1.jpg 1024w, https:\/\/www.ludwig-van.com\/montreal\/wp-content\/uploads\/sites\/3\/2020\/03\/BOURGIE_JPG_BERNARD_FOUGERE-web-1024x828-1-300x243.jpg 300w, https:\/\/www.ludwig-van.com\/montreal\/wp-content\/uploads\/sites\/3\/2020\/03\/BOURGIE_JPG_BERNARD_FOUGERE-web-1024x828-1-768x621.jpg 768w\" sizes=\"(max-width: 1024px) 100vw, 1024px\" \/><figcaption id=\"caption-attachment-64204\" class=\"wp-caption-text\">La Salle Bourgie. (Photo: Bernard Foug\u00e8re)<\/figcaption><\/figure>\n<h2>Salle Bourgie<\/h2>\n<h3>L&rsquo;Ensemble Philip Glass<\/h3>\n<p>Aux c\u00f4t\u00e9s d\u2019extraits d\u2019\u0153uvres mythiques, notamment <em>Koyaanisqatsi, Glassworks<\/em> et <em>Einstein on the Beach,<\/em> <strong>l\u2019Ensemble Philip Glass<\/strong> pr\u00e9sente la cr\u00e9ation canadienne de <em>Music in Eight Parts<\/em>, 50 ans apr\u00e8s sa composition. Une occasion exceptionnelle d\u2019entendre cette \u0153uvre retrouv\u00e9e de <strong>Philip Glass<\/strong> !\u00a0Veuillez noter que Philip Glass lui-m\u00eame ne se produira pas dans le cadre de ce concert.<\/p>\n<h3>Le 24 mai, 19 h 30, Salle Bourgie <a href=\"https:\/\/www.mbam.qc.ca\/fr\/activites\/the-philip-glass-ensemble-1\/\" target=\"_blank\" rel=\"noopener\">D\u00c9TAILS ET BILLETS<\/a><\/h3>\n<p>&nbsp;<\/p>\n<h3>Musicien de l&rsquo;OSM: musique au f\u00e9minin<\/h3>\n<p>Inspir\u00e9 par l\u2019exposition Le design au f\u00e9minin, ce concert pr\u00e9sente deux fabuleux quintettes pour piano des Am\u00e9ricaines Amy Beach et Florence Price ainsi qu\u2019une \u0153uvre pour piano seul de la Canadienne Alexina Louie. En lien avec l\u2019exposition<em> Parall(elles) : une autre histoire du design.\u00a0<\/em><\/p>\n<h3>Le 26 mai, 18 h 30, Salle Bourgie <a href=\"https:\/\/www.mbam.qc.ca\/fr\/activites\/musiciens-de-losm---musique-au-feminin-1\/\" target=\"_blank\" rel=\"noopener\">D\u00c9TAILS ET BILLETS<\/a><\/h3>\n<p>&nbsp;<\/p>\n<figure id=\"attachment_74522\" aria-describedby=\"caption-attachment-74522\" style=\"width: 1200px\" class=\"wp-caption alignnone\"><img decoding=\"async\" loading=\"lazy\" class=\"size-full wp-image-74522\" src=\"https:\/\/www.ludwig-van.com\/montreal\/wp-content\/uploads\/sites\/3\/2022\/12\/Allegra2-1.jpg\" alt=\"\" width=\"1200\" height=\"800\" \/><figcaption id=\"caption-attachment-74522\" class=\"wp-caption-text\">Musique de Chambre Allegra<\/figcaption><\/figure>\n<h3>Musique de chambre Allegra<\/h3>\n<p>PROGRAMME<\/p>\n<p>Gabriel Faur\u00e9 Apr\u00e8s un R\u00eave op. 7 no. 1 for violin, cello &amp; piano<br \/>\nB\u00e9la Bart\u00f3k Romanian Folk Dances Sz. 68 (arranged for clarinet &amp; string quartet by Simon Aldrich)<br \/>\nAnton\u00edn Dvo\u0159\u00e0k Quintet in A major, op. 81 for piano &amp; string quartet<\/p>\n<p>MUSICIENS<\/p>\n<p>Dorothy Fieldman Fraiberg, piano ~ Simon Aldrich, clarinet ~ Alexander Lozowski, violin ~ Am\u00e9lie Benoit Bastien, violin ~ Elvira Misbakhova, viola ~ Sheila Hannigan, cello<\/p>\n<h3>Le 25 mai, 19 h 30, salle Redpath <a href=\"https:\/\/www.allegrachambermusic.com\/saison-20222023\" target=\"_blank\" rel=\"noopener\">D\u00c9TAILS ET BILLETS<\/a><\/h3>\n<p>&nbsp;<\/p>\n<p>&nbsp;<\/p>\n<figure id=\"attachment_54173\" aria-describedby=\"caption-attachment-54173\" style=\"width: 700px\" class=\"wp-caption aligncenter\"><img decoding=\"async\" loading=\"lazy\" class=\"wp-image-54173 size-full\" src=\"https:\/\/www.ludwig-van.com\/montreal\/wp-content\/uploads\/sites\/3\/2018\/05\/4-Marc-Boucher_13-juil-18-cal.jpg\" alt=\"Marc Boucher, directeur artistique du Festival Classica. (Photo: courtoisie)\" width=\"700\" height=\"500\" \/><figcaption id=\"caption-attachment-54173\" class=\"wp-caption-text\">Marc Boucher, directeur g\u00e9n\u00e9ral et artistique du Festival Classica. (Photo: courtoisie)<\/figcaption><\/figure>\n<h2>Festival Classica<\/h2>\n<h3>Concert d&rsquo;ouverture: Lux Aeterna<\/h3>\n<p>Inspir\u00e9 par la rencontre de la premi\u00e8re lueur de l\u2019univers et du premier son, le concert <strong>Lux Aeterna<\/strong> (lumi\u00e8res \u00e9ternelles) propose un programme autour des plus belles pages du r\u00e9pertoire choral de la Renaissance \u00e0 aujourd\u2019hui, port\u00e9 par 50 voix professionnelles avec solistes invit\u00e9s, dans un environnement d&rsquo;art num\u00e9rique de l&rsquo;artiste Myriam Boucher.<\/p>\n<h3>Le 25 mai, 21, Salle Claude-Champagne <a href=\"https:\/\/www.festivalclassica.com\/lux-aeterna\" target=\"_blank\" rel=\"noopener\">D\u00c9TAILS ET BILLETS<\/a><\/h3>\n<p style=\"text-align: center;\">\n<h3>Fl\u00fbte passion: Suites 1 &amp; 2 de Claude Bolling<\/h3>\n<p>La fl\u00fbtiste Nadia Labrie pr\u00e9sente son nouveau projet <em>Fl\u00fbte passion : Claude Bolling-Suite pour fl\u00fbte et trio piano jazz<\/em>. Premier compositeur \u00e0 faire le mariage entre la musique classique et la musique jazz, Claude Bolling enregistre avec Jean-Pierre Rampal en 1973 son \u0153uvre qui remporta un succ\u00e8s plan\u00e9taire. Nadia Labrie sera accompagn\u00e9e de Jonathan Turgeon au piano, Dominic Girard \u00e0 la contrebasse et Bernard Riche \u00e0 la batterie. Ce concert rend hommage \u00e0 Claude Bolling qui s\u2019est \u00e9teint le 29 d\u00e9cembre 2020 en France.<\/p>\n<h3>Le 26 mai, 19 h (<a href=\"https:\/\/www.festivalclassica.com\/flute-passion-suite-1-de-claude-bolling\" target=\"_blank\" rel=\"noopener\">D\u00c9TAILS ET BILLETS<\/a>) et le 28 mai, 19 (<a href=\"https:\/\/www.festivalclassica.com\/flute-passion-suite-2-de-claude-bolling\" target=\"_blank\" rel=\"noopener\">D\u00c9TAILS ET BILLETS<\/a>), \u00c9glise Sainte-Famille de Boucherville<\/h3>\n<p>&nbsp;<\/p>\n<h3>Emmenez-moi<\/h3>\n<p>Les grands classiques de la chanson fran\u00e7aise sont ici interpr\u00e9t\u00e9s par le jeune t\u00e9nor Julien Brody, accompagn\u00e9 au piano par Giancarlo Scalia. Un programme musical qui rend hommage aux immortels Aznavour, B\u00e9caud, Brassens, Brel et autres g\u00e9ants de la chanson fran\u00e7aise.<\/p>\n<h3>Le 27 mai, 19 h, \u00c9glise presbyt\u00e9rienne de Saint-Lambert <a href=\"https:\/\/www.festivalclassica.com\/emmenez-moi\" target=\"_blank\" rel=\"noopener\">D\u00c9TAILS ET BILLETS<\/a><\/h3>\n<p>&nbsp;<\/p>\n<figure id=\"attachment_75857\" aria-describedby=\"caption-attachment-75857\" style=\"width: 1200px\" class=\"wp-caption alignnone\"><img decoding=\"async\" loading=\"lazy\" class=\"size-full wp-image-75857\" src=\"https:\/\/www.ludwig-van.com\/montreal\/wp-content\/uploads\/sites\/3\/2023\/04\/Ensemble-Caprice.jpg\" alt=\"\" width=\"1200\" height=\"1200\" \/><figcaption id=\"caption-attachment-75857\" class=\"wp-caption-text\">Ensemble Caprice<br \/>Cr\u00e9dit Photo : Tam Lan Truong<\/figcaption><\/figure>\n<h3>Ensemble Caprice: la Messe en si mineur<\/h3>\n<p>La messe en si mineur de J.S. Bach est l\u2019un des sommets de la musique occidentale. Quelque peu avant sa mort, le grand ma\u00eetre allemand compl\u00e9ta cette \u0153uvre magistrale, symbiose parfaite des divers courants musicaux de son \u00e9poque. Ce chef-d\u2019\u0153uvre intemporel sera interpr\u00e9t\u00e9 par <strong>Ensemble Caprice<\/strong> et le ch\u0153ur d\u2019<strong>Ensemble ArtChora<\/strong>l sous la direction de <strong>Matthias Maute.<\/strong><\/p>\n<h3>Le 26 mai, 19 h 30, Maison symphonique <a href=\"https:\/\/placedesarts.com\/fr\/evenement\/la-messe-en-si-mineur-de-bach-3\" target=\"_blank\" rel=\"noopener\">D\u00c9TAILS ET BILLETS<\/a><\/h3>\n<p>&nbsp;<\/p>\n<p style=\"text-align: center;\"><img decoding=\"async\" loading=\"lazy\" class=\"alignnone size-full wp-image-74752\" src=\"https:\/\/www.ludwig-van.com\/montreal\/wp-content\/uploads\/sites\/3\/2023\/01\/Paris-Geneve.png\" alt=\"\" width=\"602\" height=\"481\" \/><\/p>\n<h3>Messe pour double ch\u0153ur de Frank Martin<\/h3>\n<p>Au 19e si\u00e8cle, plusieurs compositeurs fran\u00e7ais participeront au renouveau de l\u2019orgue. Quelques grands organistes ont eu eux aussi une influence heureuse sur le climat musical de la Suisse fran\u00e7aise. C\u2019est le cas du compositeur genevois Frank Martin dont l\u2019\u00e9criture s\u2019appuie sur les pratiques musicales m\u00e9di\u00e9vales manifest\u00e9es dans sa Messe pour double ch\u0153ur, pr\u00e9sent\u00e9e par les trois choeurs de la Soci\u00e9t\u00e9 chorale du Plateau Mont-Royal, sous la direction de <strong>Roseline Blain.\u00a0<\/strong><\/p>\n<p><a href=\"https:\/\/www.ludwig-van.com\/montreal\/2023\/05\/16\/communaute-roseline-blain-soffre-la-messe-pour-double-choeur-de-frank-martin\/\" target=\"_blank\" rel=\"noopener\">EN SAVOIR PLUS SUR CE CONCERT<\/a><\/p>\n<h3>Le 27 mai, 20 h, \u00c9glise du Tr\u00e8s-Saint-Nom-de-J\u00e9sus <a href=\"https:\/\/www.zeffy.com\/fr-CA\/ticketing\/a3d880a2-75de-4d5c-9a71-cdafbcfe44c2\" target=\"_blank\" rel=\"noopener\">D\u00c9TAILS ET BILLETS<\/a><\/h3>\n<p>&nbsp;<\/p>\n<figure id=\"attachment_75576\" aria-describedby=\"caption-attachment-75576\" style=\"width: 1200px\" class=\"wp-caption alignnone\"><img decoding=\"async\" loading=\"lazy\" class=\"size-full wp-image-75576\" src=\"https:\/\/www.ludwig-van.com\/montreal\/wp-content\/uploads\/sites\/3\/2017\/09\/Jacques-Lacombe-OCM-courtoisie.jpg\" alt=\"Jacques Lacombe, directeur artistique et chef principal de l'OCM. (Photo: courtoisie)\" width=\"1200\" height=\"1013\" \/><figcaption id=\"caption-attachment-75576\" class=\"wp-caption-text\">Jacques Lacombe, directeur artistique et chef principal de l&rsquo;OCM. (Photo: courtoisie)<\/figcaption><\/figure>\n<p>L&rsquo;Orchestre symphonique de Laval interpr\u00e8te Don Quixote, de Strauss, et la Symphonie no 3 de Camille Saint-Sa\u00ebns, sous la direction de Jacques Lacombe. Soliste invit\u00e9: St\u00e9phane T\u00e9treault.<\/p>\n<h3>Le 27 mai, 19 h 30, Maison symphonique <a href=\"https:\/\/www.osl.ca\/osl-a-la-msm\" target=\"_blank\" rel=\"noopener\">D\u00c9TAILS ET BILLETS<\/a><\/h3>\n<h2><em>Inscrivez-vous \u00e0 notre infolettre! La musique classique et l&rsquo;op\u00e9ra en 5 minutes, chaque jour<\/em> \u00a0<span style=\"color: #ff0000;\"><a style=\"color: #ff0000;\" href=\"https:\/\/ludwig-van.us9.list-manage.com\/subscribe?u=4f785cb3f9058f2393ccad035&amp;id=b9b160c032\" target=\"_blank\" rel=\"noopener noreferrer\">ICI\u00a0<\/a><\/span><\/h2>\n","protected":false},"excerpt":{"rendered":"<p>Plusieurs \u00e9v\u00e9nements int\u00e9ressants attirent notre attention en musique classique cette semaine: c&rsquo;est le d\u00e9but du Festival Classica, l&rsquo;OSM re\u00e7oit deux grands pianistes, l&rsquo;Ensemble Caprice nous propose la Messe en si mineur de Bach, et l&rsquo;Orchestre symphonique de Laval visite la Maison symphonique. Voici nos Choix de la r\u00e9daction, du 22 au 28 mai.\u00a0<\/p>\n","protected":false},"author":1,"featured_media":76029,"comment_status":"open","ping_status":"open","sticky":false,"template":"","format":"standard","meta":{"om_disable_all_campaigns":false,"jetpack_post_was_ever_published":false},"categories":[42065,10956,10994],"tags":[42066,42079,19920,4485,11137],"yst_prominent_words":[9878,9863,16845,18022,13120,26052,11448,21882,13123,33503,20141,18276,18273,21827,26053,31964],"acf":[],"jetpack_featured_media_url":"https:\/\/www.ludwig-van.com\/montreal\/wp-content\/uploads\/sites\/3\/2023\/05\/Copie-de-CONCERTS-95.jpg","jetpack_sharing_enabled":true,"jetpack_shortlink":"https:\/\/wp.me\/p9bdYt-jM9","amp_enabled":true,"_links":{"self":[{"href":"https:\/\/www.ludwig-van.com\/montreal\/wp-json\/wp\/v2\/posts\/76021"}],"collection":[{"href":"https:\/\/www.ludwig-van.com\/montreal\/wp-json\/wp\/v2\/posts"}],"about":[{"href":"https:\/\/www.ludwig-van.com\/montreal\/wp-json\/wp\/v2\/types\/post"}],"author":[{"embeddable":true,"href":"https:\/\/www.ludwig-van.com\/montreal\/wp-json\/wp\/v2\/users\/1"}],"replies":[{"embeddable":true,"href":"https:\/\/www.ludwig-van.com\/montreal\/wp-json\/wp\/v2\/comments?post=76021"}],"version-history":[{"count":10,"href":"https:\/\/www.ludwig-van.com\/montreal\/wp-json\/wp\/v2\/posts\/76021\/revisions"}],"predecessor-version":[{"id":76098,"href":"https:\/\/www.ludwig-van.com\/montreal\/wp-json\/wp\/v2\/posts\/76021\/revisions\/76098"}],"wp:featuredmedia":[{"embeddable":true,"href":"https:\/\/www.ludwig-van.com\/montreal\/wp-json\/wp\/v2\/media\/76029"}],"wp:attachment":[{"href":"https:\/\/www.ludwig-van.com\/montreal\/wp-json\/wp\/v2\/media?parent=76021"}],"wp:term":[{"taxonomy":"category","embeddable":true,"href":"https:\/\/www.ludwig-van.com\/montreal\/wp-json\/wp\/v2\/categories?post=76021"},{"taxonomy":"post_tag","embeddable":true,"href":"https:\/\/www.ludwig-van.com\/montreal\/wp-json\/wp\/v2\/tags?post=76021"},{"taxonomy":"yst_prominent_words","embeddable":true,"href":"https:\/\/www.ludwig-van.com\/montreal\/wp-json\/wp\/v2\/yst_prominent_words?post=76021"}],"curies":[{"name":"wp","href":"https:\/\/api.w.org\/{rel}","templated":true}]}}