{"id":75956,"date":"2023-05-16T09:21:04","date_gmt":"2023-05-16T13:21:04","guid":{"rendered":"https:\/\/www.ludwig-van.com\/montreal\/?p=75956"},"modified":"2023-05-16T09:33:52","modified_gmt":"2023-05-16T13:33:52","slug":"choix-de-la-redaction-concerts-musique-classique-decouvrir-cette-semaine","status":"publish","type":"post","link":"https:\/\/www.ludwig-van.com\/montreal\/2023\/05\/16\/choix-de-la-redaction-concerts-musique-classique-decouvrir-cette-semaine\/","title":{"rendered":"CHOIX DE LA R\u00c9DACTION | Les concerts de musique classique \u00e0 d\u00e9couvrir cette semaine"},"content":{"rendered":"<figure id=\"attachment_75970\" aria-describedby=\"caption-attachment-75970\" style=\"width: 1200px\" class=\"wp-caption alignnone\"><img decoding=\"async\" loading=\"lazy\" class=\"size-full wp-image-75970\" src=\"https:\/\/www.ludwig-van.com\/montreal\/wp-content\/uploads\/sites\/3\/2023\/05\/Copie-de-CONCERTS-93.jpg\" alt=\"\" width=\"1200\" height=\"628\" \/><figcaption id=\"caption-attachment-75970\" class=\"wp-caption-text\">Nicholas Carter (Photo: Annette Koroll), collectif9 (Photo: Danylo Bobyk), Instruments of Happiness (Photo: Laurence Labat)<\/figcaption><\/figure>\n<h3><span style=\"color: #808080;\">En attendant les premiers festivals de l&rsquo;\u00e9t\u00e9, soit le Festival Classica (du 24 mai au 17 juin), Stella Musica (31 mai au 2 juin), le Festival de musique de chambre de Montr\u00e9al (du 4 au 18 juin) et Montr\u00e9al baroque (du 15 au 18 juin), la saison 2023-2023 est termin\u00e9e, ou presque, pour la plupart des diffuseurs. Voici nos Choix de la r\u00e9daction du 16 au 21 mai 2023.\u00a0<\/span><\/h3>\n<h3><\/h3>\n<figure id=\"attachment_74634\" aria-describedby=\"caption-attachment-74634\" style=\"width: 1200px\" class=\"wp-caption alignnone\"><img decoding=\"async\" loading=\"lazy\" class=\"size-full wp-image-74634\" src=\"https:\/\/www.ludwig-van.com\/montreal\/wp-content\/uploads\/sites\/3\/2023\/01\/Dominique-Fils-Aime_Elisapie.jpg\" alt=\"Dominique Fils-Aim\u00e9 &amp;Elisapie (Photos: courtoisie de l'OSM)\" width=\"1200\" height=\"381\" \/><figcaption id=\"caption-attachment-74634\" class=\"wp-caption-text\">Dominique Fils-Aim\u00e9 &amp;<br \/>Elisapie (Photos: courtoisie de l&rsquo;OSM)<\/figcaption><\/figure>\n<h3 class=\"tribe-events-single-event-title\">Dominique Fils-Aim\u00e9, Trilogie symphonique \u00e0 l&rsquo;OSM<\/h3>\n<p><strong>Dominique Fils-Aim\u00e9<\/strong> et l\u2019OSM collaborent dans une m\u00e9tamorphose symphonique sign\u00e9e Blair Thomson, avec la participation d\u2019<strong>Elisapie<\/strong> ainsi que des choristes de l\u2019\u00e9mission<em> Y\u2019a du monde \u00e0 messe<\/em>. Un concert sous la direction de <strong>Dina Gilbert.\u00a0<\/strong><\/p>\n<h3>Les 16 et 17 mai, 20 h <a href=\"https:\/\/www.osm.ca\/fr\/concerts\/dominique-fils-aime-trilogie-symphonique\/\" target=\"_blank\" rel=\"noopener\">D\u00c9TAILS ET BILLETS<\/a><\/h3>\n<p>&nbsp;<\/p>\n<figure id=\"attachment_74492\" aria-describedby=\"caption-attachment-74492\" style=\"width: 437px\" class=\"wp-caption aligncenter\"><img decoding=\"async\" loading=\"lazy\" class=\"size-full wp-image-74492\" src=\"https:\/\/www.ludwig-van.com\/montreal\/wp-content\/uploads\/sites\/3\/2022\/12\/Nicolas-Ellis_Philippe-PrudHomme.jpg\" alt=\"Nicolas Ellis &amp;Philippe Prud'Homme (Photos: courtoisie de Pro Musica)\" width=\"437\" height=\"433\" \/><figcaption id=\"caption-attachment-74492\" class=\"wp-caption-text\">Nicolas Ellis &amp;<br \/>Philippe Prud&rsquo;Homme (Photos: courtoisie de Pro Musica)<\/figcaption><\/figure>\n<h3 class=\"tribe-events-single-event-title\">Nicolas Ellis et Philippe Prud\u2019Homme aux M\u00e9lodines \u2013 L\u2019apoth\u00e9ose de la danse<\/h3>\n<p><strong>Nicolas Ellis<\/strong> et <strong>Philippe Prud\u2019Homme<\/strong>, tous deux pianistes en plus d&rsquo;\u00eatre respectivement chef d&rsquo;orchestre et compositeur, pr\u00e9senteront les \u0153uvres de Samuel Barber, Sergue\u00ef Rachmaninov et Philippe Prud\u2019homme.<\/p>\n<h3>Le 17 mai, midi, salle Claude-L\u00e9veill\u00e9e, Place des arts. <a href=\"https:\/\/promusica.qc.ca\/programmation\/melodines\/#ellis-prudhomme\" target=\"_blank\" rel=\"noopener\">D\u00c9TAILS ET BILLETS<\/a><\/h3>\n<p>&nbsp;<\/p>\n<figure id=\"attachment_75976\" aria-describedby=\"caption-attachment-75976\" style=\"width: 1200px\" class=\"wp-caption alignnone\"><img decoding=\"async\" loading=\"lazy\" class=\"wp-image-75976 size-full\" src=\"https:\/\/www.ludwig-van.com\/montreal\/wp-content\/uploads\/sites\/3\/2023\/05\/AstresEtCieux-1200.jpg\" alt=\"Andrew McAnerney\" width=\"1200\" height=\"675\" \/><figcaption id=\"caption-attachment-75976\" class=\"wp-caption-text\">Andrew McAnerney<\/figcaption><\/figure>\n<h3>Le SMAM au Plan\u00e9tarium<\/h3>\n<p>Le SMAM \u2014 Studio de musique ancienne de Montr\u00e9al \u2014 revient avec son concert,\u00a0<b><i>Des astres et des cieux,<\/i><\/b> pr\u00e9sent\u00e9 au Plan\u00e9tarium Rio Tinto Alcan de Montr\u00e9al. \u00c9voquant les \u00e9toiles, le soleil, les anges et la lumi\u00e8re divine, le concert Des astres et des cieux offre une nouvelle exp\u00e9rience aux amateurs qui pourront contempler un plafond \u00e9toil\u00e9 sur un fond de musique divine. Des motets a cappella de la Renaissance faisant r\u00e9f\u00e9rence aux astres et aux cieux en raviront plus d\u2019un. De quoi s\u2019\u00e9clipser des conventions de la musique ancienne !<\/p>\n<h3>Le 17 mai, 19 h 30, Plan\u00e9tarium Rio Tinto Alcan. <a href=\"https:\/\/smamontreal.ca\/des-astres-et-des-cieux\/\" target=\"_blank\" rel=\"noopener\">D\u00c9TAILS ET BILLETS<\/a><\/h3>\n<p>&nbsp;<\/p>\n<figure id=\"attachment_72246\" aria-describedby=\"caption-attachment-72246\" style=\"width: 1024px\" class=\"wp-caption alignnone\"><img decoding=\"async\" loading=\"lazy\" class=\"size-full wp-image-72246\" src=\"https:\/\/www.ludwig-van.com\/montreal\/wp-content\/uploads\/sites\/3\/2022\/08\/Carter2-Credit_Annette-Koroll.jpg\" alt=\"Nicholas Carter (Photo: Annette Koroll)\" width=\"1024\" height=\"683\" \/><figcaption id=\"caption-attachment-72246\" class=\"wp-caption-text\">Nicholas Carter (Photo: Annette Koroll)<\/figcaption><\/figure>\n<h3 class=\"tribe-events-single-event-title\">Orchestre M\u00e9tropolitain: plus grands que nature<\/h3>\n<p>Sous la direction du chef invit\u00e9 <strong>Nicholas Carter<\/strong>, l&rsquo;<strong>Orchestre M\u00e9tropolitain<\/strong> interpr\u00e8te <em>Petrouchka<\/em>, de Stravinsky, le Concerto pour violon en la mineur de Glazounov (soliste: <strong>Karen Gomyo<\/strong>) et des extraits de <em>Idomeneo<\/em>, musique de ballet.<\/p>\n<h3>Le 17 mai, 19h30, Verdun; le 18 mai, 19h30, Rosemont; le 19 mai, 19 h 30, Maison symphonique. <a href=\"https:\/\/orchestremetropolitain.com\/fr\/\" target=\"_blank\" rel=\"noopener\">D\u00c9TAILS ET BILLETS<\/a><\/h3>\n<p>&nbsp;<\/p>\n<figure id=\"attachment_57137\" aria-describedby=\"caption-attachment-57137\" style=\"width: 700px\" class=\"wp-caption aligncenter\"><img decoding=\"async\" loading=\"lazy\" class=\"wp-image-57137 size-full\" src=\"https:\/\/www.ludwig-van.com\/montreal\/wp-content\/uploads\/sites\/3\/2018\/10\/Instruments-of-Hapiness-Tim-Brady-cr-Laurence-Labat.png\" alt=\"\" width=\"700\" height=\"514\" srcset=\"https:\/\/www.ludwig-van.com\/montreal\/wp-content\/uploads\/sites\/3\/2018\/10\/Instruments-of-Hapiness-Tim-Brady-cr-Laurence-Labat.png 700w, https:\/\/www.ludwig-van.com\/montreal\/wp-content\/uploads\/sites\/3\/2018\/10\/Instruments-of-Hapiness-Tim-Brady-cr-Laurence-Labat-300x220.png 300w\" sizes=\"(max-width: 700px) 100vw, 700px\" \/><figcaption id=\"caption-attachment-57137\" class=\"wp-caption-text\">Instruments of Hapiness, avec Tim Brady. (Photo: Laurence Labat)<\/figcaption><\/figure>\n<h3>Instruments of Happiness \u00e0 la Salle Bourgie<\/h3>\n<p>Guitares acoustiques et \u00e9lectriques se c\u00f4toient et s\u2019unissent aux voix, dans un programme de d\u00e9couvertes sonores et d\u2019exp\u00e9rimentation contemporaine.<\/p>\n<p>INTERPR\u00c8TES<br \/>\nQuatuor Instruments of Happiness<br \/>\nQuatuor de guitares du Canada<br \/>\nSara Albu, soprano<br \/>\nMarie-Annick B\u00e9liveau, soprano<br \/>\nJanelle Lucyk, soprano<br \/>\nBronwyn Thies-Thompson, soprano<\/p>\n<h3>Le 17 mai, 19 h 30, Salle Bourgie<a href=\"https:\/\/www.mbam.qc.ca\/fr\/activites\/collisions-electriques-et-classiques-1\/\" target=\"_blank\" rel=\"noopener\"> D\u00c9TAILS ET BILLETS<\/a><\/h3>\n<p>&nbsp;<\/p>\n<figure id=\"attachment_68141\" aria-describedby=\"caption-attachment-68141\" style=\"width: 1200px\" class=\"wp-caption alignnone\"><img decoding=\"async\" loading=\"lazy\" class=\"size-full wp-image-68141\" src=\"https:\/\/www.ludwig-van.com\/montreal\/wp-content\/uploads\/sites\/3\/2021\/09\/collectif9-cr-DanyloBobyk-1200.jpg\" alt=\"collectif9 (Photo: Danylo Bobyk)\" width=\"1200\" height=\"800\" \/><figcaption id=\"caption-attachment-68141\" class=\"wp-caption-text\">collectif9 (Photo: Danylo Bobyk)<\/figcaption><\/figure>\n<h3>collectif9: Folk Noir<\/h3>\n<p>L\u2019ensemble de musique de chambre<strong> collectif9<\/strong> pr\u00e9sente son nouveau spectacle FOLK NOIR au Bain Mathieu. Dans FOLK NOIR, collectif9 plonge dans l\u2019esprit cr\u00e9atif de la compositrice montr\u00e9alaise <strong>Nicole Liz\u00e9e<\/strong>, vous accompagnant dans un monde surr\u00e9aliste envelopp\u00e9 de glitch, d\u2019harmonies envo\u00fbtantes et d\u2019interactions entre tradition musicale et culture pop. Avec des \u0153uvres compos\u00e9es depuis le d\u00e9but des ann\u00e9es 2000, dont une nouvelle pi\u00e8ce \u00e9crite pour l\u2019ensemble, FOLK NOIR regorge d\u2019imagerie et de trames narratives dans une atmosph\u00e8re qui refl\u00e8te l\u2019inspiration musicale.<\/p>\n<h3>Le 20 mai 2023 \u00e0 19h30 (portes ouvertes \u00e0 19h00), Bain Mathieu, Montr\u00e9al. <a href=\"https:\/\/levivier.ca\/fr\/concert\/saison-2022-23\/folk-noir\" target=\"_blank\" rel=\"noopener\">D\u00c9TAILS ET BILLETS<\/a><\/h3>\n<p>&nbsp;<\/p>\n<p>&nbsp;<\/p>\n<figure id=\"attachment_75962\" aria-describedby=\"caption-attachment-75962\" style=\"width: 637px\" class=\"wp-caption aligncenter\"><img decoding=\"async\" loading=\"lazy\" class=\"size-full wp-image-75962\" src=\"https:\/\/www.ludwig-van.com\/montreal\/wp-content\/uploads\/sites\/3\/2023\/05\/Simon-Alami.jpg\" alt=\"Simon Alami, compositeur (Photo: courtoisie)\" width=\"637\" height=\"861\" \/><figcaption id=\"caption-attachment-75962\" class=\"wp-caption-text\">Simon Alami, compositeur (Photo: courtoisie)<\/figcaption><\/figure>\n<h3>Cr\u00e9ation du Quintette pour piano et cordes no 1 de Simon Alami<\/h3>\n<p>Cr\u00e9ation du Quintette pour piano et cordes No. 1 du compositeur montr\u00e9alais <strong>Simon Alami<\/strong>. Par la pianiste <strong>Natsuki Hiratsuka<\/strong>, les violonistes <strong>Marie-Claire Vaillancourt<\/strong> et <strong>Jeanne C\u00f4t\u00e9<\/strong>, l\u2019altiste <strong>Vincent Delorme<\/strong> et par le violoncelliste <strong>Benjamin Sutton<\/strong>. Aussi au programme, des \u0153uvres de Maurice Ravel, Rebecca Clarke, Federico Mompou et Lili Boulanger.<\/p>\n<h3>Le 21 mai 2023 \u00e0 14h, Salle Joseph-Rouleau de la Maison Andr\u00e9-Bourbeau <a href=\"https:\/\/www.eventbrite.ca\/e\/billets-premiere-mondiale-simon-alami-et-les-impressionnistes-563823028857?aff=ebdsoporgprofile&amp;fbclid=IwAR1_JmGbB6iKuqrdmuoo_CuIxMmhCy-uTxo1MvXSvke2K7WBdiv0P7Qh5Ro\" target=\"_blank\" rel=\"noopener\">D\u00c9TAILS ET BILLETS<\/a><\/h3>\n<p>&nbsp;<\/p>\n<h2><em>Inscrivez-vous \u00e0 notre infolettre! La musique classique et l&rsquo;op\u00e9ra en 5 minutes, chaque jour<\/em> \u00a0<span style=\"color: #ff0000;\"><a style=\"color: #ff0000;\" href=\"https:\/\/ludwig-van.us9.list-manage.com\/subscribe?u=4f785cb3f9058f2393ccad035&amp;id=b9b160c032\" target=\"_blank\" rel=\"noopener noreferrer\">ICI\u00a0<\/a><\/span><\/h2>\n","protected":false},"excerpt":{"rendered":"<p>En attendant les premiers festivals de l&rsquo;\u00e9t\u00e9, soit le Festival Classica (du 24 mai au 17 juin), le Festival de musique de chambre de Montr\u00e9al (du 4 au 18 juin) et Montr\u00e9al baroque (du 15 au 18 juin), la saison 2023-2023 tire \u00e0 sa fin. Voici nos Choix de la r\u00e9daction du 16 au 21 mai 2023.\u00a0<\/p>\n","protected":false},"author":1,"featured_media":75970,"comment_status":"open","ping_status":"open","sticky":false,"template":"","format":"standard","meta":{"om_disable_all_campaigns":false,"jetpack_post_was_ever_published":false},"categories":[42065,10956,10994],"tags":[42066,2521,4485,11137],"yst_prominent_words":[26052,26069,18273,29218,19885],"acf":[],"jetpack_featured_media_url":"https:\/\/www.ludwig-van.com\/montreal\/wp-content\/uploads\/sites\/3\/2023\/05\/Copie-de-CONCERTS-93.jpg","jetpack_sharing_enabled":true,"jetpack_shortlink":"https:\/\/wp.me\/p9bdYt-jL6","amp_enabled":true,"_links":{"self":[{"href":"https:\/\/www.ludwig-van.com\/montreal\/wp-json\/wp\/v2\/posts\/75956"}],"collection":[{"href":"https:\/\/www.ludwig-van.com\/montreal\/wp-json\/wp\/v2\/posts"}],"about":[{"href":"https:\/\/www.ludwig-van.com\/montreal\/wp-json\/wp\/v2\/types\/post"}],"author":[{"embeddable":true,"href":"https:\/\/www.ludwig-van.com\/montreal\/wp-json\/wp\/v2\/users\/1"}],"replies":[{"embeddable":true,"href":"https:\/\/www.ludwig-van.com\/montreal\/wp-json\/wp\/v2\/comments?post=75956"}],"version-history":[{"count":10,"href":"https:\/\/www.ludwig-van.com\/montreal\/wp-json\/wp\/v2\/posts\/75956\/revisions"}],"predecessor-version":[{"id":75977,"href":"https:\/\/www.ludwig-van.com\/montreal\/wp-json\/wp\/v2\/posts\/75956\/revisions\/75977"}],"wp:featuredmedia":[{"embeddable":true,"href":"https:\/\/www.ludwig-van.com\/montreal\/wp-json\/wp\/v2\/media\/75970"}],"wp:attachment":[{"href":"https:\/\/www.ludwig-van.com\/montreal\/wp-json\/wp\/v2\/media?parent=75956"}],"wp:term":[{"taxonomy":"category","embeddable":true,"href":"https:\/\/www.ludwig-van.com\/montreal\/wp-json\/wp\/v2\/categories?post=75956"},{"taxonomy":"post_tag","embeddable":true,"href":"https:\/\/www.ludwig-van.com\/montreal\/wp-json\/wp\/v2\/tags?post=75956"},{"taxonomy":"yst_prominent_words","embeddable":true,"href":"https:\/\/www.ludwig-van.com\/montreal\/wp-json\/wp\/v2\/yst_prominent_words?post=75956"}],"curies":[{"name":"wp","href":"https:\/\/api.w.org\/{rel}","templated":true}]}}