{"id":75950,"date":"2023-05-15T09:00:16","date_gmt":"2023-05-15T13:00:16","guid":{"rendered":"https:\/\/www.ludwig-van.com\/montreal\/?p=75950"},"modified":"2023-05-15T10:01:28","modified_gmt":"2023-05-15T14:01:28","slug":"communaute-le-philip-glass-ensemble-a-la-salle-bourgie","status":"publish","type":"post","link":"https:\/\/www.ludwig-van.com\/montreal\/2023\/05\/15\/communaute-le-philip-glass-ensemble-a-la-salle-bourgie\/","title":{"rendered":"COMMUNAUT\u00c9 | LE PHILIP GLASS ENSEMBLE \u00c0 LA SALLE BOURGIE"},"content":{"rendered":"<p>&nbsp;<\/p>\n<figure id=\"attachment_75952\" aria-describedby=\"caption-attachment-75952\" style=\"width: 1200px\" class=\"wp-caption alignnone\"><img decoding=\"async\" loading=\"lazy\" class=\"size-full wp-image-75952\" src=\"https:\/\/www.ludwig-van.com\/montreal\/wp-content\/uploads\/sites\/3\/2023\/05\/The-Philip-Glass-Ensemble-cr-RyuheiShindo.jpg\" alt=\"Le Philip Glass Ensemble. (Photo: Ryuhei Shindo)\" width=\"1200\" height=\"628\" \/><figcaption id=\"caption-attachment-75952\" class=\"wp-caption-text\">Le Philip Glass Ensemble. (Photo: Ryuhei Shindo)<\/figcaption><\/figure>\n<h1 style=\"text-align: center;\"><del>Un message de la Salle Bourgie<\/del><\/h1>\n<p>&nbsp;<\/p>\n<p>Les amateurs de Philip Glass seront combl\u00e9s ! Le prestigieux <strong>Philip Glass Ensemble<\/strong> sera de passage \u00e0 la Salle Bourgie, le <strong>mercredi 24 mai prochain, \u00e0 19 h 30<\/strong>. Fond\u00e9 en 1968 \u00e0 New York par Glass lui-m\u00eame, le groupe se consacre enti\u00e8rement \u00e0 la musique du c\u00e9l\u00e8bre compositeur am\u00e9ricain. Ses membres demeurent aujourd\u2019hui les messagers privil\u00e9gi\u00e9s de ses \u0153uvres, proposant des interpr\u00e9tations qui reconstituent fid\u00e8lement la vision du compositeur.<\/p>\n<p>Comprenant des instruments \u00e0 vent amplifi\u00e9s, des synth\u00e9tiseurs et une voix, le groupe interpr\u00e9tera des extraits d\u2019\u0153uvres mythiques issues des ann\u00e9es 1970 et 1980, notamment du film documentaire exp\u00e9rimental <em>Koyaanisqatsi<\/em>, de l\u2019op\u00e9ra <em>Akhnaten<\/em>, du ballet <em>In the Upper Room<\/em>, de l\u2019album <em>Glassworks<\/em> ainsi que de l\u2019\u0153uvre performative pour m\u00e9dia mixte <em>The Photographer<\/em> (Acte III). Le public pourra en outre assister \u00e0 la cr\u00e9ation canadienne de <em>Music in Eight Parts<\/em>, 50 ans apr\u00e8s sa composition : une occasion exceptionnelle d\u2019entendre pour la premi\u00e8re fois \u00e0 Montr\u00e9al cette \u0153uvre retrouv\u00e9e !<\/p>\n<p>Form\u00e9 de huit remarquables musiciens sous la direction du pianiste Michael Riesman, l\u2019ensemble se veut \u00e0 l\u2019origine un laboratoire d\u2019exp\u00e9rimentation pour le d\u00e9veloppement des \u0153uvres de Philip Glass, constituant une source in\u00e9puisable de cr\u00e9ativit\u00e9 et d\u2019exploration. D\u2019ailleurs, plusieurs des compositions qui ont fait la renomm\u00e9e de ce pionnier du courant exp\u00e9rimental et de la musique minimaliste des ann\u00e9es 1960 aux \u00c9tats-Unis ont \u00e9t\u00e9 \u00e9crites sp\u00e9cifiquement pour l\u2019ensemble.<\/p>\n<p>Le Philip Glass Ensemble a \u00e9galement contribu\u00e9 au d\u00e9veloppement de pratiques d\u2019interpr\u00e9tation visant \u00e0 surmonter les nombreux d\u00e9fis techniques et artistiques que comporte son r\u00e9pertoire, inhabituel et novateur pour l\u2019\u00e9poque. Acclam\u00e9 partout \u00e0 travers le monde sur des sc\u00e8nes prestigieuses et lors de festivals d\u2019envergure, l\u2019ensemble continue encore aujourd\u2019hui d\u2019inspirer de nouvelles compositions.<\/p>\n<p>Cette visite dans la m\u00e9tropole de l\u2019un des ensembles les plus r\u00e9put\u00e9s est donc \u00e0 inscrire sans faute au calendrier.<\/p>\n<p><strong>INTERPR\u00c8TES<\/strong><\/p>\n<p>Michael Riesman : directeur musical et claviers<\/p>\n<p>Lisa Bielawa : voix et claviers<\/p>\n<p>Peter Hess : saxophones<\/p>\n<p>Mick Rossi : claviers<\/p>\n<p>Sam Sadigursky : saxophone et fl\u00fbte<\/p>\n<p>Andrew Sterman : fl\u00fbte, piccolo et saxophone<\/p>\n<p>Dan Bora et Ryan Kelly :\u00a0 ing\u00e9nieurs du son<\/p>\n<p>&nbsp;<\/p>\n<p><strong>PROGRAMME<\/strong><\/p>\n<p>\u00ab Dance 9 \u00bb (du ballet <em>In the Upper Room<\/em>)<\/p>\n<p>\u00ab The Grid \u00bb (de l\u2019op\u00e9ra <em>Koyaanisqatsi<\/em>)<\/p>\n<p>\u00ab Fa\u00e7ades \u00bb (de l\u2019album <em>Glassworks<\/em>)<\/p>\n<p><em>Music in 8 parts<\/em> (premi\u00e8re canadienne)<\/p>\n<p>\u00ab Rescue \u00bb (de l\u2019op\u00e9ra <em>Satyagraha<\/em>)<\/p>\n<p>\u00ab Funeral \u00bb (de l\u2019op\u00e9ra <em>Akhnaten<\/em>)<\/p>\n<p><em>The Photographer<\/em>, Act IlI (performance pour m\u00e9dia mixte)<\/p>\n<p>&nbsp;<\/p>\n<p><strong>POUR Y ASSISTER<\/strong><\/p>\n<p><strong>Quand<\/strong> : mercredi 24 mai 2023, \u00e0 19 h 30<\/p>\n<p><strong>Lieu<\/strong> : Salle Bourgie du Mus\u00e9e des beaux-arts de Montr\u00e9al, 1339 rue Sherbrooke Ouest.<\/p>\n<h3 style=\"text-align: center;\"><a href=\"https:\/\/www.mbam.qc.ca\/fr\/activites\/the-philip-glass-ensemble-1\/\" target=\"_blank\" rel=\"noopener\">ACHETER DES BILLETS<\/a><\/h3>\n<p><strong>Billets<\/strong> : en ligne sur <a href=\"https:\/\/www.mbam.qc.ca\/fr\/activites\/the-philip-glass-ensemble-1\/\">sallebourgie.ca<\/a> ou par t\u00e9l\u00e9phone au (514) 285-2000, option 1, ou en personne \u00e0 la billetterie du Mus\u00e9e, aux heures habituelles d\u2019ouverture<\/p>\n<p>Veuillez noter que <strong>Philip Glass<\/strong> ne participe pas \u00e0 ce concert.<\/p>\n<p><em>Ce communiqu\u00e9 de presse est publi\u00e9 dans le cadre de nos services aux membres de Ludwig van Montr\u00e9al. Pour conna\u00eetre nos produits et services, \u00e9crivez-nous \u00e0 <\/em><a href=\"mailto:caroline@ludwig-van.com\" target=\"_blank\" rel=\"noopener\">caroline@ludwig-van.com\u00a0<\/a><\/p>\n<h2><em>Inscrivez-vous \u00e0 notre infolettre! La musique classique et l&rsquo;op\u00e9ra en 5 minutes, chaque jour<\/em> \u00a0<span style=\"color: #ff0000;\"><a style=\"color: #ff0000;\" href=\"https:\/\/ludwig-van.us9.list-manage.com\/subscribe?u=4f785cb3f9058f2393ccad035&amp;id=b9b160c032\" target=\"_blank\" rel=\"noopener noreferrer\">ICI\u00a0<\/a><\/span><\/h2>\n","protected":false},"excerpt":{"rendered":"<p>Les amateurs de Philip Glass seront combl\u00e9s ! Le prestigieux Philip Glass Ensemble sera de passage \u00e0 la Salle Bourgie, le mercredi 24 mai prochain, \u00e0 19 h 30. Fond\u00e9 en 1968 \u00e0 New York par Glass lui-m\u00eame, le groupe se consacre enti\u00e8rement \u00e0 la musique du c\u00e9l\u00e8bre compositeur am\u00e9ricain.<\/p>\n","protected":false},"author":1,"featured_media":75952,"comment_status":"open","ping_status":"open","sticky":false,"template":"","format":"standard","meta":{"om_disable_all_campaigns":false,"jetpack_post_was_ever_published":false},"categories":[42065,10956,13504],"tags":[42066,42078,11137],"yst_prominent_words":[9878,9863,22779,34353,9877,10273,17515,19968,34350,9956],"acf":[],"jetpack_featured_media_url":"https:\/\/www.ludwig-van.com\/montreal\/wp-content\/uploads\/sites\/3\/2023\/05\/The-Philip-Glass-Ensemble-cr-RyuheiShindo.jpg","jetpack_sharing_enabled":true,"jetpack_shortlink":"https:\/\/wp.me\/p9bdYt-jL0","amp_enabled":true,"_links":{"self":[{"href":"https:\/\/www.ludwig-van.com\/montreal\/wp-json\/wp\/v2\/posts\/75950"}],"collection":[{"href":"https:\/\/www.ludwig-van.com\/montreal\/wp-json\/wp\/v2\/posts"}],"about":[{"href":"https:\/\/www.ludwig-van.com\/montreal\/wp-json\/wp\/v2\/types\/post"}],"author":[{"embeddable":true,"href":"https:\/\/www.ludwig-van.com\/montreal\/wp-json\/wp\/v2\/users\/1"}],"replies":[{"embeddable":true,"href":"https:\/\/www.ludwig-van.com\/montreal\/wp-json\/wp\/v2\/comments?post=75950"}],"version-history":[{"count":4,"href":"https:\/\/www.ludwig-van.com\/montreal\/wp-json\/wp\/v2\/posts\/75950\/revisions"}],"predecessor-version":[{"id":75955,"href":"https:\/\/www.ludwig-van.com\/montreal\/wp-json\/wp\/v2\/posts\/75950\/revisions\/75955"}],"wp:featuredmedia":[{"embeddable":true,"href":"https:\/\/www.ludwig-van.com\/montreal\/wp-json\/wp\/v2\/media\/75952"}],"wp:attachment":[{"href":"https:\/\/www.ludwig-van.com\/montreal\/wp-json\/wp\/v2\/media?parent=75950"}],"wp:term":[{"taxonomy":"category","embeddable":true,"href":"https:\/\/www.ludwig-van.com\/montreal\/wp-json\/wp\/v2\/categories?post=75950"},{"taxonomy":"post_tag","embeddable":true,"href":"https:\/\/www.ludwig-van.com\/montreal\/wp-json\/wp\/v2\/tags?post=75950"},{"taxonomy":"yst_prominent_words","embeddable":true,"href":"https:\/\/www.ludwig-van.com\/montreal\/wp-json\/wp\/v2\/yst_prominent_words?post=75950"}],"curies":[{"name":"wp","href":"https:\/\/api.w.org\/{rel}","templated":true}]}}