{"id":75893,"date":"2023-05-08T10:30:51","date_gmt":"2023-05-08T14:30:51","guid":{"rendered":"https:\/\/www.ludwig-van.com\/montreal\/?p=75893"},"modified":"2023-05-08T10:37:07","modified_gmt":"2023-05-08T14:37:07","slug":"choix-de-la-redaction-les-concerts-classiques-a-decouvrir-cette-semaine","status":"publish","type":"post","link":"https:\/\/www.ludwig-van.com\/montreal\/2023\/05\/08\/choix-de-la-redaction-les-concerts-classiques-a-decouvrir-cette-semaine\/","title":{"rendered":"CHOIX DE LA R\u00c9DACTION | Les concerts classiques \u00e0 d\u00e9couvrir cette semaine"},"content":{"rendered":"<figure id=\"attachment_75897\" aria-describedby=\"caption-attachment-75897\" style=\"width: 1200px\" class=\"wp-caption alignnone\"><img decoding=\"async\" loading=\"lazy\" class=\"size-full wp-image-75897\" src=\"https:\/\/www.ludwig-van.com\/montreal\/wp-content\/uploads\/sites\/3\/2023\/05\/Copie-de-CONCERTS-85.jpg\" alt=\"Cette semaine, Charles Richard-Hamelin sera invit\u00e9 de l'OSM, St\u00e9phane T\u00e9treault d'I Musici, et Marc Hervieux de l'Orchestre classique de Montr\u00e9al. (Photos: Elizabeth Delage, Fr\u00e9d\u00e9rick Robitaille, Julien Faug\u00e8re)\" width=\"1200\" height=\"628\" \/><figcaption id=\"caption-attachment-75897\" class=\"wp-caption-text\">Cette semaine, Charles Richard-Hamelin sera invit\u00e9 de l&rsquo;OSM, St\u00e9phane T\u00e9treault d&rsquo;I Musici, et Marc Hervieux de l&rsquo;Orchestre classique de Montr\u00e9al. (Photos: Elizabeth Delage, Fr\u00e9d\u00e9rick Robitaille, Julien Faug\u00e8re)<\/figcaption><\/figure>\n<h3><span style=\"color: #808080;\">La saison r\u00e9guli\u00e8re tire peut-\u00eatre \u00e0 sa fin, mais il reste encore de nombreux \u00e9v\u00e9nements pour plaire aux m\u00e9lomanes alors que le hasard a voulu que plusieurs de nos artistes d&rsquo;ici soient les solistes invit\u00e9s de diff\u00e9rents ensembles. Voici nos Choix de la r\u00e9daction du 8 au 14 mai.<\/span><\/h3>\n<p>&nbsp;<\/p>\n<figure id=\"attachment_48226\" aria-describedby=\"caption-attachment-48226\" style=\"width: 640px\" class=\"wp-caption aligncenter\"><img decoding=\"async\" loading=\"lazy\" class=\"wp-image-48226 size-large\" src=\"https:\/\/www.ludwig-van.com\/montreal\/wp-content\/uploads\/sites\/3\/2017\/09\/Marc_Hervieux-863x1024.jpg\" alt=\"Marc Hervieux (Cr\u00e9dit: Julien Faug\u00e8re)\" width=\"640\" height=\"759\" srcset=\"https:\/\/www.ludwig-van.com\/montreal\/wp-content\/uploads\/sites\/3\/2017\/09\/Marc_Hervieux-863x1024.jpg 863w, https:\/\/www.ludwig-van.com\/montreal\/wp-content\/uploads\/sites\/3\/2017\/09\/Marc_Hervieux-253x300.jpg 253w, https:\/\/www.ludwig-van.com\/montreal\/wp-content\/uploads\/sites\/3\/2017\/09\/Marc_Hervieux-768x911.jpg 768w, https:\/\/www.ludwig-van.com\/montreal\/wp-content\/uploads\/sites\/3\/2017\/09\/Marc_Hervieux.jpg 1024w\" sizes=\"(max-width: 640px) 100vw, 640px\" \/><figcaption id=\"caption-attachment-48226\" class=\"wp-caption-text\">Marc Hervieux (Cr\u00e9dit: Julien Faug\u00e8re)<\/figcaption><\/figure>\n<h3>Festa Italiana avec Marc Hervieux<\/h3>\n<p>Mardi, le t\u00e9nor <strong>Marc Hervieux<\/strong> se joint \u00e0 l\u2019OCM pour un voyage musical en Italie, au cours duquel il pr\u00e9sentera des \u0153uvres ador\u00e9es du public. Le chanteur offrira ses interpr\u00e9tations toutes personnelles de classiques napolitains et siciliens tels que Volare, Funicul\u00ec, Funicul\u00e0, et bien d&rsquo;autres. Un concert sous la direction de la cheffe Genevi\u00e8ve Leclair<\/p>\n<h3>Le 9 mai, 19 h 30, salle Pierre-P\u00e9ladeau <a href=\"https:\/\/orchestre.ca\/festa-italiana-avec-marc-hervieux\/\" target=\"_blank\" rel=\"noopener\">D\u00c9TAILS ET BILLETS<\/a><\/h3>\n<p>&nbsp;<\/p>\n<figure id=\"attachment_73719\" aria-describedby=\"caption-attachment-73719\" style=\"width: 1600px\" class=\"wp-caption alignnone\"><img decoding=\"async\" loading=\"lazy\" class=\"size-full wp-image-73719\" src=\"https:\/\/www.ludwig-van.com\/montreal\/wp-content\/uploads\/sites\/3\/2022\/11\/Victoire-Bunel.jpg\" alt=\"\" width=\"1600\" height=\"1067\" \/><figcaption id=\"caption-attachment-73719\" class=\"wp-caption-text\">Victoire Bunel, mezzo-soprano (Photo: courtoisie)<\/figcaption><\/figure>\n<h3>M\u00e9lodie fran\u00e7aise \u00e0 la Salle Bourgie<\/h3>\n<p>Apr\u00e8s leur passage \u00e0 l\u2019auditorium du Mus\u00e9e d\u2019Orsay, au Festival de Royaumont et au Wigmore Hall de Londres, la Salle Bourgie accueille <strong>Victoire Bunel,<\/strong> mezzo-soprano, et <strong>Gaspard Dehaene<\/strong>, piano, deux \u00e9toiles montantes, dans un programme de musique fran\u00e7aise empreinte de po\u00e9sie.<\/p>\n<h3>Le 10 mai, 19 h 30, Salle Bourgie. <a href=\"https:\/\/www.mbam.qc.ca\/fr\/activites\/victoire-bunel-et-gaspard-dehaene-l-art-de-la-melodie\/\" target=\"_blank\" rel=\"noopener\">D\u00c9TAILS ET BILLETS<\/a><\/h3>\n<p>&nbsp;<\/p>\n<figure id=\"attachment_74628\" aria-describedby=\"caption-attachment-74628\" style=\"width: 1200px\" class=\"wp-caption alignnone\"><img decoding=\"async\" loading=\"lazy\" class=\"size-full wp-image-74628\" src=\"https:\/\/www.ludwig-van.com\/montreal\/wp-content\/uploads\/sites\/3\/2023\/01\/Charles-Richard-Hamelin.jpg\" alt=\"Charles Richard-Hamelin, pianiste (Photo: Elizabeth Delage)\" width=\"1200\" height=\"381\" \/><figcaption id=\"caption-attachment-74628\" class=\"wp-caption-text\">Charles Richard-Hamelin, pianiste (Photo: Elizabeth Delage)<\/figcaption><\/figure>\n<h3>Charles Richard-Hamelin \u00e0 l&rsquo;OSM<\/h3>\n<p>Le pianiste <strong>Charles Richard-Hamelin<\/strong> est de retour \u00e0 l\u2019OSM dans le Concerto no 2 de Prokofiev, sous la direction du chef finlandais <strong>John Storg\u00e5rds<\/strong>. Aussi au programme: <em>L\u2019\u00eele des morts<\/em> de Rachmaninov, et <em>En saga<\/em>, de Sibelius, qui a inspir\u00e9 \u00e0 la Finlandaise Lotta Wenn\u00e4koski l\u2019\u0153uvre <em>Verdigris.<\/em><\/p>\n<h3>Le 10 mai, 19 h 30, le 11 mai, 10 h 30, et le 13 mai, 14 h 30. <a href=\"https:\/\/www.osm.ca\/fr\/concerts\/charles-richard-hamelin-et-le-concerto-no-2-de-prokofiev\/\" target=\"_blank\" rel=\"noopener\">D\u00c9TAILS ET BILLETS<\/a><\/h3>\n<p>&nbsp;<\/p>\n<h3 style=\"text-align: center;\"><img decoding=\"async\" loading=\"lazy\" class=\"alignnone size-full wp-image-75895\" src=\"https:\/\/www.ludwig-van.com\/montreal\/wp-content\/uploads\/sites\/3\/2023\/05\/Hemiola-bon.png\" alt=\"\" width=\"835\" height=\"624\" \/><\/h3>\n<h3>Ensemble Hemiola<\/h3>\n<p>Concertos grosse et concertos avec orgue de Haendel avec l&rsquo;Ensemble Hemiola.<\/p>\n<h3>Le 11 mai, 19 h 30, Salle Bourgie<a href=\"https:\/\/www.mbam.qc.ca\/fr\/activites\/ensemble-hemiolia-1\/\" target=\"_blank\" rel=\"noopener\"> D\u00c9TAILS ET BILLETS<\/a><\/h3>\n<p>&nbsp;<\/p>\n<figure id=\"attachment_74882\" aria-describedby=\"caption-attachment-74882\" style=\"width: 720px\" class=\"wp-caption alignnone\"><img decoding=\"async\" loading=\"lazy\" class=\"size-full wp-image-74882\" src=\"https:\/\/www.ludwig-van.com\/montreal\/wp-content\/uploads\/sites\/3\/2023\/01\/Stephane-Tetreault.jpg\" alt=\"\" width=\"720\" height=\"516\" \/><figcaption id=\"caption-attachment-74882\" class=\"wp-caption-text\">St\u00e9phane T\u00e9treault<br \/>Cr\u00e9dit : Luc Robitaille<\/figcaption><\/figure>\n<p><strong>St\u00e9phane T\u00e9treault<\/strong>, artiste en r\u00e9sidence d&rsquo;<strong>I Musici<\/strong>, interpr\u00e8te le Concerto en si b\u00e9mol majeur de Boccherini. \u00c0 la suite de sa prestation en tant que soliste, il se joindra ensuite \u00e0 la section de violoncelle pour l\u2019interpr\u00e9tation d&rsquo;une transcription de Jean-Fran\u00e7ois Rivest du Quatuor op. 127 de Beethoven.<\/p>\n<h3>Le 11 mai, 19 h 30, salle Pierre-Mercure. <a href=\"https:\/\/imusici.com\/italie-stephane-tetreault-et-boccherini\/\" target=\"_blank\" rel=\"noopener\">D\u00c9TAILS ET BILLETS<\/a><\/h3>\n<p>&nbsp;<\/p>\n<figure id=\"attachment_75298\" aria-describedby=\"caption-attachment-75298\" style=\"width: 640px\" class=\"wp-caption aligncenter\"><img decoding=\"async\" loading=\"lazy\" class=\"size-full wp-image-75298\" src=\"https:\/\/www.ludwig-van.com\/montreal\/wp-content\/uploads\/sites\/3\/2023\/02\/Violaine-Melancon_Meagan-Milatz.png\" alt=\"\" width=\"640\" height=\"360\" \/><figcaption id=\"caption-attachment-75298\" class=\"wp-caption-text\">Violaine Melan\u00e7on<br \/>Meagan Milatz<\/figcaption><\/figure>\n<h3>Chapelle historique du Bon-Pasteur<\/h3>\n<p>Violaine Melan\u00e7on, violon<br \/>\nMeagan Milatz, piano<\/p>\n<p>Programme:<\/p>\n<p>Anton\u00edn Dvo\u0159\u00e1k: Sonate pour violon et piano, opus 57<br \/>\nAna Sokolovic: Chant pour violon et piano<br \/>\nFran\u00e7ois Morel: Deux \u00e9tudes de sonorit\u00e9 pour piano<br \/>\nJacques H\u00e9tu: Variations pour violon seul<br \/>\nRobert Schumann: Sonate pour violon et piano, opus 12<\/p>\n<h3>Le 11 mai, 19 h 30, Chapelle historique du Bon-Pasteur <a href=\"https:\/\/www.ludwig-van.com\/montreal\/event\/chapelle-historique-du-bon-pasteur-musique-dici-et-dailleurs\/\" target=\"_blank\" rel=\"noopener\">D\u00c9TAILS ET BILLETS<\/a><\/h3>\n<p>&nbsp;<\/p>\n<h2><em>Inscrivez-vous \u00e0 notre infolettre! La musique classique et l&rsquo;op\u00e9ra en 5 minutes, chaque jour<\/em> \u00a0<span style=\"color: #ff0000;\"><a style=\"color: #ff0000;\" href=\"https:\/\/ludwig-van.us9.list-manage.com\/subscribe?u=4f785cb3f9058f2393ccad035&amp;id=b9b160c032\" target=\"_blank\" rel=\"noopener noreferrer\">ICI\u00a0<\/a><\/span><\/h2>\n<p>&nbsp;<\/p>\n","protected":false},"excerpt":{"rendered":"<p>La saison r\u00e9guli\u00e8re tire peut-\u00eatre \u00e0 sa fin, mais il reste encore de nombreux \u00e9v\u00e9nements pour plaire aux m\u00e9lomanes alors que le hasard a voulu que plusieurs de nos artistes d&rsquo;ici soient les solistes invit\u00e9s de diff\u00e9rents ensembles. Voici nos Choix de la r\u00e9daction du 8 au 15 mai.<\/p>\n","protected":false},"author":1,"featured_media":75897,"comment_status":"open","ping_status":"open","sticky":false,"template":"","format":"standard","meta":{"om_disable_all_campaigns":false,"jetpack_post_was_ever_published":false},"categories":[42065,10956],"tags":[42066,1593,38749,4485,11137],"yst_prominent_words":[9878,9863,13120,13117,33504,26052,9877,13123,13119,33503,20141,18276,18273,21827,31964],"acf":[],"jetpack_featured_media_url":"https:\/\/www.ludwig-van.com\/montreal\/wp-content\/uploads\/sites\/3\/2023\/05\/Copie-de-CONCERTS-85.jpg","jetpack_sharing_enabled":true,"jetpack_shortlink":"https:\/\/wp.me\/p9bdYt-jK5","amp_enabled":true,"_links":{"self":[{"href":"https:\/\/www.ludwig-van.com\/montreal\/wp-json\/wp\/v2\/posts\/75893"}],"collection":[{"href":"https:\/\/www.ludwig-van.com\/montreal\/wp-json\/wp\/v2\/posts"}],"about":[{"href":"https:\/\/www.ludwig-van.com\/montreal\/wp-json\/wp\/v2\/types\/post"}],"author":[{"embeddable":true,"href":"https:\/\/www.ludwig-van.com\/montreal\/wp-json\/wp\/v2\/users\/1"}],"replies":[{"embeddable":true,"href":"https:\/\/www.ludwig-van.com\/montreal\/wp-json\/wp\/v2\/comments?post=75893"}],"version-history":[{"count":4,"href":"https:\/\/www.ludwig-van.com\/montreal\/wp-json\/wp\/v2\/posts\/75893\/revisions"}],"predecessor-version":[{"id":75899,"href":"https:\/\/www.ludwig-van.com\/montreal\/wp-json\/wp\/v2\/posts\/75893\/revisions\/75899"}],"wp:featuredmedia":[{"embeddable":true,"href":"https:\/\/www.ludwig-van.com\/montreal\/wp-json\/wp\/v2\/media\/75897"}],"wp:attachment":[{"href":"https:\/\/www.ludwig-van.com\/montreal\/wp-json\/wp\/v2\/media?parent=75893"}],"wp:term":[{"taxonomy":"category","embeddable":true,"href":"https:\/\/www.ludwig-van.com\/montreal\/wp-json\/wp\/v2\/categories?post=75893"},{"taxonomy":"post_tag","embeddable":true,"href":"https:\/\/www.ludwig-van.com\/montreal\/wp-json\/wp\/v2\/tags?post=75893"},{"taxonomy":"yst_prominent_words","embeddable":true,"href":"https:\/\/www.ludwig-van.com\/montreal\/wp-json\/wp\/v2\/yst_prominent_words?post=75893"}],"curies":[{"name":"wp","href":"https:\/\/api.w.org\/{rel}","templated":true}]}}