{"id":75863,"date":"2023-05-02T13:13:50","date_gmt":"2023-05-02T17:13:50","guid":{"rendered":"https:\/\/www.ludwig-van.com\/montreal\/?p=75863"},"modified":"2023-05-03T17:09:19","modified_gmt":"2023-05-03T21:09:19","slug":"choix-de-la-redaction-les-concerts-classiques-qui-vous-feront-vibrer-cette-semaine","status":"publish","type":"post","link":"https:\/\/www.ludwig-van.com\/montreal\/2023\/05\/02\/choix-de-la-redaction-les-concerts-classiques-qui-vous-feront-vibrer-cette-semaine\/","title":{"rendered":"CHOIX DE LA R\u00c9DACTION | Les concerts classiques qui vous feront vibrer cette semaine"},"content":{"rendered":"<p>&nbsp;<\/p>\n<p><img decoding=\"async\" loading=\"lazy\" class=\"size-full wp-image-75871\" src=\"https:\/\/www.ludwig-van.com\/montreal\/wp-content\/uploads\/sites\/3\/2023\/05\/Copie-de-CONCERTS-83.jpg\" alt=\"\" width=\"1200\" height=\"628\" \/><\/p>\n<p>&nbsp;<\/p>\n<h3><span style=\"color: #808080;\">Malgr\u00e9 le temps maussade, pourquoi ne pas sortir? Un concert classique saura embellir votre semaine. Voici nos Choix de la r\u00e9daction du 2 au 7 mai.\u00a0<\/span><\/h3>\n<p>&nbsp;<\/p>\n<figure id=\"attachment_64204\" aria-describedby=\"caption-attachment-64204\" style=\"width: 1024px\" class=\"wp-caption aligncenter\"><img decoding=\"async\" loading=\"lazy\" class=\"wp-image-64204 size-full\" src=\"https:\/\/www.ludwig-van.com\/montreal\/wp-content\/uploads\/sites\/3\/2020\/03\/BOURGIE_JPG_BERNARD_FOUGERE-web-1024x828-1.jpg\" alt=\"\" width=\"1024\" height=\"828\" srcset=\"https:\/\/www.ludwig-van.com\/montreal\/wp-content\/uploads\/sites\/3\/2020\/03\/BOURGIE_JPG_BERNARD_FOUGERE-web-1024x828-1.jpg 1024w, https:\/\/www.ludwig-van.com\/montreal\/wp-content\/uploads\/sites\/3\/2020\/03\/BOURGIE_JPG_BERNARD_FOUGERE-web-1024x828-1-300x243.jpg 300w, https:\/\/www.ludwig-van.com\/montreal\/wp-content\/uploads\/sites\/3\/2020\/03\/BOURGIE_JPG_BERNARD_FOUGERE-web-1024x828-1-768x621.jpg 768w\" sizes=\"(max-width: 1024px) 100vw, 1024px\" \/><figcaption id=\"caption-attachment-64204\" class=\"wp-caption-text\">La Salle Bourgie. (Photo: Bernard Foug\u00e8re)<\/figcaption><\/figure>\n<h2>Salle Bourgie<\/h2>\n<h3>Ensemble Amarillis<\/h3>\n<p>Avec sa volont\u00e9 de faire d\u00e9couvrir un r\u00e9pertoire souvent peu connu, l\u2019ensemble fran\u00e7ais se range aujourd\u2019hui parmi les formations baroques europ\u00e9ennes les plus originales. Au programme, des \u0153uvres du disque <em>Melodies in Mind<\/em>, dans lequel on d\u00e9couvre des airs dans leur plus intime expression.<\/p>\n<h3><strong>Le 3 mai, 19 h 30, Salle Bourgie <a href=\"https:\/\/www.mbam.qc.ca\/fr\/activites\/ensemble-amarillis-1\/\" target=\"_blank\" rel=\"noopener\">D\u00c9TAILS ET BILLETS<\/a><\/strong><\/h3>\n<p>&nbsp;<\/p>\n<h3>Alexandre Tharaud<\/h3>\n<p>Pour ce programme double \u00ab\u00a0carte blanche\u00a0\u00bb, le pianiste fran\u00e7ais pr\u00e9sente une lecture musicale de son livre Montrez-moi vos mains en plus d&rsquo;un r\u00e9cital suivi d&rsquo;une \u00ab\u00a0m\u00e9ditation musicale nocturne\u00a0\u00bb \u00e0 22h15!<\/p>\n<h3>Le 5 mai, 19 h, Salle Bourgie <a href=\"https:\/\/www.mbam.qc.ca\/fr\/activites\/carte-blanche-a-alexandre-tharaud-lecture-et-recital-1\/\" target=\"_blank\" rel=\"noopener\">D\u00c9TAILS ET BILLETS<\/a><\/h3>\n<p>&nbsp;<\/p>\n<figure id=\"attachment_75870\" aria-describedby=\"caption-attachment-75870\" style=\"width: 1200px\" class=\"wp-caption alignnone\"><img decoding=\"async\" loading=\"lazy\" class=\"size-full wp-image-75870\" src=\"https:\/\/www.ludwig-van.com\/montreal\/wp-content\/uploads\/sites\/3\/2023\/05\/OSJM-Musiciens-2022-2023_1200-pixels-.jpg\" alt=\"L'Orchestre symphonique des jeunes de Montr\u00e9al (OSJM)\" width=\"1200\" height=\"586\" \/><figcaption id=\"caption-attachment-75870\" class=\"wp-caption-text\">L&rsquo;Orchestre symphonique des jeunes de Montr\u00e9al (OSJM) (Photo: Fran\u00e7ois Vincent)<\/figcaption><\/figure>\n<h3>Mahler: R\u00e9surrection<\/h3>\n<p>L&rsquo;Orchestre symphonique des jeunes de Montr\u00e9al pr\u00e9sente la Symphonie no 2 de Mahler \u00ab\u00a0R\u00e9surrection\u00a0\u00bb sous la direction de Louis Lavigueur. \u00c0 ne pas manquer!<\/p>\n<h3>Le 6 mai, 20 h, Maison symphonique <a href=\"https:\/\/placedesarts.com\/fr\/evenement\/resurrection-symphonie-no-2-mahler\" target=\"_blank\" rel=\"noopener\">D\u00c9TAILS ET BILLETS<\/a><\/h3>\n<p>&nbsp;<\/p>\n<h3>Conf\u00e9rence: au salon des compositrices<\/h3>\n<p>Les compositrices des 19e et 20e si\u00e8cles ont principalement diffus\u00e9 leur musique \u00e0 l\u2019int\u00e9rieur des cercles priv\u00e9s des salons. Longtemps rel\u00e9gu\u00e9es au second plan, leurs \u0153uvres sont aujourd\u2019hui red\u00e9couvertes et prennent la place qui leur revient au programme des concerts. Les conf\u00e9renci\u00e8res et pianistes Jeanne Ami\u00e8le et Magda Boukanan se proposent de dresser un portrait de ces cr\u00e9atrices au piano.<\/p>\n<h3>Le 7 mai, 14 h 30, Salle Bourgie. <a href=\"https:\/\/www.mbam.qc.ca\/fr\/activites\/au-salon-des-compositrices-1\/\" target=\"_blank\" rel=\"noopener\">D\u00c9TAILS ET BILLETS<\/a><\/h3>\n<p>&nbsp;<\/p>\n<figure id=\"attachment_74986\" aria-describedby=\"caption-attachment-74986\" style=\"width: 950px\" class=\"wp-caption alignnone\"><img decoding=\"async\" loading=\"lazy\" class=\"size-full wp-image-74986\" src=\"https:\/\/www.ludwig-van.com\/montreal\/wp-content\/uploads\/sites\/3\/2023\/01\/Joane-Hetu.jpg\" alt=\"\" width=\"950\" height=\"475\" \/><figcaption id=\"caption-attachment-74986\" class=\"wp-caption-text\">Joane H\u00e9tu<\/figcaption><\/figure>\n<h2>Le Vivier<\/h2>\n<h3>Joane H\u00e9tu: elle a son mot \u00e0 dire<\/h3>\n<p>Joane H\u00e9tu offre ici un mini-cabaret au caract\u00e8re dada\u00efste qui s\u2019articule autour de nouvelles cr\u00e9ations ainsi que de chansons et textes r\u00e9orchestr\u00e9s connus et inconnus. Les musicien\u00b7ne\u00b7s s\u2019approprient les mots de Joane H\u00e9tu pour les faire r\u00e9sonner et les propulser dans un univers fantaisiste qui m\u00e9lange discours amoureux, prises de parole et d\u00e9lires phon\u00e9tiques. Quel sera donc ce mot \u00e0 dire?<\/p>\n<h3>Le 3 mai, 19 h 30, \u00c9difice Wilder <a href=\"https:\/\/levivier.ca\/fr\/concert\/saison-2022-23\/joane-hetu-elle-son-mot-dire\" target=\"_blank\" rel=\"noopener\">D\u00c9TAILS ET BILLETS<\/a><\/h3>\n<p>&nbsp;<\/p>\n<figure id=\"attachment_51472\" aria-describedby=\"caption-attachment-51472\" style=\"width: 1024px\" class=\"wp-caption aligncenter\"><img decoding=\"async\" loading=\"lazy\" class=\"wp-image-51472 size-full\" src=\"https:\/\/www.ludwig-van.com\/montreal\/wp-content\/uploads\/sites\/3\/2018\/02\/5.NEM_Lorraine_Vaillancourt_CREDIT_Bernard-Pre\u0301fontaine.jpg\" alt=\"Lorraine Vaillancourt\" width=\"1024\" height=\"683\" srcset=\"https:\/\/www.ludwig-van.com\/montreal\/wp-content\/uploads\/sites\/3\/2018\/02\/5.NEM_Lorraine_Vaillancourt_CREDIT_Bernard-Pre\u0301fontaine.jpg 1024w, https:\/\/www.ludwig-van.com\/montreal\/wp-content\/uploads\/sites\/3\/2018\/02\/5.NEM_Lorraine_Vaillancourt_CREDIT_Bernard-Pre\u0301fontaine-300x200.jpg 300w, https:\/\/www.ludwig-van.com\/montreal\/wp-content\/uploads\/sites\/3\/2018\/02\/5.NEM_Lorraine_Vaillancourt_CREDIT_Bernard-Pre\u0301fontaine-768x512.jpg 768w\" sizes=\"(max-width: 1024px) 100vw, 1024px\" \/><figcaption id=\"caption-attachment-51472\" class=\"wp-caption-text\">Lorraine Vaillancourt. (Photo: Bernard Pr\u00e9fontaine)<\/figcaption><\/figure>\n<h3>Concert du printemps: la libert\u00e9 et l&rsquo;Europe de l&rsquo;est<\/h3>\n<p>Point culminant de la saison d\u00e9di\u00e9e aux victimes de la guerre en Ukraine, ce concert, sous la direction de Lorraine Vaillancourt pr\u00e9sente les \u0153uvres de cinq compositeur\u00b7trice\u00b7s \u00e0 d\u00e9couvrir. L\u2019\u00e9v\u00e9nement signe \u00e9galement la derni\u00e8re rencontre de l\u2019ann\u00e9e avec Alla Zagaykevych, compositrice ukrainienne en r\u00e9sidence au Vivier, avec la cr\u00e9ation d\u2019une \u0153uvre \u00e9crite pour le Nouvel Ensemble Moderne (NEM).<\/p>\n<h3>Le 5 mai, 19 h 30, Salle Claude-Champagne <a href=\"https:\/\/levivier.ca\/fr\/concert\/saison-2022-23\/concert-du-printemps-la-liberte-et-leurope-de-lest\" target=\"_blank\" rel=\"noopener\">D\u00c9TAILS ET BILLETS<\/a><\/h3>\n<p>&nbsp;<\/p>\n<p><img decoding=\"async\" loading=\"lazy\" class=\"alignnone size-full wp-image-72858\" src=\"https:\/\/www.ludwig-van.com\/montreal\/wp-content\/uploads\/sites\/3\/2022\/09\/Boreades_de-la-pavane-au-swing.png\" alt=\"\" width=\"1200\" height=\"690\" \/><\/p>\n<h3>Les Bor\u00e9ades: de la pavane au swing<\/h3>\n<p>Comment les danses de couple ont-elles \u00e9volu\u00e9es depuis leur origine connue au Quattrocento jusqu\u2019aux bouillonnantes Ann\u00e9es folles ? Et peut-on y voir le reflet des changements des rapports entre homme et femme \u00e0 travers le temps ? Spectacle de musique et de danse qui retrace la transformation des danses de couple de la Renaissance \u00e0 l\u2019entre-deux-guerres, De La Pavane au Swing se pr\u00e9sente comme le miroir ludique de l\u2019attention que porte Marie-Nathalie Lacoursi\u00e8re, codirectrice des Jardins Chor\u00e9graphiques, au mouvement des corps.<\/p>\n<h3>Le 4 mai, 19 h 30, salle de concert du Conservatoire <a href=\"https:\/\/www.boreades.com\/saison-2022-2023\/pavane-au-swing\/\" target=\"_blank\" rel=\"noopener\">D\u00c9TAILS ET BILLETS<\/a><\/h3>\n<p>&nbsp;<\/p>\n<figure id=\"attachment_47161\" aria-describedby=\"caption-attachment-47161\" style=\"width: 1024px\" class=\"wp-caption aligncenter\"><img decoding=\"async\" loading=\"lazy\" class=\"wp-image-47161 size-full\" src=\"https:\/\/www.ludwig-van.com\/montreal\/wp-content\/uploads\/sites\/3\/2017\/09\/ChapelleHistoriqueduBP.jpg\" alt=\"La Chapelle historique du Bon-Pasteur, salle incontournable pour la musique de chambre \u00e0 Montr\u00e9al. (Photo: courtoisie de la Chapelle)\" width=\"1024\" height=\"768\" srcset=\"https:\/\/www.ludwig-van.com\/montreal\/wp-content\/uploads\/sites\/3\/2017\/09\/ChapelleHistoriqueduBP.jpg 1024w, https:\/\/www.ludwig-van.com\/montreal\/wp-content\/uploads\/sites\/3\/2017\/09\/ChapelleHistoriqueduBP-300x225.jpg 300w, https:\/\/www.ludwig-van.com\/montreal\/wp-content\/uploads\/sites\/3\/2017\/09\/ChapelleHistoriqueduBP-768x576.jpg 768w\" sizes=\"(max-width: 1024px) 100vw, 1024px\" \/><figcaption id=\"caption-attachment-47161\" class=\"wp-caption-text\">La Chapelle historique du Bon-Pasteur, salle incontournable pour la musique de chambre \u00e0 Montr\u00e9al. (Photo: courtoisie de la Chapelle)<\/figcaption><\/figure>\n<h2>Chapelle historique du Bon-Pasteur<\/h2>\n<h3>Quatuor Cobalt &#8211; <span style=\"color: #ff0000;\">complet<\/span><\/h3>\n<p>Dernier concert du <strong>Quatuor Cobalt<\/strong> dans le cadre de leur s\u00e9rie \u00e0 la Chapelle. Ils ont une invit\u00e9e: la pianiste Elisabeth Pion.<\/p>\n<p>Programme:<\/p>\n<p>H\u00e9ritages francophones<\/p>\n<p>C\u00e9sar Franck: Quintette en fa mineur<br \/>\nFrancis Battah: Cr\u00e9ation<\/p>\n<h3>Le 4 mai, 19h30, Chapelle historique du Bon-Pasteur <a href=\"https:\/\/lepointdevente.com\/billets\/dwv230504001\" target=\"_blank\" rel=\"noopener\">D\u00c9TAILS ET BILLETS<\/a><\/h3>\n<h3>Chlo\u00e9 Dumoulin, pianiste<\/h3>\n<p>La pianiste <strong>Chlo\u00e9 Dumoulin<\/strong> interpr\u00e8te des sonates de Scarlatti, de Mozart, et la Sonate en si mineur de Franz Liszt.<\/p>\n<h3>Le 7 mai, 15 h, Chapelle historique du Bon-Pasteur <a href=\"https:\/\/www.ludwig-van.com\/montreal\/event\/la-chapelle-historique-du-bon-pasteur-cloe-dumoulin\/\" target=\"_blank\" rel=\"noopener\">D\u00c9TAILS ET BILLETS<\/a><\/h3>\n<p>&nbsp;<\/p>\n<figure id=\"attachment_75850\" aria-describedby=\"caption-attachment-75850\" style=\"width: 1200px\" class=\"wp-caption alignnone\"><img decoding=\"async\" loading=\"lazy\" class=\"size-full wp-image-75850\" src=\"https:\/\/www.ludwig-van.com\/montreal\/wp-content\/uploads\/sites\/3\/2023\/04\/SongHa-CHOI-cr-Tam-Lan-Truong.jpg\" alt=\"SongHa Choi, finaliste au CMIM Violon 2023 (Photo: Tam Lan Truong)\" width=\"1200\" height=\"798\" \/><figcaption id=\"caption-attachment-75850\" class=\"wp-caption-text\">SongHa Choi, demi-finaliste au CMIM Violon 2023 (Photo: Tam Lan Truong)<\/figcaption><\/figure>\n<h3>Finale du Concours musical international de Montr\u00e9al<\/h3>\n<p>Les six finalistes du CMIM Violon 2023 interpr\u00e8tent un concerto avec l&rsquo;OSM sous la direction de Rafael Payare, se disputant 160 000$ en prix. Les laur\u00e9ats seront d\u00e9voil\u00e9s le 4 mai.<\/p>\n<h3>Les 3 et 4 mai, 19 h 30, Maison symphonique <a href=\"https:\/\/www.osm.ca\/fr\/concerts\/finale-du-concours-musical-international-de-montreal-violon-2023\/\" target=\"_blank\" rel=\"noopener\">D\u00c9TAILS ET BILLETS<\/a><\/h3>\n<p>&nbsp;<\/p>\n<figure id=\"attachment_74970\" aria-describedby=\"caption-attachment-74970\" style=\"width: 540px\" class=\"wp-caption aligncenter\"><img decoding=\"async\" loading=\"lazy\" class=\"size-full wp-image-74970\" src=\"https:\/\/www.ludwig-van.com\/montreal\/wp-content\/uploads\/sites\/3\/2022\/08\/Magali-Simard-Galdes_Luc-Beausejour_Florence-Bourget.jpg\" alt=\"\" width=\"540\" height=\"370\" \/><figcaption id=\"caption-attachment-74970\" class=\"wp-caption-text\">Magali Simard-Gald\u00e8s, Luc Beaus\u00e9jour, Florence Bourget (Photos: courtoisie)<\/figcaption><\/figure>\n<h3>Clavecin en concert: Il Pianto della Madonna<\/h3>\n<p>Moment crucial de l\u2019amour maternel, plus encore peut-\u00eatre que la Nativit\u00e9, c\u2019est la Passion et la douleur de la Vierge Marie face \u00e0 la mort de J\u00e9sus qui retiendront l\u2019inspiration des compositeurs du Baroque dans leurs hommages \u00e0 la Madone. Le\u00a0<em>Stabat Mater<\/em>, long po\u00e8me m\u00e9di\u00e9val d\u00e9crivant les souffrances de Marie au pied de la croix o\u00f9 son fils, supplici\u00e9, se meurt, a \u00e9t\u00e9 mis en musique en diverses versions tant intimistes qu\u2019amplement \u00e9labor\u00e9es, mais toujours avec la m\u00eame profondeur de sentiment.<\/p>\n<ul class=\"\">\n<li>Magali Simard-Gald\u00e8s, soprano<\/li>\n<li>Florence Bourget, mezzo-soprano<\/li>\n<li>Ensemble Clavecin en concert<br \/>\nLuc Beaus\u00e9jour, orgue et direction<\/li>\n<\/ul>\n<h3>Le 5 mai, 19 h 30, Chapelle Notre-Dame de Bon-Secours <a href=\"https:\/\/lepointdevente.com\/billets\/fhj230505001\" target=\"_blank\" rel=\"noopener\">D\u00c9TAILS ET BILLETS<\/a><\/h3>\n<p>&nbsp;<\/p>\n<p>&nbsp;<\/p>\n<figure id=\"attachment_75883\" aria-describedby=\"caption-attachment-75883\" style=\"width: 1200px\" class=\"wp-caption alignnone\"><img decoding=\"async\" loading=\"lazy\" class=\"size-full wp-image-75883\" src=\"https:\/\/www.ludwig-van.com\/montreal\/wp-content\/uploads\/sites\/3\/2023\/05\/Anthony-McGill-and-Pacifica-Quartet\u00a9Eric-Rudd-1200.jpg\" alt=\"Anthony McGill et le Pacifica Quartet. (Photo: Eric Rudd)\" width=\"1200\" height=\"900\" \/><figcaption id=\"caption-attachment-75883\" class=\"wp-caption-text\">Anthony McGill et le Pacifica Quartet. (Photo: Eric Rudd)<\/figcaption><\/figure>\n<h3>Le Pacifica Quartet et Anthony McGill au LMMC<\/h3>\n<p>Riche de ses vingt-huit ann\u00e9es d\u2019existence, le\u00a0<strong>Pacifica Quartet<\/strong> fait autorit\u00e9 sur la sc\u00e8ne de la musique de chambre. Il est actuellement form\u00e9 des membres de deuxi\u00e8me g\u00e9n\u00e9ration Simin Ganatra (violon), Austin Hartman (violon), Mark Holloway (alto) et Brandon Vamos (violoncelle). Ils seront en compagnie d&rsquo;un invit\u00e9 de marque: l&rsquo;excellent clarinettiste<strong> Anthony McGill.\u00a0<\/strong><\/p>\n<h3>Le 7 mai, 15 h 30, Salle Pollack <a href=\"https:\/\/www.ludwig-van.com\/montreal\/event\/pacifica-quartet-avec-anthony-mcgill-clarinette-et-cordes\/\" target=\"_blank\" rel=\"noopener\">D\u00c9TAILS ET BILLETS<\/a><\/h3>\n<p>&nbsp;<\/p>\n<h2><em>Inscrivez-vous \u00e0 notre infolettre! La musique classique et l&rsquo;op\u00e9ra en 5 minutes, chaque jour<\/em> \u00a0<span style=\"color: #ff0000;\"><a style=\"color: #ff0000;\" href=\"https:\/\/ludwig-van.us9.list-manage.com\/subscribe?u=4f785cb3f9058f2393ccad035&amp;id=b9b160c032\" target=\"_blank\" rel=\"noopener noreferrer\">ICI\u00a0<\/a><\/span><\/h2>\n","protected":false},"excerpt":{"rendered":"<p>Malgr\u00e9 le temps maussade, pourquoi ne pas sortir \u00e9couter un concert? Une belle fa\u00e7on d&#8217;embellir votre semaine! Voici nos Choix de la r\u00e9daction, du 2 au 7 mai 2023.<\/p>\n","protected":false},"author":1,"featured_media":75866,"comment_status":"open","ping_status":"open","sticky":false,"template":"","format":"standard","meta":{"om_disable_all_campaigns":false,"jetpack_post_was_ever_published":false},"categories":[42065,10956,10994],"tags":[42066,6179,11137],"yst_prominent_words":[9878,9863,13120,21835,21829,31965,9792,21883,26052,9877,13123,33503,20141,18276,18273,21827,26053,31964],"acf":[],"jetpack_featured_media_url":"https:\/\/www.ludwig-van.com\/montreal\/wp-content\/uploads\/sites\/3\/2023\/05\/Copie-de-CONCERTS-82.jpg","jetpack_sharing_enabled":true,"jetpack_shortlink":"https:\/\/wp.me\/p9bdYt-jJB","amp_enabled":true,"_links":{"self":[{"href":"https:\/\/www.ludwig-van.com\/montreal\/wp-json\/wp\/v2\/posts\/75863"}],"collection":[{"href":"https:\/\/www.ludwig-van.com\/montreal\/wp-json\/wp\/v2\/posts"}],"about":[{"href":"https:\/\/www.ludwig-van.com\/montreal\/wp-json\/wp\/v2\/types\/post"}],"author":[{"embeddable":true,"href":"https:\/\/www.ludwig-van.com\/montreal\/wp-json\/wp\/v2\/users\/1"}],"replies":[{"embeddable":true,"href":"https:\/\/www.ludwig-van.com\/montreal\/wp-json\/wp\/v2\/comments?post=75863"}],"version-history":[{"count":9,"href":"https:\/\/www.ludwig-van.com\/montreal\/wp-json\/wp\/v2\/posts\/75863\/revisions"}],"predecessor-version":[{"id":75884,"href":"https:\/\/www.ludwig-van.com\/montreal\/wp-json\/wp\/v2\/posts\/75863\/revisions\/75884"}],"wp:featuredmedia":[{"embeddable":true,"href":"https:\/\/www.ludwig-van.com\/montreal\/wp-json\/wp\/v2\/media\/75866"}],"wp:attachment":[{"href":"https:\/\/www.ludwig-van.com\/montreal\/wp-json\/wp\/v2\/media?parent=75863"}],"wp:term":[{"taxonomy":"category","embeddable":true,"href":"https:\/\/www.ludwig-van.com\/montreal\/wp-json\/wp\/v2\/categories?post=75863"},{"taxonomy":"post_tag","embeddable":true,"href":"https:\/\/www.ludwig-van.com\/montreal\/wp-json\/wp\/v2\/tags?post=75863"},{"taxonomy":"yst_prominent_words","embeddable":true,"href":"https:\/\/www.ludwig-van.com\/montreal\/wp-json\/wp\/v2\/yst_prominent_words?post=75863"}],"curies":[{"name":"wp","href":"https:\/\/api.w.org\/{rel}","templated":true}]}}