{"id":75858,"date":"2023-05-01T10:05:44","date_gmt":"2023-05-01T14:05:44","guid":{"rendered":"https:\/\/www.ludwig-van.com\/montreal\/?p=75858"},"modified":"2023-05-01T10:14:27","modified_gmt":"2023-05-01T14:14:27","slug":"nouvelle-et-les-six-finalistes-du-concours-musical-international-de-montreal-sont","status":"publish","type":"post","link":"https:\/\/www.ludwig-van.com\/montreal\/2023\/05\/01\/nouvelle-et-les-six-finalistes-du-concours-musical-international-de-montreal-sont\/","title":{"rendered":"NOUVELLE | Et les six finalistes du Concours musical international de Montr\u00e9al sont&#8230;"},"content":{"rendered":"<figure id=\"attachment_75860\" aria-describedby=\"caption-attachment-75860\" style=\"width: 1200px\" class=\"wp-caption alignnone\"><img decoding=\"async\" loading=\"lazy\" class=\"size-full wp-image-75860\" src=\"https:\/\/www.ludwig-van.com\/montreal\/wp-content\/uploads\/sites\/3\/2023\/05\/Copie-de-NOUVELLE-60.jpg\" alt=\"Les finalistes du Concours musical international de Montr\u00e9al, Violon 2023 (Photo: Tam Lan Truong)\" width=\"1200\" height=\"628\" \/><figcaption id=\"caption-attachment-75860\" class=\"wp-caption-text\">Les finalistes du Concours musical international de Montr\u00e9al, Violon 2023 (Photo: Tam Lan Truong)<\/figcaption><\/figure>\n<h3><span style=\"color: #808080;\">Le Concours musical international de Montr\u00e9al a annonc\u00e9 ce matin les noms des six violonistes qui prendront part \u00e0 la finale \u00e0 la Maison symphonique, cette semaine.<\/span><\/h3>\n<p>Cette finale aura lieu sur deux soirs, soit les 3 et 4 mai.<\/p>\n<p>Voici en ordre de passage les violonistes retenus pour la finale :<\/p>\n<p>Mercredi 3 mai 2023, 19 h 30<br \/>\n1. Dmytro UDOVYCHENKO (Ukraine)<br \/>\n2. Nathan MELTZER (\u00c9tats-Unis)<br \/>\n3. Michael SHAHAM (Isra\u00ebl)<\/p>\n<p>Jeudi 4 mai 2023, 19 h 30<br \/>\n4. SongHa CHOI (Cor\u00e9e du Sud)<br \/>\n5. SooBeen LEE (Cor\u00e9e du Sud)<br \/>\n6. Ruslan TALAS (Kazakhstan)<\/p>\n<p>Ces finalistes, qui se disputent plus de 160 000$ en prix, joueront en compagnie de l&rsquo;Orchestre symphonique de Montr\u00e9al, sous la direction de Rafael Payare.<\/p>\n<p>Pr\u00e9sid\u00e9 par Richard Rodzinski, le jury international est compos\u00e9 de: Koichiro Harada (Japon), Yura Lee (Cor\u00e9e\/\u00c9tats-Unis), Malcom Lowe (Canada), Mihaela Martin (Roumanie), Lucie Robert (Canada), Dmitry Sitkovetsky (Royaume-Uni\/\u00c9tats-Unis) et Krishna Thiagarajan (Allemagne\/\u00c9tats-Unis).<\/p>\n<p>&nbsp;<\/p>\n<h2><em>Inscrivez-vous \u00e0 notre infolettre! La musique classique et l&rsquo;op\u00e9ra en 5 minutes, chaque jour<\/em> \u00a0<span style=\"color: #ff0000;\"><a style=\"color: #ff0000;\" href=\"https:\/\/ludwig-van.us9.list-manage.com\/subscribe?u=4f785cb3f9058f2393ccad035&amp;id=b9b160c032\" target=\"_blank\" rel=\"noopener noreferrer\">ICI\u00a0<\/a><\/span><\/h2>\n","protected":false},"excerpt":{"rendered":"<p>Le Concours musical international de Montr\u00e9al a annonc\u00e9 ce matin les noms des six violonistes qui prendront part \u00e0 la finale \u00e0 la Maison symphonique, cette semaine.<\/p>\n","protected":false},"author":1,"featured_media":75860,"comment_status":"open","ping_status":"open","sticky":false,"template":"","format":"standard","meta":{"om_disable_all_campaigns":false,"jetpack_post_was_ever_published":false},"categories":[42065,10956,10992],"tags":[42066,4839,4485,41123],"yst_prominent_words":[9878,9863,38977,21491,10703,10698,10696,12028,9877,10705,10701,10702,10697],"acf":[],"jetpack_featured_media_url":"https:\/\/www.ludwig-van.com\/montreal\/wp-content\/uploads\/sites\/3\/2023\/05\/Copie-de-NOUVELLE-60.jpg","jetpack_sharing_enabled":true,"jetpack_shortlink":"https:\/\/wp.me\/p9bdYt-jJw","amp_enabled":true,"_links":{"self":[{"href":"https:\/\/www.ludwig-van.com\/montreal\/wp-json\/wp\/v2\/posts\/75858"}],"collection":[{"href":"https:\/\/www.ludwig-van.com\/montreal\/wp-json\/wp\/v2\/posts"}],"about":[{"href":"https:\/\/www.ludwig-van.com\/montreal\/wp-json\/wp\/v2\/types\/post"}],"author":[{"embeddable":true,"href":"https:\/\/www.ludwig-van.com\/montreal\/wp-json\/wp\/v2\/users\/1"}],"replies":[{"embeddable":true,"href":"https:\/\/www.ludwig-van.com\/montreal\/wp-json\/wp\/v2\/comments?post=75858"}],"version-history":[{"count":2,"href":"https:\/\/www.ludwig-van.com\/montreal\/wp-json\/wp\/v2\/posts\/75858\/revisions"}],"predecessor-version":[{"id":75861,"href":"https:\/\/www.ludwig-van.com\/montreal\/wp-json\/wp\/v2\/posts\/75858\/revisions\/75861"}],"wp:featuredmedia":[{"embeddable":true,"href":"https:\/\/www.ludwig-van.com\/montreal\/wp-json\/wp\/v2\/media\/75860"}],"wp:attachment":[{"href":"https:\/\/www.ludwig-van.com\/montreal\/wp-json\/wp\/v2\/media?parent=75858"}],"wp:term":[{"taxonomy":"category","embeddable":true,"href":"https:\/\/www.ludwig-van.com\/montreal\/wp-json\/wp\/v2\/categories?post=75858"},{"taxonomy":"post_tag","embeddable":true,"href":"https:\/\/www.ludwig-van.com\/montreal\/wp-json\/wp\/v2\/tags?post=75858"},{"taxonomy":"yst_prominent_words","embeddable":true,"href":"https:\/\/www.ludwig-van.com\/montreal\/wp-json\/wp\/v2\/yst_prominent_words?post=75858"}],"curies":[{"name":"wp","href":"https:\/\/api.w.org\/{rel}","templated":true}]}}