{"id":75834,"date":"2023-04-26T07:23:38","date_gmt":"2023-04-26T11:23:38","guid":{"rendered":"https:\/\/www.ludwig-van.com\/montreal\/?p=75834"},"modified":"2023-04-26T13:15:06","modified_gmt":"2023-04-26T17:15:06","slug":"nouvelle-osm-devoile-programmation-2023-2024-emballante","status":"publish","type":"post","link":"https:\/\/www.ludwig-van.com\/montreal\/2023\/04\/26\/nouvelle-osm-devoile-programmation-2023-2024-emballante\/","title":{"rendered":"NOUVELLE | L&rsquo;OSM  d\u00e9voile une programmation 2023-2024 emballante"},"content":{"rendered":"<figure id=\"attachment_75836\" aria-describedby=\"caption-attachment-75836\" style=\"width: 1200px\" class=\"wp-caption alignnone\"><img decoding=\"async\" loading=\"lazy\" class=\"wp-image-75836 size-full\" src=\"https:\/\/www.ludwig-van.com\/montreal\/wp-content\/uploads\/sites\/3\/2023\/04\/Copie-de-CONCERTS-81.jpg\" alt=\"Rafael Payare (Photo: TUX Creative), Barbara Hannigan (Photo: site web de l'artiste) et le Grand Orgue Pierre-B\u00e9ique (Photo: TUX Creative)\" width=\"1200\" height=\"628\" \/><figcaption id=\"caption-attachment-75836\" class=\"wp-caption-text\">Rafael Payare (Photo: TUX Creative), Barbara Hannigan (Photo: site web de l&rsquo;artiste) et le Grand Orgue Pierre-B\u00e9ique (Photo: TUX Creative)<\/figcaption><\/figure>\n<h3><span style=\"color: #808080;\">L&rsquo;Orchestre symphonique de Montr\u00e9al d\u00e9voile ce matin la programmation de sa saison 2023-2024, qui comptera une centaine de concerts, dont trente sous la direction de Rafael Payare, plus pr\u00e9sent que jamais \u00e0 Montr\u00e9al. Cette 90e saison sera lanc\u00e9e le 12 septembre avec <em>Le Sacre du printemps<\/em> de Stravinsky et la <em>Messe glagolitique<\/em> de Jan\u00e1\u010dek, un programme inaugural pour le moins \u00e9pique.\u00a0<\/span><\/h3>\n<p>L&rsquo;OSM organisait une table ronde avec les m\u00e9dias, mardi soir, pour pr\u00e9senter la saison. Les journalistes ont pu \u00e9changer avec <strong>Rafael Payare, Jean-Willy Kunz, Marianne Perron <\/strong>et<strong> Andrew Wan.\u00a0<\/strong><\/p>\n<p>Parmi les grandes \u0153uvres qui seront dirig\u00e9es par <strong>Rafael Payare<\/strong>, mentionnons les Symphonies no 1 \u00ab\u00a0Titan\u00a0\u00bb et no 7 de Gustav Mahler, la <em>Turangal\u00eela-Symphonie<\/em> d&rsquo;Olivier Messiaen, la Symphonie no 4 de Bruckner, la Symphonie no 8 de Chostakovitch, <em>La Nuit transfigur\u00e9e<\/em> de Schoenberg, et la Symphonie no 3 \u00ab\u00a0avec orgue\u00a0\u00bb de Camille Saint-Sa\u00ebns. Une liste de chefs-d &lsquo;\u0153uvres grandioses exploitant \u00e0 fond les possibilit\u00e9s de l&rsquo;orchestre et que l&rsquo;on a certainement envie de r\u00e9entendre.<\/p>\n<p>\u00ab\u00a0Mon r\u00e9pertoire de base est vraiment le r\u00e9pertoire germanique, mais aussi fran\u00e7ais, et bien s\u00fbr, comme je viens du Venezuela, le r\u00e9pertoire d&rsquo;Am\u00e9rique du Sud, dit <strong>Rafael Payare<\/strong>. Mais c&rsquo;est important de souligner que les gens qui jouent, ce sont les musiciens, pas moi. C&rsquo;est un orchestre fantastique, de tr\u00e8s haut niveau, et pour moi, c&rsquo;est comme un r\u00eave.\u00a0\u00bb Il ajoute d&rsquo;ailleurs qu&rsquo;il se sent \u00ab\u00a0chez lui\u00a0\u00bb \u00e0 Montr\u00e9al.<\/p>\n<p>&nbsp;<\/p>\n<figure id=\"attachment_73851\" aria-describedby=\"caption-attachment-73851\" style=\"width: 1200px\" class=\"wp-caption alignnone\"><img decoding=\"async\" loading=\"lazy\" class=\"size-full wp-image-73851\" src=\"https:\/\/www.ludwig-van.com\/montreal\/wp-content\/uploads\/sites\/3\/2022\/11\/Barbara-Hannigan.jpg\" alt=\"\" width=\"1200\" height=\"381\" \/><figcaption id=\"caption-attachment-73851\" class=\"wp-caption-text\">Barbara Hannigan sera l&rsquo;artiste en r\u00e9sidence de l&rsquo;OSM pour la saison 2023-2024 (Photo: courtoisie)<\/figcaption><\/figure>\n<h3>Barbara Hannigan artiste en r\u00e9sidence<\/h3>\n<p><strong>Barbara Hannigan<\/strong>, qui <a href=\"https:\/\/www.ludwig-van.com\/montreal\/2022\/12\/09\/critique-hannigan-et-la-fantastique-encore-une-soiree-triomphale-a-losm\/\" target=\"_blank\" rel=\"noopener\">nous a \u00e9poustoufl\u00e9s lors de sa visite<\/a> \u00e0 l&rsquo;OSM cette saison, sera de retour, cette fois \u00e0 titre d&rsquo;artiste en r\u00e9sidence. On pourra enfin la voir et l&rsquo;entendre dans son double-r\u00f4le de cheffe qui dirige en chantant, dans sa propre production sc\u00e9nique de <em>La voix humaine<\/em>, de Poulenc, avec projections vid\u00e9o, les 21 et 22 f\u00e9vrier. Elle sera \u00e9galement soliste sous la direction de <strong>Payare<\/strong> dans la pi\u00e8ce I<em>n the Half-Light<\/em> de la compositrice canadienne <strong>Zosha di Castri.<\/strong> Au m\u00eame concert: la Symphonie no 4 de Bruckner (28 et 29 f\u00e9vrier).<\/p>\n<h3>Kent Nagano<\/h3>\n<p>Kent Nagano, maintenant chef \u00e9m\u00e9rite de l&rsquo;OSM, dirigera cette saison la Symphonie no 3 \u00ab\u00a0H\u00e9ro\u00efque\u00a0\u00bb de Beethoven et <em>Les Noces<\/em> de Stravinsky, en avril 2024, et sera pr\u00e9sent pour un nouveau conte de No\u00ebl avec <strong>Fred Pellerin<\/strong> intitul\u00e9<em> Le secret de Polichignon.\u00a0<\/em><\/p>\n<h3>Chef et cheffes invit\u00e9s<\/h3>\n<p>Parmi les chefs invit\u00e9s de la saison, mentionnons <strong>Christoph Eschenbach, Gemma New<\/strong>, <strong>Eun Sun Kim, Masaaki Suzuki <\/strong>(dans la <em>Passion selon saint Jean<\/em>), <strong>Jean-Marie Zeitouni<\/strong>, <strong>Cosette Justo Valdes,<\/strong> <strong>Herv\u00e9 Niquet, Juanjo Mena, Fabien Gabel, Roderick Cox.<\/strong><\/p>\n<h3>D&rsquo;autres \u0153uvres \u00e0 souligner<\/h3>\n<p>\u00c9galement au programme de la saison: <em>Les Plan\u00e8tes<\/em>, de Holst, <em>L&rsquo;Offrande musicale<\/em> de J.S. Bach, le Concerto pour violon de Beethoven (soliste: <strong>Andrew Wan<\/strong>), la Symphonie no 7 de Beethoven, le Concerto pour harpe de Ginastera (soliste: <strong>Jennifer Schwartz<\/strong>),<\/p>\n<p>&nbsp;<\/p>\n<figure id=\"attachment_75835\" aria-describedby=\"caption-attachment-75835\" style=\"width: 1200px\" class=\"wp-caption alignnone\"><img decoding=\"async\" loading=\"lazy\" class=\"size-full wp-image-75835\" src=\"https:\/\/www.ludwig-van.com\/montreal\/wp-content\/uploads\/sites\/3\/2023\/04\/Orgue_OSM_TUX-Creative-1200.jpg\" alt=\"On f\u00eate les dix ans du Grand Orgue Pierre-B\u00e9ique en 2024 (Photo: Tux Creative\" width=\"1200\" height=\"800\" \/><figcaption id=\"caption-attachment-75835\" class=\"wp-caption-text\">On f\u00eate les dix ans du Grand Orgue Pierre-B\u00e9ique en 2024 (Photo: TUX Creative)<\/figcaption><\/figure>\n<h3>Le Grand Orgue Pierre-B\u00e9ique: 10 ans d\u00e9j\u00e0<\/h3>\n<p>Le temps passe vite. Le <strong>Grand Orgue Pierre-B\u00e9ique<\/strong>, <a href=\"https:\/\/www.lapresse.ca\/arts\/musique\/musique-classique\/201405\/28\/01-4770725-casavant-freres-les-artistes-de-lorgue.php\" target=\"_blank\" rel=\"noopener\">fait \u00e0 Saint-Hyacinthe<\/a> par <strong>Casavant Fr\u00e8res<\/strong>, a \u00e9t\u00e9 inaugur\u00e9 \u00e0 la Maison symphonique le 28 mai 2014. Le dixi\u00e8me anniversaire de l&rsquo;instrument, qui compte 6489 tuyaux, 109 registres et 83 jeux, sera soulign\u00e9 par un festival appel\u00e9 <em>Les dix printemps du Grand orgue Pierre-B\u00e9ique<\/em>, en mars, \u00e0 travers quatre concerts.<\/p>\n<p>Le concert de cl\u00f4ture de cette 90 saison fera appel \u00e0 l&rsquo;orgue, avec la cr\u00e9ation d&rsquo;une \u0153uvre pour orgue et orchestre de Denis Gougeon command\u00e9e par l&rsquo;OSM, la Symphonie concertante pour orgue et orchestre de Jongen, la <em>Toccata festiva<\/em> pour orgue et orchestre de Barber, ainsi que la Symphonie no 3 \u00ab\u00a0avec orgue\u00a0\u00bb de Saint-Sa\u00ebns. Quatre organistes prendront part \u00e0 ce concert: <strong>Jean-Willy Kunz, Oliver Latry, Shin-Young Lee <\/strong>et <strong>Isabelle Demers<\/strong>. <strong>Les 28, 29 et 30 mai.\u00a0<\/strong><\/p>\n<p>\u00ab\u00a0En tout, on accueillera huit organistes invit\u00e9s cette saison, en plus de notre organiste \u00e9m\u00e9rite, <strong>Olivier Latry<\/strong>, et de moi-m\u00eame. On aura plus d&rsquo;une vingtaine d&rsquo;occasions d&rsquo;entendre l&rsquo;orgue cette saison, que ce soit en solo ou avec l&rsquo;orchestre\u00a0\u00bb, dit <strong>Jean-Willy Kunz<\/strong>, organiste en r\u00e9sidence de l&rsquo;OSM.<\/p>\n<p>&nbsp;<\/p>\n<figure id=\"attachment_75839\" aria-describedby=\"caption-attachment-75839\" style=\"width: 695px\" class=\"wp-caption alignnone\"><img decoding=\"async\" loading=\"lazy\" class=\"size-full wp-image-75839\" src=\"https:\/\/www.ludwig-van.com\/montreal\/wp-content\/uploads\/sites\/3\/2023\/04\/yunchan-lim.jpg\" alt=\"Yunchan Lim est le plus jeune gagnant du Concours international de piano Van Cliburn de l'histoire. Il avait 18 ans lorsqu'il a remport\u00e9 la m\u00e9daille d'or, en 2022. (Photo: page Facebook de l'aritiste)\" width=\"695\" height=\"695\" \/><figcaption id=\"caption-attachment-75839\" class=\"wp-caption-text\">Yunchan Lim est le plus jeune gagnant du Concours international de piano Van Cliburn de l&rsquo;histoire. Il avait 18 ans lorsqu&rsquo;il a remport\u00e9 la m\u00e9daille d&rsquo;or, en 2022. (Photo: page Facebook de l&rsquo;aritiste)<\/figcaption><\/figure>\n<h3>Orchestre invit\u00e9s<\/h3>\n<p>Des orchestres prestigieux sont \u00e9galement attendus \u00e0 Montr\u00e9al cette saison : l\u2019<strong>Orchestre de Paris<\/strong> et le jeune pianiste <strong>Yunchan Lim,<\/strong> m\u00e9daill\u00e9 d&rsquo;or du Concours international de piano Van Cliburn 2022, dans le Concerto no 2 de Prokofiev, sous la direction de <strong>Klaus M\u00e4kel\u00e4, <\/strong>ainsi que\u00a0l\u2019<strong>Orchestre symphonique de Toronto<\/strong> (TSO) en compagnie du chef <strong>Gustavo Gimeno<\/strong>.<\/p>\n<p>Par ailleurs, l&rsquo;<strong>Orchestre symphonique des jeunes de Montr\u00e9a<\/strong>l sera \u00e9galement de la saison pour un concert sous la direction de son directeur artistique, <strong>Louis Lavigueur<\/strong>, o\u00f9 l&rsquo;on entendra notamment la Symphonie pour orgue no 2 de Louis Vierne,<strong> le 23 mars 2024. <\/strong>\u00c0 l&rsquo;orgue:<strong> Maria Gajraj.<\/strong><\/p>\n<h3>D&rsquo;autres solistes invit\u00e9s<\/h3>\n<p>Parmi les autres moments forts de cette 90e saison, on retrouve une multitude d&rsquo;artistes de renom, dont <strong>Maria Jo\u00e3o Pires<\/strong> (piano),<strong> Katia et Marielle Lab\u00e8que<\/strong> (piano), <strong>Jean-Yves Thibaudet<\/strong> (piano), <strong>Louis Lortie<\/strong> (piano), <strong>Alisa Weilerstein (<\/strong>violoncelle), <strong>Augustin Hadelich<\/strong> (violon), <strong>Simone Lamsma<\/strong> (violon), <strong>Camilla Tilling<\/strong> (soprano), <strong>Julie Boulianne<\/strong> (mezzo-soprano), <strong>Lucienne Renaudin Vary<\/strong> (trompette) ainsi qu&rsquo;<strong>Andrew Wan<\/strong> (violon), <strong>Jennifer Swartz<\/strong> (harpe) tous deux musiciens \u00e0 l&rsquo;OSM, \u00e0 titre de solistes.<\/p>\n<h3>Concerts pop, famille et autres \u00e9v\u00e9nements sp\u00e9ciaux<\/h3>\n<p>La s\u00e9rie pop de l&rsquo;OSM se poursuit cette ann\u00e9e avec les concerts <em><strong>Dire combien je t&rsquo;aime<\/strong><\/em> (L<strong>uce Dufault, Marie Carmen, Marie-Denise Pelletier <\/strong>et <strong>Joe Bocan<\/strong>), un concert pour souligner les 55 ans de carri\u00e8re de <strong>Patrick Norman<\/strong>, et une prestation avec le groupe de rap fran\u00e7ais IAM sous la direction de <strong>Dina Gilbert.\u00a0<\/strong><\/p>\n<p>Les cin\u00e9-concerts pr\u00e9senteront <em>Le dictateur<\/em>, de Charlie Chaplin, et <em>The Immigrant<\/em>, \u00e9galement de Chaplin, avec des courts-m\u00e9trages, et orgue (Thomas Ospital).<\/p>\n<p>La s\u00e9rie <em>Jeux d&rsquo;enfants<\/em> est aussi de retour avec les concert <em>Sorciers, sorci\u00e8res<\/em>, le 29 octobre, <em>Sportissimo<\/em>, le 4 f\u00e9vrier, tandis que le Bal des enfants, \u00e9v\u00e9nement-b\u00e9n\u00e9fice annuel, aura lieu le 16 mars avec un spectacle intitul\u00e9 <em>Les aventures de T\u00edo Tigre et T\u00edo Conejo<\/em>, dirig\u00e9 par <strong>Rafael Payare.<\/strong><\/p>\n<h3>Plus de d\u00e9tails sur la <strong>programmation 2023-2024 de l&rsquo;OSM sur <\/strong><a href=\"https:\/\/www.osm.ca\/fr\/saison-23-24\/\" target=\"_blank\" rel=\"noopener\">le site web de l&rsquo;orchestre.<\/a><\/h3>\n<p>&nbsp;<\/p>\n<h2><em>Inscrivez-vous \u00e0 notre infolettre! La musique classique et l&rsquo;op\u00e9ra en 5 minutes, chaque jour<\/em> \u00a0<span style=\"color: #ff0000;\"><a style=\"color: #ff0000;\" href=\"https:\/\/ludwig-van.us9.list-manage.com\/subscribe?u=4f785cb3f9058f2393ccad035&amp;id=b9b160c032\" target=\"_blank\" rel=\"noopener noreferrer\">ICI\u00a0<\/a><\/span><\/h2>\n","protected":false},"excerpt":{"rendered":"<p>L&rsquo;Orchestre symphonique de Montr\u00e9al d\u00e9voile ce matin la programmation de sa saison 2023-2024, qui comptera une centaine de concerts, dont trente sous la direction de Rafael Payare, plus pr\u00e9sent que jamais \u00e0 Montr\u00e9al. Cette 90e saison sera lanc\u00e9e le 12 septembre avec Le Sacre du printemps de Stravinsky et la Messe glagolitique de Jan\u00e1\u010dek, un programme inaugural pour le moins \u00e9pique.\u00a0<\/p>\n","protected":false},"author":51,"featured_media":75836,"comment_status":"open","ping_status":"open","sticky":false,"template":"","format":"standard","meta":{"om_disable_all_campaigns":false,"jetpack_post_was_ever_published":false},"categories":[42065,10956,10992],"tags":[42066,4485],"yst_prominent_words":[8449,10489,30048,36764,13961,34538,20367,10546,11819,13946,13985,19559,36763],"acf":[],"jetpack_featured_media_url":"https:\/\/www.ludwig-van.com\/montreal\/wp-content\/uploads\/sites\/3\/2023\/04\/Copie-de-CONCERTS-81.jpg","jetpack_sharing_enabled":true,"jetpack_shortlink":"https:\/\/wp.me\/p9bdYt-jJ8","amp_enabled":true,"_links":{"self":[{"href":"https:\/\/www.ludwig-van.com\/montreal\/wp-json\/wp\/v2\/posts\/75834"}],"collection":[{"href":"https:\/\/www.ludwig-van.com\/montreal\/wp-json\/wp\/v2\/posts"}],"about":[{"href":"https:\/\/www.ludwig-van.com\/montreal\/wp-json\/wp\/v2\/types\/post"}],"author":[{"embeddable":true,"href":"https:\/\/www.ludwig-van.com\/montreal\/wp-json\/wp\/v2\/users\/51"}],"replies":[{"embeddable":true,"href":"https:\/\/www.ludwig-van.com\/montreal\/wp-json\/wp\/v2\/comments?post=75834"}],"version-history":[{"count":9,"href":"https:\/\/www.ludwig-van.com\/montreal\/wp-json\/wp\/v2\/posts\/75834\/revisions"}],"predecessor-version":[{"id":75846,"href":"https:\/\/www.ludwig-van.com\/montreal\/wp-json\/wp\/v2\/posts\/75834\/revisions\/75846"}],"wp:featuredmedia":[{"embeddable":true,"href":"https:\/\/www.ludwig-van.com\/montreal\/wp-json\/wp\/v2\/media\/75836"}],"wp:attachment":[{"href":"https:\/\/www.ludwig-van.com\/montreal\/wp-json\/wp\/v2\/media?parent=75834"}],"wp:term":[{"taxonomy":"category","embeddable":true,"href":"https:\/\/www.ludwig-van.com\/montreal\/wp-json\/wp\/v2\/categories?post=75834"},{"taxonomy":"post_tag","embeddable":true,"href":"https:\/\/www.ludwig-van.com\/montreal\/wp-json\/wp\/v2\/tags?post=75834"},{"taxonomy":"yst_prominent_words","embeddable":true,"href":"https:\/\/www.ludwig-van.com\/montreal\/wp-json\/wp\/v2\/yst_prominent_words?post=75834"}],"curies":[{"name":"wp","href":"https:\/\/api.w.org\/{rel}","templated":true}]}}