{"id":75819,"date":"2023-04-25T10:23:59","date_gmt":"2023-04-25T14:23:59","guid":{"rendered":"https:\/\/www.ludwig-van.com\/montreal\/?p=75819"},"modified":"2023-04-25T10:23:59","modified_gmt":"2023-04-25T14:23:59","slug":"nouvelle-sir-john-eliot-gardiner-viendra-a-montreal-en-2023","status":"publish","type":"post","link":"https:\/\/www.ludwig-van.com\/montreal\/2023\/04\/25\/nouvelle-sir-john-eliot-gardiner-viendra-a-montreal-en-2023\/","title":{"rendered":"NOUVELLE | Sir John Eliot Gardiner viendra \u00e0 Montr\u00e9al en 2023"},"content":{"rendered":"<figure id=\"attachment_75821\" aria-describedby=\"caption-attachment-75821\" style=\"width: 1200px\" class=\"wp-caption alignnone\"><img decoding=\"async\" loading=\"lazy\" class=\"size-full wp-image-75821\" src=\"https:\/\/www.ludwig-van.com\/montreal\/wp-content\/uploads\/sites\/3\/2023\/04\/Copie-de-NOUVELLE-58.jpg\" alt=\"Sir John Eliot Gardiner dirigera la Messe en si mineur de Bach le 27 octobre \u00e0 la Maison symphonique (Photo: courtoisie du Festival Bach)\" width=\"1200\" height=\"628\" \/><figcaption id=\"caption-attachment-75821\" class=\"wp-caption-text\">Sir John Eliot Gardiner dirigera la Messe en si mineur de Bach le 27 octobre \u00e0 la Maison symphonique (Photo: courtoisie du Festival Bach)<\/figcaption><\/figure>\n<h3><span style=\"color: #808080;\">Le Festival Bach de Montr\u00e9al vient d&rsquo;annoncer que Sir John Eliot Gardiner sera \u00e0 la Maison symphonique le 27 octobre prochain avec le Monteverdi Choir et The English Baroque Soloists, pour interpr\u00e9ter la Messe en si mineur de Jean-S\u00e9bastien Bach. <\/span><\/h3>\n<p>L&rsquo;ensemble de la programmation du <strong>Festival Bach<\/strong> a \u00e9galement \u00e9t\u00e9 d\u00e9voil\u00e9, avec 19 concerts. Le Festival aura lieu du 10 novembre au 2 d\u00e9cembre, avec quelques exceptions avant et apr\u00e8s ces dates, soit le \u00ab\u00a0Pr\u00e9lude\u00a0\u00bb avec <strong>Sir John Eliot Gardiner,<\/strong> et l&rsquo;OFF-Festival, qui offrira des \u00e9v\u00e9nements gratuits du 29 novembre au 4 d\u00e9cembre.<\/p>\n<h3>Sir John Eliot Gardiner, le Monterverdi Choir et The English Baroque Soloists, 27 octobre, 19 h 30, Maison symphonique. <a href=\"https:\/\/festivalbach.tuxedobillet.com\/main\/monteverdi-choir-et-the-english-baroque-soloists\/20231027193000\" target=\"_blank\" rel=\"noopener\">D\u00c9TAILS ET BILLETS<\/a><\/h3>\n<h2>Concert d&rsquo;ouverture<\/h2>\n<p>Le concert inaugural officiel de cette 17e \u00e9dition du <strong>Festival Bach<\/strong> aura lieu le 17 novembre alors que le chef allemand <strong>Reinhard Goebel<\/strong> dirigera l&rsquo;<strong>Orchestre et le Ch\u0153ur du Festival Bach<\/strong>.<a href=\"https:\/\/festivalbachmontreal.com\/concerts\/reinhard-goebel-ofbm\/\" target=\"_blank\" rel=\"noopener\">\u00a0D\u00c9TAILS<\/a><\/p>\n<p><b>L\u2019Orchestre et le Ch\u0153ur du Festival Bach Montr\u00e9al<\/b><\/p>\n<p><b><span lang=\"EN-US\">Reinhard Goebel,\u00a0<\/span><\/b><span lang=\"EN-US\">dir.<\/span><span lang=\"EN-US\">\u00a0<b>Schaghajegh Nosrati, piano<\/b><\/span><\/p>\n<p><b>17\u00a0novembre &#8211; Montr\u00e9al<\/b>\u00a0&#8211;\u00a0Maison symphonique \u00e0\u00a019 h 30<\/p>\n<p><b>18\u00a0novembre &#8211; Qu\u00e9bec<\/b>\u00a0&#8211; Palais Montcalm\u00a0\u00e0\u00a019\u00a0h<\/p>\n<p><b>19 novembre<\/b>\u00a0&#8211;\u00a0<b>Ottawa<\/b>\u00a0&#8211; Carleton Dominion-Chalmers Centre \u00e0 15 h<\/p>\n<h2>Programmation du Festival Bach 2023<\/h2>\n<p>Pour voir la programmation d\u00e9taill\u00e9e, <a href=\"https:\/\/festivalbachmontreal.com\/programmation\/\" target=\"_blank\" rel=\"noopener\">cliquez ici.\u00a0<\/a><\/p>\n<h3><b>Les Grands concerts<\/b><\/h3>\n<p>10\u00a0novembre &#8211;\u00a0<b>Alisa Weilerstein,\u00a0violoncelle<\/b>\u00a0&#8211;\u00a0Suites pour violoncelle de\u00a0J.S. Bach<\/p>\n<p>20 novembre &#8211;\u00a0<b>Hayoung Choi, violoncelle\u00a0<\/b>&#8211; Bach et Penderecki<\/p>\n<p>21 novembre &#8211;\u00a0<b>Eva Gevorgyan, piano \u2013\u00a0<\/b>J.S.\u00a0Bach, Mozart et Liszt<\/p>\n<p>22 novembre &#8211;\u00a0<b>Signum Saxophone Quartet &#8211;\u00a0<\/b>J.S.\u00a0Bach, Giazotto, Maslanka.<\/p>\n<p><span lang=\"EN-US\">24 novembre &#8211;\u00a0<b>Capella Cracoviensis<\/b>, J.S. Bach, Monteverdi, Gabrieli, Ziele\u0144ski<\/span><\/p>\n<p>25 novembre &#8211;\u00a0<b>Ensemble Diderot<\/b>, Purcell, Torelli, Dornel, Marini, Fontana<\/p>\n<p>28 novembre\u00a0&#8211;\u00a0<b>Sonia Prina, contralto<\/b>\u00a0et\u00a0<b>Accademia de\u2019 dissonanti<\/b><\/p>\n<p>29 novembre &#8211;\u00a0<b>Nicolas Ellis, dir. Orchestre et Ch\u0153ur de l\u2019Agora<\/b><\/p>\n<p>30 novembre &#8211;\u00a0<b>Sergei Babayan, piano\u00a0<\/b>&#8211; J.S. Bach<\/p>\n<p>1 d\u00e9cembre &#8211; <b>Andrew Wan &#8211; Luc Beaus\u00e9jour\u00a0<\/b>\u2013 Les six sonates pour violon et clavecin J.S. Bach<\/p>\n<p>2 d\u00e9cembre &#8211; <b>William Youn, piano<\/b>\u00a0&#8211; Les Variations Goldberg &#8211; J.S. Bach<\/p>\n<h3>Autres \u00e9v\u00e9nements<\/h3>\n<p><b>Le samedi 11 novembre<\/b>,<b>\u00a0de 14 h \u00e0 22 h<\/b>, un rendez-vous devenu incontournable au Festival\u00a0:<\/p>\n<p><b>\u00c0 14 h,<\/b>\u00a0place au jeune public avec un\u00a0<b>concert pour toute la famille,<\/b>\u00a0avec l\u2019<b>Ensemble Classico Moderne<\/b>\u00a0dirig\u00e9 par\u00a0<b>Francis Choini\u00e8re<\/b>. \u00c0 suivre,\u00a0<b>La Nuit des Ch\u0153urs<\/b>, avec quelques-unes des meilleures chorales amateures de Montr\u00e9al.\u00a0<b>\u00c9glise de St. Andrew et St. Paul.<\/b><\/p>\n<p>Entr\u00e9e gratuite.\u00a0<b>\u00a0Le 11 novembre.<\/b><\/p>\n<p><b>es concerts d\u2019orgue, le dimanche \u00e0 15 h 30<\/b>, \u00e0 la Basilique de l\u2019Oratoire Saint-Joseph<\/p>\n<p>19 et 26 novembre :\u00a0\u00a0Vincent Boucher, orgue.<b><\/b><\/p>\n<p><b>L\u2019Off-Festival Bach<\/b><\/p>\n<p><img align=\"left\" hspace=\"12\" \/><i><\/i><\/p>\n<p><i>\u00a0<\/i><i>Projet communautaire et \u00e9ducatif<\/i><\/p>\n<p><b>Du 29 novembre au 4 d\u00e9cembre<\/b>\u00a0&#8211;\u00a0<b>3487 Boulevard Saint-Laurent \u00e0 Montr\u00e9al<\/b><\/p>\n<p>L\u2019Off-Festival Bach, a \u00e9t\u00e9 lanc\u00e9 en 2019. Situ\u00e9e dans un espace de 300 m\u00e8tres carr\u00e9es au centre-ville de Montr\u00e9al, cette nouvelle initiative a \u00e9t\u00e9 d\u00e9velopp\u00e9e avec l&rsquo;intention de cr\u00e9er un environnement unique, contemporain et accueillant pour rendre la musique classique accessible et gratuite \u00e0 un plus large public. L\u2019Off-Bach est un lieu o\u00f9 le public peut venir assister \u00e0 des r\u00e9citals gratuits, \u00e0 des petites conf\u00e9rences, des r\u00e9p\u00e9titions publiques, ou simplement prendre un caf\u00e9 ou un verre de vin en discutant. Tous les \u00e9v\u00e9nements du Off-Bach sont gratuits. Le Off-Festival Bach est d\u00e9sormais la principale branche regroupant toutes les activit\u00e9s satellites du Festival Bach Montr\u00e9al. Tout est gratuit!<\/p>\n<h2><em>Inscrivez-vous \u00e0 notre infolettre! La musique classique et l&rsquo;op\u00e9ra en 5 minutes, chaque jour<\/em> \u00a0<span style=\"color: #ff0000;\"><a style=\"color: #ff0000;\" href=\"https:\/\/ludwig-van.us9.list-manage.com\/subscribe?u=4f785cb3f9058f2393ccad035&amp;id=b9b160c032\" target=\"_blank\" rel=\"noopener noreferrer\">ICI\u00a0<\/a><\/span><\/h2>\n","protected":false},"excerpt":{"rendered":"<p>Le Festival Bach de Montr\u00e9al vient d&rsquo;annoncer que Sir John Eliot Gardiner sera \u00e0 la Maison symphonique le 27 octobre prochain avec le Monteverdi Choir et The English Baroque Soloists, pour interpr\u00e9ter la Messe en si mineur de Jean-S\u00e9bastien Bach.<\/p>\n","protected":false},"author":1,"featured_media":75821,"comment_status":"open","ping_status":"open","sticky":false,"template":"","format":"standard","meta":{"om_disable_all_campaigns":false,"jetpack_post_was_ever_published":false},"categories":[42065,10956,10992],"tags":[42066,42076],"yst_prominent_words":[9863,11406,10396,17292,21115,9869],"acf":[],"jetpack_featured_media_url":"https:\/\/www.ludwig-van.com\/montreal\/wp-content\/uploads\/sites\/3\/2023\/04\/Copie-de-NOUVELLE-58.jpg","jetpack_sharing_enabled":true,"jetpack_shortlink":"https:\/\/wp.me\/p9bdYt-jIT","amp_enabled":true,"_links":{"self":[{"href":"https:\/\/www.ludwig-van.com\/montreal\/wp-json\/wp\/v2\/posts\/75819"}],"collection":[{"href":"https:\/\/www.ludwig-van.com\/montreal\/wp-json\/wp\/v2\/posts"}],"about":[{"href":"https:\/\/www.ludwig-van.com\/montreal\/wp-json\/wp\/v2\/types\/post"}],"author":[{"embeddable":true,"href":"https:\/\/www.ludwig-van.com\/montreal\/wp-json\/wp\/v2\/users\/1"}],"replies":[{"embeddable":true,"href":"https:\/\/www.ludwig-van.com\/montreal\/wp-json\/wp\/v2\/comments?post=75819"}],"version-history":[{"count":2,"href":"https:\/\/www.ludwig-van.com\/montreal\/wp-json\/wp\/v2\/posts\/75819\/revisions"}],"predecessor-version":[{"id":75822,"href":"https:\/\/www.ludwig-van.com\/montreal\/wp-json\/wp\/v2\/posts\/75819\/revisions\/75822"}],"wp:featuredmedia":[{"embeddable":true,"href":"https:\/\/www.ludwig-van.com\/montreal\/wp-json\/wp\/v2\/media\/75821"}],"wp:attachment":[{"href":"https:\/\/www.ludwig-van.com\/montreal\/wp-json\/wp\/v2\/media?parent=75819"}],"wp:term":[{"taxonomy":"category","embeddable":true,"href":"https:\/\/www.ludwig-van.com\/montreal\/wp-json\/wp\/v2\/categories?post=75819"},{"taxonomy":"post_tag","embeddable":true,"href":"https:\/\/www.ludwig-van.com\/montreal\/wp-json\/wp\/v2\/tags?post=75819"},{"taxonomy":"yst_prominent_words","embeddable":true,"href":"https:\/\/www.ludwig-van.com\/montreal\/wp-json\/wp\/v2\/yst_prominent_words?post=75819"}],"curies":[{"name":"wp","href":"https:\/\/api.w.org\/{rel}","templated":true}]}}