{"id":75805,"date":"2023-04-24T14:31:12","date_gmt":"2023-04-24T18:31:12","guid":{"rendered":"https:\/\/www.ludwig-van.com\/montreal\/?p=75805"},"modified":"2023-04-24T19:43:23","modified_gmt":"2023-04-24T23:43:23","slug":"choix-de-la-redaction-musique-classique-concert-recitals-et-concours-cette-semaine","status":"publish","type":"post","link":"https:\/\/www.ludwig-van.com\/montreal\/2023\/04\/24\/choix-de-la-redaction-musique-classique-concert-recitals-et-concours-cette-semaine\/","title":{"rendered":"CHOIX DE LA R\u00c9DACTION | Musique classique: concert, r\u00e9citals et concours cette semaine"},"content":{"rendered":"<p style=\"text-align: center;\"><img decoding=\"async\" loading=\"lazy\" class=\"alignnone size-full wp-image-75811\" src=\"https:\/\/www.ludwig-van.com\/montreal\/wp-content\/uploads\/sites\/3\/2023\/04\/Copie-de-CONCERTS-79.jpg\" alt=\"\" width=\"1200\" height=\"628\" \/><\/p>\n<h3><span style=\"color: #808080;\">Cette semaine, notre regard se tourne vers les \u00e9preuves du Concours musical international de Montr\u00e9al, d\u00e9di\u00e9 cette ann\u00e9e au violon. Voici nos Choix de la r\u00e9daction, du 24 au 30 avril.<\/span><\/h3>\n<p>&nbsp;<\/p>\n<figure id=\"attachment_72011\" aria-describedby=\"caption-attachment-72011\" style=\"width: 1200px\" class=\"wp-caption alignnone\"><img decoding=\"async\" loading=\"lazy\" class=\"size-full wp-image-72011\" src=\"https:\/\/www.ludwig-van.com\/montreal\/wp-content\/uploads\/sites\/3\/2022\/08\/Hao-Zhou-Philip-Chiu-cr-Antoine-Saito.jpg\" alt=\"Hao Zhou (violon) et Philip Chiu (piano) ont form\u00e9 un duo pour la Vir\u00e9e classique 2022. (Photo: Antoine Saito)\" width=\"1200\" height=\"800\" \/><figcaption id=\"caption-attachment-72011\" class=\"wp-caption-text\">Hao Zhou, laur\u00e9at de la derni\u00e8re \u00e9dition violon du CMIM et Philip Chiu (piano) formaient un duo pour la Vir\u00e9e classique, en 2022. (Photo: Antoine Saito)<\/figcaption><\/figure>\n<h3>CMIM: Violon 2023<\/h3>\n<p>Le <strong>Concours musical international de Montr\u00e9al<\/strong> pr\u00e9sente la premi\u00e8re \u00e9preuve de son \u00e9dition Violon 2023 cette semaine. Au total, 24 violonistes de plusieurs pays se disputeront des prix et des bourses d&rsquo;une valeur totalisant plus de 160 000 $.<\/p>\n<h3>Premi\u00e8re \u00e9preuve: du 26 au 27 avril \u00e0 14 h et 19 h 30, Salle Bourgie. <a href=\"https:\/\/www.concoursmontreal.ca\/fr\/violon-2023\/programmation\/\" target=\"_blank\" rel=\"noopener\">D\u00c9TAILS ET BILLETS<\/a><\/h3>\n<p>&nbsp;<\/p>\n<p>&nbsp;<\/p>\n<figure id=\"attachment_48439\" aria-describedby=\"caption-attachment-48439\" style=\"width: 1024px\" class=\"wp-caption aligncenter\"><img decoding=\"async\" loading=\"lazy\" class=\"wp-image-48439 size-full\" src=\"https:\/\/www.ludwig-van.com\/montreal\/wp-content\/uploads\/sites\/3\/2017\/10\/Alexander-Shelley.jpg\" alt=\"Alexandre Shelley, chef d'orchestre. (Photo: Thomas Dagg)\" width=\"1024\" height=\"576\" srcset=\"https:\/\/www.ludwig-van.com\/montreal\/wp-content\/uploads\/sites\/3\/2017\/10\/Alexander-Shelley.jpg 1024w, https:\/\/www.ludwig-van.com\/montreal\/wp-content\/uploads\/sites\/3\/2017\/10\/Alexander-Shelley-300x169.jpg 300w, https:\/\/www.ludwig-van.com\/montreal\/wp-content\/uploads\/sites\/3\/2017\/10\/Alexander-Shelley-768x432.jpg 768w\" sizes=\"(max-width: 1024px) 100vw, 1024px\" \/><figcaption id=\"caption-attachment-48439\" class=\"wp-caption-text\">Alexandre Shelley, chef d&rsquo;orchestre. (Photo: Thomas Dagg)<\/figcaption><\/figure>\n<h3>Orchestre M\u00e9tropolitain: Strauss, Jocelyn Morlock, Alexandre Shelley, Kerson Leong<\/h3>\n<p>La suite du\u00a0<em>Chevalier \u00e0 la rose de Strauss<\/em> r\u00eave d\u2019une Vienne classique o\u00f9 r\u00e8gnent valse, \u00e9l\u00e9gance et na\u00efvet\u00e9. Le violon solo de Tcha\u00efkovski, tant\u00f4t chantant, tant\u00f4t virtuose et tant\u00f4t folklorique, donne au soliste <strong>Kerson Leong<\/strong> un terrain de jeu formidable\u00a0 dans le Concerto en r\u00e9 majeur. Sous la direction d\u2019<strong>Alexander Shelley<\/strong>, <em>My Name Is Amanda Todd<\/em> de la compositrice canadienne <strong>Jocelyn Morlock<\/strong>, r\u00e9cemment d\u00e9c\u00e9d\u00e9e, porte le message d\u2019espoir de cette jeune victime de cyberintimidation.<\/p>\n<h4>Le 26 avril, 19 h 39 \u00c9glise Notre-Dame-des-Sept-Douleurs; le 27 avril, 19 h 30, salle D\u00e9silets, Rivi\u00e8re-des-Prairies-Pointe-aux-Trembles; 28 avril, 19 h 30, Maison symphonique; 29 avril, \u00c9glise du Tr\u00e8s-Saint-nom-de-J\u00e9sus.<\/h4>\n<h3><a href=\"https:\/\/orchestremetropolitain.com\/fr\/programmation\/\" target=\"_blank\" rel=\"noopener\">D\u00c9TAILS ET BILLETS<\/a><\/h3>\n<p>&nbsp;<\/p>\n<figure id=\"attachment_72598\" aria-describedby=\"caption-attachment-72598\" style=\"width: 798px\" class=\"wp-caption alignnone\"><img decoding=\"async\" loading=\"lazy\" class=\"size-full wp-image-72598\" src=\"https:\/\/www.ludwig-van.com\/montreal\/wp-content\/uploads\/sites\/3\/2022\/09\/Payare-cr-Antoine-Saito.jpg\" alt=\"Le chef Rafael Payare. (Photo: Antoine Saito)\" width=\"798\" height=\"573\" \/><figcaption id=\"caption-attachment-72598\" class=\"wp-caption-text\">Le chef Rafael Payare. (Photo: Antoine Saito)<\/figcaption><\/figure>\n<h3>OSM: Don Quichotte<\/h3>\n<p>Ce programme met en parall\u00e8le deux h\u00e9ros en qu\u00eate d\u2019id\u00e9al : Don Quichotte, un chevalier errant parti combattre le mal dans les plaines andalouses, et Florentino, un habitant des plaines v\u00e9n\u00e9zu\u00e9liennes qui d\u00e9fie le diable lors d\u2019un concours de chant dans la Cantata criolla d\u2019Est\u00e9vez. Cette pi\u00e8ce majeure du r\u00e9pertoire sud-am\u00e9ricain que <strong>Rafael Payare<\/strong> nous invite \u00e0 d\u00e9couvrir conclura cette soir\u00e9e riche en p\u00e9rip\u00e9ties, qui verra \u00e9galement la cr\u00e9ation mondiale d\u2019une \u0153uvre d\u2019<strong>Ana Sokolovi\u0107<\/strong>, compositrice en r\u00e9sidence de l\u2019OSM. Soliste invit\u00e9e: <strong>Alisa Welerstein<\/strong>, violoncelliste.<\/p>\n<h3>Les 26 et 27 avril, Maison symphonique &#8211; <a href=\"https:\/\/www.osm.ca\/fr\/concerts\/rafael-payare-de-landalousie-aux-plaines-du-venezuela\/\" target=\"_blank\" rel=\"noopener\">D\u00c9TAILS ET BILLETS<\/a><\/h3>\n<p>&nbsp;<\/p>\n<h3>Musique et danses sud-am\u00e9ricaines \u00e0 l&rsquo;OSM<\/h3>\n<p>Musique et soir\u00e9e dansante sont au rendez-vous de ce concert \u00e9clat\u00e9. \u00cates-vous pr\u00eats pour un voyage musical en Am\u00e9rique du Sud? Rejoignez Rafael Payare, le ch\u0153ur et l\u2019orchestre de l\u2019OSM dans un programme riche en couleurs et en saveurs. De prestigieux solistes donneront le ton \u00e0 cette soir\u00e9e : Alisa Weilerstein, la violoncelliste de renomm\u00e9e internationale, et plusieurs artistes v\u00e9n\u00e9zu\u00e9liens dont le trompettiste virtuose Pacho Flores, le joueur de cuatro Hector Molina, le maracassiste Edgardo Jair Acosta Sanchez, le t\u00e9nor Aquiles Machado et le baryton Gustavo Castillo.<\/p>\n<h3>Le 29 avril, 21 h, Maison symphonique et soir\u00e9e dansante au foyer Antonia-Nantel. <a href=\"https:\/\/www.osm.ca\/fr\/concerts\/musiques-et-danses-sud-americaines-a-l-osm\/\" target=\"_blank\" rel=\"noopener\">D\u00c9TAILS ET BILLETS<\/a><\/h3>\n<p>&nbsp;<\/p>\n<figure id=\"attachment_48001\" aria-describedby=\"caption-attachment-48001\" style=\"width: 1024px\" class=\"wp-caption aligncenter\"><img decoding=\"async\" loading=\"lazy\" class=\"wp-image-48001 size-full\" src=\"https:\/\/www.ludwig-van.com\/montreal\/wp-content\/uploads\/sites\/3\/2017\/09\/ChapelleBonPasteur_01-Olivier-ruel.jpg\" alt=\"Chapelle historique du Bon-Pasteur. (Cr\u00e9dit: Olivier Ruel)\" width=\"1024\" height=\"576\" srcset=\"https:\/\/www.ludwig-van.com\/montreal\/wp-content\/uploads\/sites\/3\/2017\/09\/ChapelleBonPasteur_01-Olivier-ruel.jpg 1024w, https:\/\/www.ludwig-van.com\/montreal\/wp-content\/uploads\/sites\/3\/2017\/09\/ChapelleBonPasteur_01-Olivier-ruel-300x169.jpg 300w, https:\/\/www.ludwig-van.com\/montreal\/wp-content\/uploads\/sites\/3\/2017\/09\/ChapelleBonPasteur_01-Olivier-ruel-768x432.jpg 768w\" sizes=\"(max-width: 1024px) 100vw, 1024px\" \/><figcaption id=\"caption-attachment-48001\" class=\"wp-caption-text\">Chapelle historique du Bon-Pasteur. (Cr\u00e9dit: Olivier Ruel)<\/figcaption><\/figure>\n<h3>Chapelle historique du Bon-Pasteur<\/h3>\n<p>Hommage \u00e0 Drouet et Asperghis<\/p>\n<p>Krystina Marcoux, percussions et direction artistique<br \/>\nEn collaboration avec Juan Sebastian Delgado, Pamela Reimer, Jeffrey Stonehouse et Julien Gr\u00e9goire.<\/p>\n<p>Programme:<\/p>\n<p>Jean-Pierre Drouet: Cr\u00e9ation<br \/>\nIannis Xenakis: Okho<br \/>\nGeorges Aperghis: Corps \u00e0 corps<br \/>\nExtraits de Conversations<br \/>\nVinko Globokar: Toucher<br \/>\nTribadabum extensif sur un rythme fant\u00f4me<br \/>\nLuciano Berio: Circles<br \/>\nMauricio Kagel: Trahison Orale<\/p>\n<h3>Le 27 avril, 19 h 30, Chapelle historique du Bon-Pasteur &#8211; <a href=\"https:\/\/lepointdevente.com\/billets\/dwv230427001\" target=\"_blank\" rel=\"noopener\">D\u00c9TAILS ET BILLETS<\/a><\/h3>\n<p>&nbsp;<\/p>\n<figure id=\"attachment_74479\" aria-describedby=\"caption-attachment-74479\" style=\"width: 1200px\" class=\"wp-caption alignnone\"><img decoding=\"async\" loading=\"lazy\" class=\"size-full wp-image-74479\" src=\"https:\/\/www.ludwig-van.com\/montreal\/wp-content\/uploads\/sites\/3\/2022\/12\/Bax_Chung.jpg\" alt=\"Alessio BaxLucille Chung (photo: courtoisie)\" width=\"1200\" height=\"800\" \/><figcaption id=\"caption-attachment-74479\" class=\"wp-caption-text\">Alessio Bax<br \/>Lucille Chung (photo: courtoisie)<\/figcaption><\/figure>\n<h3>Pro Musica: Carte blanche au duo Bax &amp; Chung<\/h3>\n<p>Bax &amp; Chung, regroupant Alessio Bax et Lucille Chung, est l\u2019un des principaux duos de piano de leur g\u00e9n\u00e9ration. Il s\u2019est produit dans de nombreuses salles prestigieuses du monde, dont aux \u00c9tats-Unis, au Canada, au Guatemala, en Europe, Chine, Islande, Isra\u00ebl, Cor\u00e9e, Palestine et Russie.<br \/>\nAlessio Bax \u2013 Pianiste, laure\u0301at du premier prix des concours internationaux de piano de Leeds et de Hamamatsu, il s\u2019est produit en tant que soliste avec plus de 100 orchestres.<\/p>\n<p>Lucille Chung \u2013 Pianiste et laure\u0301ate du premier prix du Concours international de piano Stravinsky, elle s\u2019est produite avec plus de 65 orchestres.<\/p>\n<p>Pour ce concert le duo Bax &amp; Chung va nous interpr\u00e9ter les \u0153uvres de Debussy, Ravel, Poulenc et Piazzolla.<\/p>\n<h3>Le 30 avril, 15 h, salle Pierre-Mercure <a href=\"https:\/\/centrepierrepeladeau.tuxedobillet.com\/main\/duo-bax-et-chung-2-pianos\" target=\"_blank\" rel=\"noopener\">D\u00c9TAILS ET BILLETS<\/a><\/h3>\n<p>&nbsp;<\/p>\n<p style=\"text-align: center;\"><img decoding=\"async\" loading=\"lazy\" class=\"alignnone size-full wp-image-74983\" src=\"https:\/\/www.ludwig-van.com\/montreal\/wp-content\/uploads\/sites\/3\/2023\/01\/MTL-mexico.jpg\" alt=\"\" width=\"950\" height=\"475\" \/><\/p>\n<h3>Le Vivier: Montr\u00e9al &#8211; Mexico<\/h3>\n<p>Une heureuse rencontre entre les musiques nouvelles mexicaines et canadiennes dans un concert 100% d\u00e9di\u00e9 \u00e0 la cr\u00e9ation. Quasar, quatuor de saxophones interpr\u00e9tera les \u0153uvres des compositeurs mexicains Alejandro Padilla et Eduardo Caballero, ainsi que celles des compositrices franco-canadienne Sophie Dupuis et Genevi\u00e8ve Ackerman.<\/p>\n<h3>Le 30 avril, 19 h 30, Espace Orange, \u00c9difice Wilder <a href=\"https:\/\/levivier.ca\/fr\/concert\/saison-2022-23\/montreal-mexico\" target=\"_blank\" rel=\"noopener\">D\u00c9TAILS ET BILLETS<\/a><\/h3>\n","protected":false},"excerpt":{"rendered":"<p>Cette semaine, notre regard se tourne vers les \u00e9preuves du Concours musical international de Montr\u00e9al, d\u00e9di\u00e9 cette ann\u00e9e au Violon. Parmi les \u00e9v\u00e9nements \u00e0 signaler, on note aussi la Symphonie no 2 R\u00e9surrection de Mahler avec l&rsquo;Orchestre symphonique des jeunes de Montr\u00e9al, samedi soir \u00e0 la Maison symphonique. Voici nos Choix de la r\u00e9daction, du 24 au 30 avril.<\/p>\n","protected":false},"author":1,"featured_media":75811,"comment_status":"open","ping_status":"open","sticky":false,"template":"","format":"standard","meta":{"om_disable_all_campaigns":false,"jetpack_post_was_ever_published":false},"categories":[42065,10956,10994],"tags":[42066,4839,2521,4485],"yst_prominent_words":[9878,9863,13120,21053,18277,18275,9792,10698,10696,26052,9877,13123,9799,10697,11620],"acf":[],"jetpack_featured_media_url":"https:\/\/www.ludwig-van.com\/montreal\/wp-content\/uploads\/sites\/3\/2023\/04\/Copie-de-CONCERTS-79.jpg","jetpack_sharing_enabled":true,"jetpack_shortlink":"https:\/\/wp.me\/p9bdYt-jIF","amp_enabled":true,"_links":{"self":[{"href":"https:\/\/www.ludwig-van.com\/montreal\/wp-json\/wp\/v2\/posts\/75805"}],"collection":[{"href":"https:\/\/www.ludwig-van.com\/montreal\/wp-json\/wp\/v2\/posts"}],"about":[{"href":"https:\/\/www.ludwig-van.com\/montreal\/wp-json\/wp\/v2\/types\/post"}],"author":[{"embeddable":true,"href":"https:\/\/www.ludwig-van.com\/montreal\/wp-json\/wp\/v2\/users\/1"}],"replies":[{"embeddable":true,"href":"https:\/\/www.ludwig-van.com\/montreal\/wp-json\/wp\/v2\/comments?post=75805"}],"version-history":[{"count":11,"href":"https:\/\/www.ludwig-van.com\/montreal\/wp-json\/wp\/v2\/posts\/75805\/revisions"}],"predecessor-version":[{"id":75817,"href":"https:\/\/www.ludwig-van.com\/montreal\/wp-json\/wp\/v2\/posts\/75805\/revisions\/75817"}],"wp:featuredmedia":[{"embeddable":true,"href":"https:\/\/www.ludwig-van.com\/montreal\/wp-json\/wp\/v2\/media\/75811"}],"wp:attachment":[{"href":"https:\/\/www.ludwig-van.com\/montreal\/wp-json\/wp\/v2\/media?parent=75805"}],"wp:term":[{"taxonomy":"category","embeddable":true,"href":"https:\/\/www.ludwig-van.com\/montreal\/wp-json\/wp\/v2\/categories?post=75805"},{"taxonomy":"post_tag","embeddable":true,"href":"https:\/\/www.ludwig-van.com\/montreal\/wp-json\/wp\/v2\/tags?post=75805"},{"taxonomy":"yst_prominent_words","embeddable":true,"href":"https:\/\/www.ludwig-van.com\/montreal\/wp-json\/wp\/v2\/yst_prominent_words?post=75805"}],"curies":[{"name":"wp","href":"https:\/\/api.w.org\/{rel}","templated":true}]}}