{"id":75783,"date":"2023-04-19T10:56:55","date_gmt":"2023-04-19T14:56:55","guid":{"rendered":"https:\/\/www.ludwig-van.com\/montreal\/?p=75783"},"modified":"2023-04-26T13:46:35","modified_gmt":"2023-04-26T17:46:35","slug":"communaute-losjm-vous-invite-la-symphonie-no-2-resurrection-de-mahler","status":"publish","type":"post","link":"https:\/\/www.ludwig-van.com\/montreal\/2023\/04\/19\/communaute-losjm-vous-invite-la-symphonie-no-2-resurrection-de-mahler\/","title":{"rendered":"COMMUNAUT\u00c9 | L&rsquo;OSJM vous invite \u00e0 la Symphonie no 2 \u00ab\u00a0R\u00e9surrection\u00a0\u00bb de Mahler"},"content":{"rendered":"<figure id=\"attachment_75785\" aria-describedby=\"caption-attachment-75785\" style=\"width: 1200px\" class=\"wp-caption alignnone\"><img decoding=\"async\" loading=\"lazy\" class=\"size-full wp-image-75785\" src=\"https:\/\/www.ludwig-van.com\/montreal\/wp-content\/uploads\/sites\/3\/2023\/04\/OSJM-Orchestre-symphonique-des-jeunes-de-Montreal-courtoisie.jpg\" alt=\"L'Orchestre symphonique des jeunes de Montr\u00e9al (Photo: courtoisie)\" width=\"1200\" height=\"628\" \/><figcaption id=\"caption-attachment-75785\" class=\"wp-caption-text\">L&rsquo;Orchestre symphonique des jeunes de Montr\u00e9al (Photo: Fran\u00e7ois Vincent)<\/figcaption><\/figure>\n<h1 style=\"text-align: center;\"><del>Un message de l&rsquo;Orchestre symphonique des jeunes de Montr\u00e9al<\/del><\/h1>\n<p>&nbsp;<\/p>\n<p><strong>Le samedi 6 mai 2023<\/strong>, l\u2019ORCHESTRE SYMPHONIQUE DES JEUNES DE MONTR\u00c9AL (OSJM), reconnu comme l\u2019un des meilleurs orchestres de jeunes du Canada, pr\u00e9sentera avec fiert\u00e9 cette \u0153uvre ph\u00e9nom\u00e9nale qu&rsquo;est la Symphonie no 2 de Mahler \u00ab\u00a0<strong><em>R\u00c9SURRECTION\u00a0\u00bb <\/em><\/strong><em>sous la direction de <strong>Maestro Louis Lavigueur, C.Q. <\/strong><\/em><\/p>\n<p>Plus de 250 musiciens\u00a0seront sur la sc\u00e8ne de la <strong>Maison symphonique<\/strong>: <strong><em>Karina Gauvin, soprano et Claudine Ledoux, mezzo-soprano, <\/em><\/strong>120 musiciens dont 50 anciens de l\u2019OSJM, les choristes du Ch\u0153ur classique de Montr\u00e9al, le Ch\u0153ur polyphonique de Montr\u00e9al, l\u2019Ensemble vocal Polymnie et des choristes appartenant \u00e0 diff\u00e9rents ch\u0153urs uniront instruments et voix pour vous offrir un concert inoubliable et de tr\u00e8s grande qualit\u00e9.<\/p>\n<p>Fond\u00e9 en 1976, l\u2019OSJM c\u00e9l\u00e8bre cette ann\u00e9e sa 47<sup>e<\/sup> saison et en est \u00e0 37<sup>e<\/sup> saison sous la direction de <strong>Maestro Louis Lavigueur, C.Q.<\/strong> L\u2019Orchestre a contribu\u00e9 \u00e0 la formation musicale de pr\u00e8s de 2 500 musiciens. D\u2019ailleurs, un bon nombre de ces anciens font maintenant partie de nos orchestres dont l\u2019Orchestre Symphonique de Montr\u00e9al, l\u2019Orchestre M\u00e9tropolitain, les Violons du Roy, ou d\u2019autres orchestres ailleurs au Canada, aux \u00c9tats-Unis ou en Europe, ou font carri\u00e8re comme solistes ou chambristes.<\/p>\n<p>Depuis sa cr\u00e9ation, l\u2019Orchestre a donn\u00e9 plus de 400 concerts, cr\u00e9\u00e9 une dizaine d\u2019\u0153uvres de compositeurs qu\u00e9b\u00e9cois, a enregistr\u00e9 plus de 50 albums. Sur la sc\u00e8ne internationale, \u00a0\u2019OSJM a mene\u0301 des tourne\u0301es d\u2019envergure a\u0300 travers le Canada, l\u2019Europe, l\u2019Asie et les \u00c9tats-Unis et a particip\u00e9 \u00e0 une vingtaine de festivals tant qu\u00e9b\u00e9cois qu\u2019europ\u00e9ens. \u00c0 l\u2019\u00e9t\u00e9 2023, 47 musiciens de l\u2019OSJM s\u2019envoleront vers la France pour repr\u00e9senter le Canada au Festival des Eurochestries en France.<\/p>\n<p>Par le nombre et la qualit\u00e9 de ses activit\u00e9s, l&rsquo;OSJM a su prouver au cours des ann\u00e9es sa pertinence dans le milieu musical montr\u00e9alais.<\/p>\n<p><em>\u00ab\u00a0Qu\u2019un orchestre symphonique de jeunes\u00a0se dirige vers sa cinquanti\u00e8me saison, il y a l\u00e0, \u00e0 premi\u00e8re vue, une contradiction apparente. Mais, \u00e0 y regarder de plus pr\u00e8s, c\u2019est le signe d\u2019une vitalit\u00e9 et d\u2019un enthousiasme qui ne se d\u00e9mentent pas \u00a0\u00bb <\/em><em>Louis Lavigueur C.Q.<\/em><\/p>\n<p>Ce concert b\u00e9n\u00e9ficie du soutien financier du minist\u00e8re de la Culture du Qu\u00e9bec et de Qu\u00e9becor.<\/p>\n<h2 style=\"text-align: center;\"><a href=\"https:\/\/placedesarts.com\/evenement\/resurrection-symphonie-no-2-mahler%20\" target=\"_blank\" rel=\"noopener\">ACHETER DES BILLETS<\/a><\/h2>\n<p><em>Ce communiqu\u00e9 de presse est publi\u00e9 dans le cadre de nos services aux membres de Ludwig van Montr\u00e9al.\u00a0<\/em><\/p>\n<h2><em>Inscrivez-vous \u00e0 notre infolettre! La musique classique et l&rsquo;op\u00e9ra en 5 minutes, chaque jour<\/em> \u00a0<span style=\"color: #ff0000;\"><a style=\"color: #ff0000;\" href=\"https:\/\/ludwig-van.us9.list-manage.com\/subscribe?u=4f785cb3f9058f2393ccad035&amp;id=b9b160c032\" target=\"_blank\" rel=\"noopener noreferrer\">ICI\u00a0<\/a><\/span><\/h2>\n","protected":false},"excerpt":{"rendered":"<p>Le samedi 6 mai 2023, l\u2019ORCHESTRE SYMPHONIQUE DES JEUNES DE MONTR\u00c9AL (OSJM), reconnu comme l\u2019un des meilleurs orchestres de jeunes du Canada, pr\u00e9sentera avec fiert\u00e9 cette \u0153uvre ph\u00e9nom\u00e9nale qu&rsquo;est la Symphonie no 2 de Mahler \u00ab\u00a0R\u00c9SURRECTION\u00a0\u00bb sous la direction de Maestro Louis Lavigueur, C.Q.<\/p>\n","protected":false},"author":1,"featured_media":75785,"comment_status":"open","ping_status":"open","sticky":false,"template":"","format":"standard","meta":{"om_disable_all_campaigns":false,"jetpack_post_was_ever_published":false},"categories":[42065,10956,13504,10992],"tags":[42066,42030],"yst_prominent_words":[7070,14436,10478,15602,9813,9808,15594,36290,16934,36289,7694,9839,15600,15593],"acf":[],"jetpack_featured_media_url":"https:\/\/www.ludwig-van.com\/montreal\/wp-content\/uploads\/sites\/3\/2023\/04\/OSJM-Orchestre-symphonique-des-jeunes-de-Montreal-courtoisie.jpg","jetpack_sharing_enabled":true,"jetpack_shortlink":"https:\/\/wp.me\/p9bdYt-jIj","amp_enabled":true,"_links":{"self":[{"href":"https:\/\/www.ludwig-van.com\/montreal\/wp-json\/wp\/v2\/posts\/75783"}],"collection":[{"href":"https:\/\/www.ludwig-van.com\/montreal\/wp-json\/wp\/v2\/posts"}],"about":[{"href":"https:\/\/www.ludwig-van.com\/montreal\/wp-json\/wp\/v2\/types\/post"}],"author":[{"embeddable":true,"href":"https:\/\/www.ludwig-van.com\/montreal\/wp-json\/wp\/v2\/users\/1"}],"replies":[{"embeddable":true,"href":"https:\/\/www.ludwig-van.com\/montreal\/wp-json\/wp\/v2\/comments?post=75783"}],"version-history":[{"count":5,"href":"https:\/\/www.ludwig-van.com\/montreal\/wp-json\/wp\/v2\/posts\/75783\/revisions"}],"predecessor-version":[{"id":75847,"href":"https:\/\/www.ludwig-van.com\/montreal\/wp-json\/wp\/v2\/posts\/75783\/revisions\/75847"}],"wp:featuredmedia":[{"embeddable":true,"href":"https:\/\/www.ludwig-van.com\/montreal\/wp-json\/wp\/v2\/media\/75785"}],"wp:attachment":[{"href":"https:\/\/www.ludwig-van.com\/montreal\/wp-json\/wp\/v2\/media?parent=75783"}],"wp:term":[{"taxonomy":"category","embeddable":true,"href":"https:\/\/www.ludwig-van.com\/montreal\/wp-json\/wp\/v2\/categories?post=75783"},{"taxonomy":"post_tag","embeddable":true,"href":"https:\/\/www.ludwig-van.com\/montreal\/wp-json\/wp\/v2\/tags?post=75783"},{"taxonomy":"yst_prominent_words","embeddable":true,"href":"https:\/\/www.ludwig-van.com\/montreal\/wp-json\/wp\/v2\/yst_prominent_words?post=75783"}],"curies":[{"name":"wp","href":"https:\/\/api.w.org\/{rel}","templated":true}]}}