{"id":75732,"date":"2023-04-11T12:02:08","date_gmt":"2023-04-11T16:02:08","guid":{"rendered":"https:\/\/www.ludwig-van.com\/montreal\/?p=75732"},"modified":"2023-04-18T11:05:17","modified_gmt":"2023-04-18T15:05:17","slug":"communaute-4","status":"publish","type":"post","link":"https:\/\/www.ludwig-van.com\/montreal\/2023\/04\/11\/communaute-4\/","title":{"rendered":"COMMUNAUT\u00c9 | La R\u00eaveuse: un concert inspir\u00e9 par nos compagnons ail\u00e9s!"},"content":{"rendered":"<p>&nbsp;<\/p>\n<figure id=\"attachment_75733\" aria-describedby=\"caption-attachment-75733\" style=\"width: 1200px\" class=\"wp-caption alignnone\"><img decoding=\"async\" loading=\"lazy\" class=\"size-full wp-image-75733\" src=\"https:\/\/www.ludwig-van.com\/montreal\/wp-content\/uploads\/sites\/3\/2023\/04\/Copie-de-NOUVELLE-54.jpg\" alt=\"L'Ensemble La R\u00eaveuse sera \u00e0 la Salle Bourgie cette semaine (Photo: Jean Dubrana)\" width=\"1200\" height=\"628\" \/><figcaption id=\"caption-attachment-75733\" class=\"wp-caption-text\">L&rsquo;Ensemble La R\u00eaveuse sera \u00e0 la Salle Bourgie cette semaine (Photo: Jean Dubrana)<\/figcaption><\/figure>\n<p>&nbsp;<\/p>\n<h1 style=\"text-align: center;\"><del>Un message de la Salle Bourgie<\/del><\/h1>\n<p>&nbsp;<\/p>\n<p style=\"text-align: center;\"><strong>L\u2019ENSEMBLE LA R\u00caVEUSE \u00c0 LA SALLE BOURGIE LE 18 AVRIL : <\/strong><\/p>\n<p style=\"text-align: center;\"><strong>UN CONCERT INSPIR\u00c9 PAR NOS COMPAGNONS AIL\u00c9S !<\/strong><\/p>\n<p>&nbsp;<\/p>\n<p>Le <a href=\"https:\/\/www.mbam.qc.ca\/fr\/activites\/ensemble-la-reveuse-le-concert-des-oiseaux-1\/\" target=\"_blank\" rel=\"noopener\">18 avril prochain, \u00e0 19 h 30, la Salle Bourgie<\/a> accueille le formidable ensemble fran\u00e7ais <strong>La R\u00eaveuse<\/strong> le temps d\u2019un concert \u00e0 la fois \u00e9tonnant et intriguant qui explore les liens \u00e9troits que l\u2019humain entretient avec les oiseaux et la nature. Avec humour ou s\u00e9rieux, avec r\u00e9alisme ou au contraire fantasmes assum\u00e9s, les sonorit\u00e9s vari\u00e9es des \u0153uvres au programme d\u00e9montrent \u00e0 quel point la gent aviaire a su \u00e9veiller la cr\u00e9ativit\u00e9 de nombreux musiciens.<\/p>\n<p>Faisant dialoguer des \u0153uvres baroques avec d\u2019autres du 20<sup>e<\/sup> si\u00e8cle inspir\u00e9es par Rameau, Corette ou encore Couperin, ce concert met en relief l\u2019attrait des hommes pour les oiseaux, et surtout, leur chant, admirablement rendus par le son du flageolet et des diverses fl\u00fbtes \u00e0 bec de S\u00e9bastien Marq. Car depuis toujours, le chant des oiseaux fascine les compositeurs, et peu d\u2019animaux ont su captiver autant leur attention. L\u2019int\u00e9r\u00eat nouveau pour le r\u00e8gne animal ainsi que le d\u00e9veloppement rapide des sciences naturelles am\u00e8ne les compositeurs des 17<sup>e<\/sup> et 18<sup>e<\/sup> si\u00e8cles \u00e0 s\u2019y int\u00e9resser de mani\u00e8re plus soutenue. Ces derniers imitent notamment en musique le chant du coucou ou du rossignol : la transposition en musique des prouesses vocales de ces esp\u00e8ces sont d\u2019ailleurs parmi les plus nombreuses dans le r\u00e9pertoire musical.<\/p>\n<p>Les titres \u00e9vocateurs des pi\u00e8ces au programme t\u00e9moignent de la richesse du sujet et des nombreuses possibilit\u00e9s qu\u2019il a offertes aux compositeurs : <em>Les Ramages<\/em>, <em>Le Coucou<\/em>, <em>La Poule<\/em>, <em>Le Rossignol en amour<\/em>, ou encore <em>Les fauvettes plaintives<\/em> ne sont que quelques-unes des \u0153uvres qui pourront \u00eatre entendues lors de ce concert. Les oiseaux ont ainsi constitu\u00e9 une source intarissable d\u2019inspiration musicale, et l\u2019auditeur curieux y fera des rencontres ornithologiques captivantes.<\/p>\n<p>L\u2019ensemble <strong>La R\u00eaveuse,<\/strong> fond\u00e9 en 2004 par <strong>Benjamin Perrot<\/strong> et <strong>Florence Bolton<\/strong>, se sp\u00e9cialise dans les r\u00e9pertoires des 17<sup>e<\/sup> et 18<sup>e<\/sup> si\u00e8cles, foisonnants d\u2019exp\u00e9riences et d\u2019inventions artistiques de toutes sortes. C\u2019est en 2021 que le groupe \u00e9labore un vaste projet sur le th\u00e8me des oiseaux, dans le cadre duquel s\u2019inscrit ce concert.<\/p>\n<p>&nbsp;<\/p>\n<p><strong>INTERPR\u00c8TES<\/strong><\/p>\n<p><strong>S\u00e9bastien Marq<\/strong>, fl\u00fbtes \u00e0 bec et flageolets<\/p>\n<p><strong>Florence Bolton<\/strong>, basse et pardessus de viole<\/p>\n<p><strong>Benjamin Perrot<\/strong>, th\u00e9orbe<\/p>\n<p><strong>Jean-Miguel Aristizabal<\/strong>, clavecin<\/p>\n<p>&nbsp;<\/p>\n<p><strong>PROGRAMME<\/strong><\/p>\n<p>\u0152uvres de Rameau, Caix d&rsquo;Hervelois, Van Eyck, Purcell, F. Couperin, Corrette, Saint-Sa\u00ebns, Britten et Ravel.<\/p>\n<p><strong>\u00a0<\/strong><\/p>\n<p><strong>POUR Y ASSISTER<\/strong><\/p>\n<p><strong>Quand<\/strong> : mardi 18 avril 2023, \u00e0 19 h 30<\/p>\n<p><strong>Lieu<\/strong> : Salle Bourgie du Mus\u00e9e des beaux-arts de Montr\u00e9al, 1339 rue Sherbrooke Ouest.<\/p>\n<p><strong>Billets<\/strong> : en ligne sur<a href=\"https:\/\/www.mbam.qc.ca\/fr\/activites\/ensemble-la-reveuse-le-concert-des-oiseaux-1\/\"> sallebourgie.ca<\/a> ou par t\u00e9l\u00e9phone au (514) 285-2000, option 1, ou en personne \u00e0 la billetterie du Mus\u00e9e, aux heures habituelles d\u2019ouverture<\/p>\n<p><strong>Co\u00fbt<\/strong> : 44 $ (38 $ pour les membres du Mus\u00e9e \/ 23 $ pour les personnes \u00e2g\u00e9es de 34 ans et moins)<\/p>\n<p>&nbsp;<\/p>\n<p><em>Ce communiqu\u00e9 de presse est publi\u00e9 dans le cadre de nos services aux membres de Ludwig van Montr\u00e9al.\u00a0<\/em><\/p>\n<h2><em>Inscrivez-vous \u00e0 notre infolettre! La musique classique et l&rsquo;op\u00e9ra en 5 minutes, chaque jour<\/em> \u00a0<span style=\"color: #ff0000;\"><a style=\"color: #ff0000;\" href=\"https:\/\/ludwig-van.us9.list-manage.com\/subscribe?u=4f785cb3f9058f2393ccad035&amp;id=b9b160c032\" target=\"_blank\" rel=\"noopener noreferrer\">ICI\u00a0<\/a><\/span><\/h2>\n<p>&nbsp;<\/p>\n","protected":false},"excerpt":{"rendered":"<p>Le 18 avril prochain, \u00e0 19 h 30, la Salle Bourgie accueille le formidable ensemble fran\u00e7ais La R\u00eaveuse le temps d\u2019un concert \u00e0 la fois \u00e9tonnant et intriguant qui explore les liens \u00e9troits que l\u2019humain entretient avec les oiseaux et la nature. Avec humour ou s\u00e9rieux, avec r\u00e9alisme ou au contraire fantasmes assum\u00e9s, les sonorit\u00e9s vari\u00e9es des \u0153uvres au programme d\u00e9montrent \u00e0 quel point la gent aviaire a su \u00e9veiller la cr\u00e9ativit\u00e9 de nombreux musiciens.\u00a0<\/p>\n","protected":false},"author":1,"featured_media":75733,"comment_status":"open","ping_status":"open","sticky":false,"template":"","format":"standard","meta":{"om_disable_all_campaigns":false,"jetpack_post_was_ever_published":false},"categories":[42065,10956,13504,10992],"tags":[42066,42075,11137],"yst_prominent_words":[40528,15261,21007,27434,9878,9863,11338,9877,9956],"acf":[],"jetpack_featured_media_url":"https:\/\/www.ludwig-van.com\/montreal\/wp-content\/uploads\/sites\/3\/2023\/04\/Copie-de-NOUVELLE-54.jpg","jetpack_sharing_enabled":true,"jetpack_shortlink":"https:\/\/wp.me\/p9bdYt-jHu","amp_enabled":true,"_links":{"self":[{"href":"https:\/\/www.ludwig-van.com\/montreal\/wp-json\/wp\/v2\/posts\/75732"}],"collection":[{"href":"https:\/\/www.ludwig-van.com\/montreal\/wp-json\/wp\/v2\/posts"}],"about":[{"href":"https:\/\/www.ludwig-van.com\/montreal\/wp-json\/wp\/v2\/types\/post"}],"author":[{"embeddable":true,"href":"https:\/\/www.ludwig-van.com\/montreal\/wp-json\/wp\/v2\/users\/1"}],"replies":[{"embeddable":true,"href":"https:\/\/www.ludwig-van.com\/montreal\/wp-json\/wp\/v2\/comments?post=75732"}],"version-history":[{"count":3,"href":"https:\/\/www.ludwig-van.com\/montreal\/wp-json\/wp\/v2\/posts\/75732\/revisions"}],"predecessor-version":[{"id":75736,"href":"https:\/\/www.ludwig-van.com\/montreal\/wp-json\/wp\/v2\/posts\/75732\/revisions\/75736"}],"wp:featuredmedia":[{"embeddable":true,"href":"https:\/\/www.ludwig-van.com\/montreal\/wp-json\/wp\/v2\/media\/75733"}],"wp:attachment":[{"href":"https:\/\/www.ludwig-van.com\/montreal\/wp-json\/wp\/v2\/media?parent=75732"}],"wp:term":[{"taxonomy":"category","embeddable":true,"href":"https:\/\/www.ludwig-van.com\/montreal\/wp-json\/wp\/v2\/categories?post=75732"},{"taxonomy":"post_tag","embeddable":true,"href":"https:\/\/www.ludwig-van.com\/montreal\/wp-json\/wp\/v2\/tags?post=75732"},{"taxonomy":"yst_prominent_words","embeddable":true,"href":"https:\/\/www.ludwig-van.com\/montreal\/wp-json\/wp\/v2\/yst_prominent_words?post=75732"}],"curies":[{"name":"wp","href":"https:\/\/api.w.org\/{rel}","templated":true}]}}