{"id":75634,"date":"2023-03-27T14:03:26","date_gmt":"2023-03-27T18:03:26","guid":{"rendered":"https:\/\/www.ludwig-van.com\/montreal\/?p=75634"},"modified":"2023-03-30T19:38:42","modified_gmt":"2023-03-30T23:38:42","slug":"choix-de-la-redaction-les-concerts-classiques-a-ne-pas-rater-du-27-mars-au-2-avril","status":"publish","type":"post","link":"https:\/\/www.ludwig-van.com\/montreal\/2023\/03\/27\/choix-de-la-redaction-les-concerts-classiques-a-ne-pas-rater-du-27-mars-au-2-avril\/","title":{"rendered":"CHOIX DE LA R\u00c9DACTION | Les concerts classiques \u00e0 ne pas rater du 27 mars au 2 avril"},"content":{"rendered":"<p style=\"text-align: center;\"><img decoding=\"async\" loading=\"lazy\" class=\"alignnone size-full wp-image-75639\" src=\"https:\/\/www.ludwig-van.com\/montreal\/wp-content\/uploads\/sites\/3\/2023\/03\/Copie-de-CONCERTS-73.jpg\" alt=\"\" width=\"1200\" height=\"628\" \/><\/p>\n<p>&nbsp;<\/p>\n<h3>Le printemps est arriv\u00e9! Pourquoi ne pas en profiter pour faire un tour en ville et assister \u00e0 un concert? Voici nos Choix de la r\u00e9daction du 27 mars au 2 avril.<\/h3>\n<p>&nbsp;<\/p>\n<figure id=\"attachment_52095\" aria-describedby=\"caption-attachment-52095\" style=\"width: 700px\" class=\"wp-caption aligncenter\"><img decoding=\"async\" loading=\"lazy\" class=\"wp-image-52095 size-full\" src=\"https:\/\/www.ludwig-van.com\/montreal\/wp-content\/uploads\/sites\/3\/2018\/02\/Camerata-Royal-Concertgebouw-Orchestra-\u00a9-Damiano-Rosa-e1521844954176.jpg\" alt=\"Camerata Royal Concertgebouw Orchestra (Cr\u00e9dit : Damiano Rosa)\" width=\"700\" height=\"467\" \/><figcaption id=\"caption-attachment-52095\" class=\"wp-caption-text\">Camerata Royal Concertgebouw Orchestra (Cr\u00e9dit : Damiano Rosa)<\/figcaption><\/figure>\n<h2>Camareta du Royal Concertgebouw<\/h2>\n<p>Cet ensemble, constitu\u00e9 de membres du renomm\u00e9 Orchestre Royal du Concertgebouw (RCO) unis par une m\u00eame passion pour la musique de chambre,\u00a0se produit pour la seconde fois dans l\u2019ambiance intimiste de la Salle Bourgie.<\/p>\n<p>PROGRAMME<\/p>\n<p>MARTINU\u00a0La Revue de cuisine, pour clarinette, basson, trompette, violon, violoncelle et piano<br \/>\nTURINA\u00a0Trio pour violon, violoncelle et piano n\u00b0\u00a02 en\u00a0si\u00a0mineur, op. 76<br \/>\nPOULENC<br \/>\nL\u2019Invitation au ch\u00e2teau, pour clarinette, violon et piano<br \/>\nTrio pour hautbois, basson et piano<br \/>\nLe Bal masqu\u00e9, pour baryton, hautbois, clarinette, trompette, violon, violoncelle, percussion et piano.<br \/>\nInvit\u00e9 : Geoffroy Salvas, baryton<\/p>\n<h3><strong>Le 28 mars, 19h30, Salle Bourgie <a href=\"https:\/\/www.mbam.qc.ca\/fr\/activites\/camerata-rco-1\/\" target=\"_blank\" rel=\"noopener\">D\u00c9TAILS ET BILLETS<\/a><\/strong><\/h3>\n<p>&nbsp;<\/p>\n<p>&nbsp;<\/p>\n<figure id=\"attachment_71313\" aria-describedby=\"caption-attachment-71313\" style=\"width: 1200px\" class=\"wp-caption alignnone\"><img decoding=\"async\" loading=\"lazy\" class=\"size-full wp-image-71313\" src=\"https:\/\/www.ludwig-van.com\/montreal\/wp-content\/uploads\/sites\/3\/2019\/01\/Tharaud-Queyras.jpg\" alt=\"Alexandre Tharaud et Jean-Guihen Queyras (Photo: courtoisie du Club musical de Qu\u00e9bec)\" width=\"1200\" height=\"800\" \/><figcaption id=\"caption-attachment-71313\" class=\"wp-caption-text\">Alexandre Tharaud et Jean-Guihen Queyras (Photo: courtoisie du Club musical de Qu\u00e9bec)<\/figcaption><\/figure>\n<h2 class=\"tribe-events-single-event-title\">Jean-Guihen Queyras et Alexandre Tharaud, violoncelle et piano<\/h2>\n<p>Club musical de Qu\u00e9bec: le violoncelliste Jean-Guihen Queyras et le pianiste Alexandre Tharaud ont en commun leur amour pour le Qu\u00e9bec, mais \u00e9galement une complicit\u00e9 musicale de tous les instants se manifestant aussi bien au concert qu\u2019au disque. Pour cette visite fort attendue du public, ces deux \u00e9toiles de la plan\u00e8te musicale ont pr\u00e9par\u00e9 un programme audacieux et plein d\u2019esprit, \u00e0 l\u2019instar de leurs personnalit\u00e9s attachantes.<\/p>\n<h3>Le 28 mars, 19 h 30, Palais Montcalm &#8211; <a href=\"https:\/\/www.clubmusicaldequebec.com\/cmq\/index.php\/programmation\/saison-2022-2023\/jean-guihen-queyras-alexandre-tharaud\" target=\"_blank\" rel=\"noopener\">D\u00c9TAILS ET BILLETS<\/a><\/h3>\n<h3>Le 1er mars, 20 h, Salle Bourgie &#8211; <a href=\"https:\/\/www.mbam.qc.ca\/fr\/activites\/jean-guihen-queyras-violoncelle-alexandre-tharaud-piano-1\/\" target=\"_blank\" rel=\"noopener\">D\u00c9TAILS ET BILLETS<\/a><\/h3>\n<p>&nbsp;<\/p>\n<figure id=\"attachment_74372\" aria-describedby=\"caption-attachment-74372\" style=\"width: 1200px\" class=\"wp-caption alignnone\"><img decoding=\"async\" loading=\"lazy\" class=\"size-full wp-image-74372\" src=\"https:\/\/www.ludwig-van.com\/montreal\/wp-content\/uploads\/sites\/3\/2022\/12\/Rafael-Payare-1200.jpg\" alt=\"Rafael Payare dirigeant l'OSM, 7 d\u00e9cembre 2022 (Photo: Antoine Saito)\" width=\"1200\" height=\"800\" \/><figcaption id=\"caption-attachment-74372\" class=\"wp-caption-text\">Rafael Payare dirigeant l&rsquo;OSM, 7 d\u00e9cembre 2022 (Photo: Antoine Saito)<\/figcaption><\/figure>\n<h3>Une vie de h\u00e9ros \u00e0 l&rsquo;OSM<\/h3>\n<div class=\"margin-bottom-broad\">\n<div class=\"Bloc-de-texte-standard\">\n<div class=\"Bloc-de-texte-standard\">\n<div class=\"Bloc-de-texte-standard\">\n<p>Empreints de noblesse et de s\u00e9r\u00e9nit\u00e9, les <em>R\u00fcckert-Lieder<\/em> de Mahler mettront en valeur la voix exceptionnelle de la soprano bulgare <strong>Sonya Yoncheva<\/strong>. Ce concert pr\u00e9sentera \u00e9galement le majestueux po\u00e8me symphonique <em>Une vie de h\u00e9ros<\/em> de Richard Strauss \u00e0 travers lequel on peut percevoir la vie du compositeur lui-m\u00eame. \u00c0 d\u00e9couvrir, l\u2019<em>Heroische Ouvert\u00fcre<\/em> de Johanna M\u00fcller-Hermann, jou\u00e9e pour la premi\u00e8re fois par l\u2019OSM.\u00a0Concert sous la direction de <strong>Rafael Payare.\u00a0<\/strong><\/p>\n<h3>Le 28 mars, 19h30; le 30 mars, 19h30; le Maison symphonique. <a href=\"https:\/\/www.osm.ca\/fr\/concerts\/rafael-payare-dirige-une-vie-de-heros\/\" target=\"_blank\" rel=\"noopener\">D\u00c9TAILS ET BILLETS<\/a><\/h3>\n<\/div>\n<\/div>\n<\/div>\n<\/div>\n<p>&nbsp;<\/p>\n<figure id=\"attachment_72426\" aria-describedby=\"caption-attachment-72426\" style=\"width: 1200px\" class=\"wp-caption alignnone\"><img decoding=\"async\" loading=\"lazy\" class=\"size-full wp-image-72426\" src=\"https:\/\/www.ludwig-van.com\/montreal\/wp-content\/uploads\/sites\/3\/2022\/08\/Quatuor-Chiaroscuro.jpg\" alt=\"Le Quatuor Chiaroscuro (Photo: courtoisie)\" width=\"1200\" height=\"1200\" \/><figcaption id=\"caption-attachment-72426\" class=\"wp-caption-text\">Le Quatuor Chiaroscuro (Photo: courtoisie)<\/figcaption><\/figure>\n<h2>Quatuor Chiaroscuro<\/h2>\n<p>Acclam\u00e9 pour son \u00ab assurance et sa musicalit\u00e9 raffin\u00e9e \u00bb, ce quatuor \u00e0 cordes se d\u00e9marque par des interpr\u00e9tations \u00e0 la fois sensibles et historiquement document\u00e9es.<\/p>\n<div class=\"border-top-radius-dull margin-top-thin\">\n<div class=\"bg-color-main-reversed-fill-darker color-main-reversed-text border-radius-dull\">\n<div class=\"padding-thin\">\n<div class=\"flexbox align-items-center margin-left-minus-thinner\">INTERPR\u00c8TES<\/div>\n<\/div>\n<\/div>\n<\/div>\n<div class=\"margin-top-broad margin-top-broader-from-xs\">\n<div class=\"margin-bottom-broad\">\n<p class=\"text-short text-current-from-xs line-height-tight line-height-normal-from-xs\"><strong>Alina Ibragimova<\/strong>, violon<br \/>\n<strong>Pablo Hern\u00e1n Bened\u00ed<\/strong>, violon<br \/>\n<strong>Emilie H\u00f6rnlund<\/strong>, alto<br \/>\n<strong>Claire Thirion<\/strong>, violoncelle<\/p>\n<\/div>\n<h4 class=\"text-short text-current-from-xs line-height-tighter font-weight-bold border-bottom-solid border-slimmest border-color-main-stroke margin-bottom-thinner padding-bottom-thinnest\">PROGRAMME<\/h4>\n<div class=\"margin-bottom-broad\">\n<div class=\"Bloc-de-texte-standard\">\n<div class=\"Bloc-de-texte-standard\">\n<div class=\"Bloc-de-texte-standard\">\n<p class=\"text-short text-current-from-xs line-height-tight line-height-normal-from-xs\"><strong>SCHUBERT<\/strong>\u00a0Mouvement de Quatuor (\u00ab Quartettsatz \u00bb) en\u00a0<em>do<\/em>\u00a0mineur, D. 703<br \/>\n<strong>BEETHOVEN<\/strong>\u00a0Quatuor \u00e0 cordes n\u00b0\u00a011 en\u00a0<em>fa\u00a0<\/em>mineur, op. 95<br \/>\n<strong>MENDELSSOHN<\/strong>\u00a0Quatuor \u00e0 cordes n\u00b0\u00a02 en\u00a0<em>la\u00a0<\/em>mineur, op. 13<\/p>\n<h3>Le 29 mars, 19h30, Salle Bourgie <a href=\"https:\/\/www.mbam.qc.ca\/fr\/activites\/quatuor-chiaroscuro-1\/\" target=\"_blank\" rel=\"noopener\">D\u00c9TAILS ET BILLETS<\/a><\/h3>\n<\/div>\n<p>&nbsp;<\/p>\n<\/div>\n<\/div>\n<\/div>\n<figure id=\"attachment_74964\" aria-describedby=\"caption-attachment-74964\" style=\"width: 403px\" class=\"wp-caption aligncenter\"><img decoding=\"async\" loading=\"lazy\" class=\"wp-image-74964 size-full\" src=\"https:\/\/www.ludwig-van.com\/montreal\/wp-content\/uploads\/sites\/3\/2023\/01\/Chloe-Chabanole_Cameron-Crozman_Philip-Chiu.png\" alt=\"\" width=\"403\" height=\"236\" \/><figcaption id=\"caption-attachment-74964\" class=\"wp-caption-text\">Chloe Chabanole<br \/>Camern Crozman<br \/>Philip Chiu<\/figcaption><\/figure>\n<div class=\"margin-bottom-broad\">\n<div class=\"Bloc-de-texte-standard\">\n<h2>Sensibilit\u00e9s virtuoses aux JMC<\/h2>\n<\/div>\n<\/div>\n<p>Amis de longue date des JM Canada, le pianiste Philip Chiu et le violoncelliste Cameron Crozman ont invit\u00e9 la talentueuse violoniste Chlo\u00e9 Chabanole \u00e0 se joindre \u00e0 eux le temps d\u2019une tourn\u00e9e. Trio \u00e0 la synergie contagieuse et ancr\u00e9e dans une m\u00eame vision artistique, les artistes proposent un programme audacieux qui demande virtuosit\u00e9, nuance et aplomb et explore le trio pour piano sous toutes ses formes. On y d\u00e9couvre un Joseph Haydn noble et enjou\u00e9, un Johannes Brahms sombre et dramatique ainsi qu\u2019une Jennifer Higdon \u00e0 l\u2019expression \u00e9nergique !<\/p>\n<\/div>\n<h3>Le 30 mars, 19 h, salle Joseph-Rouleau <a href=\"https:\/\/www.jmcanada.ca\/fr\/concerts\/sensibilites-virtuoses\/\" target=\"_blank\" rel=\"noopener\">D\u00c9TAILS ET BILLETS<\/a><\/h3>\n<p>&nbsp;<\/p>\n<figure id=\"attachment_47990\" aria-describedby=\"caption-attachment-47990\" style=\"width: 700px\" class=\"wp-caption aligncenter\"><img decoding=\"async\" loading=\"lazy\" class=\"wp-image-47990 size-full\" src=\"https:\/\/www.ludwig-van.com\/montreal\/wp-content\/uploads\/sites\/3\/2017\/09\/OUM_AngeDestin_Rivest_UdeM_14oct17-1.jpg\" alt=\"Jean-Fran\u00e7ois Rivest\" width=\"700\" height=\"467\" srcset=\"https:\/\/www.ludwig-van.com\/montreal\/wp-content\/uploads\/sites\/3\/2017\/09\/OUM_AngeDestin_Rivest_UdeM_14oct17-1.jpg 700w, https:\/\/www.ludwig-van.com\/montreal\/wp-content\/uploads\/sites\/3\/2017\/09\/OUM_AngeDestin_Rivest_UdeM_14oct17-1-300x200.jpg 300w\" sizes=\"(max-width: 700px) 100vw, 700px\" \/><figcaption id=\"caption-attachment-47990\" class=\"wp-caption-text\">Jean-Fran\u00e7ois Rivest (Photo courtoisie)<\/figcaption><\/figure>\n<h3>Le Sacre du printemps \u00e0 l&rsquo;Orchestre de l&rsquo;Universit\u00e9 de Montr\u00e9al<\/h3>\n<p>Le sacre du printemps de Stravinsky d\u00e9clencha, \u00e0 sa cr\u00e9ation, l\u2019un de plus grands scandales de l\u2019histoire de la musique. Dot\u00e9e d\u2019une incomparable puissance rythmique, lib\u00e9rant une farouche \u00e9nergie, l\u2019\u0153uvre a apport\u00e9 du sang neuf au langage musical du d\u00e9but du 20e si\u00e8cle en op\u00e9rant une franche rupture avec la tradition symphonique.<\/p>\n<p>Les subtilit\u00e9s harmoniques et les recherches formelles men\u00e9es par Sibelius dans sa Cinqui\u00e8me symphonie font de cette \u0153uvre dense et puissante l\u2019une des symphonies les plus appr\u00e9ci\u00e9es du compositeur. Sous la direction de Jean-Fran\u00e7ois Rivest.<\/p>\n<h3>Le 1er avril, 19h30, salle Claude-Champagne &#8211; <a href=\"https:\/\/musiqueumontreal.tuxedobillet.com\/main\/loum-et-le-sacre-du-printemps\" target=\"_blank\" rel=\"noopener\">D\u00c9TAILS ET BILLETS<\/a><\/h3>\n<p>&nbsp;<\/p>\n<figure id=\"attachment_74641\" aria-describedby=\"caption-attachment-74641\" style=\"width: 1828px\" class=\"wp-caption alignnone\"><img decoding=\"async\" loading=\"lazy\" class=\"size-full wp-image-74641\" src=\"https:\/\/www.ludwig-van.com\/montreal\/wp-content\/uploads\/sites\/3\/2023\/01\/Pelleteur-de-nuages.jpg\" alt=\"Illustration de Jos\u00e9e Bisaillon, tir\u00e9e de l'album Le pelleteur de nuages, La courte \u00e9chelle.\" width=\"1828\" height=\"640\" \/><figcaption id=\"caption-attachment-74641\" class=\"wp-caption-text\">Illustration de Jos\u00e9e Bisaillon, tir\u00e9e de l&rsquo;album Le pelleteur de nuages, La courte \u00e9chelle.<\/figcaption><\/figure>\n<h3>Le Pelleteur de nuages<\/h3>\n<p><strong>L\u2019Orchestre M\u00e9tropolitain<\/strong> pr\u00e9sente une adaptation symphonique de l\u2019album jeunesse <em>Le pelleteur de nuages<\/em> de <strong>Simon Boulerice<\/strong>, un r\u00e9cit magnifique et immens\u00e9ment po\u00e9tique relatant l\u2019histoire du jeune Elliot, un petit gar\u00e7on \u00e0 l\u2019imagination d\u00e9bordante atteint de vitiligo. Paru \u00e0 La courte \u00e9chelle en 2018, ce livre illustr\u00e9 par Jos\u00e9e Bisaillon aborde les th\u00e8mes de la diff\u00e9rence, la diversit\u00e9, la stigmatisation, l\u2019inclusion et l\u2019estime de soi.<\/p>\n<p>Sous la baguette de la cheffe <strong>Genevi\u00e8ve Leclair<\/strong>, la musique fait avancer l\u2019histoire tout en nous faisant d\u00e9couvrir les personnages : Elliot, son p\u00e8re et sa m\u00e8re. Les trois parties de l\u2019album sont entrecoup\u00e9es d\u2019interludes musicaux de jeunes solistes, laur\u00e9ats du Concours OMNI 2021, accompagn\u00e9s par les musiciennes et musiciens de l\u2019orchestre.<\/p>\n<h3>Le 2 avril, 15 h, Maison symphonique &#8211; <a href=\"https:\/\/orchestremetropolitain.com\/fr\/concerts\/le-pelleteur-de-nuages\/?show_date_id=2401\" target=\"_blank\" rel=\"noopener\">D\u00c9TAILS ET BILLETS<\/a><\/h3>\n<p>&nbsp;<\/p>\n<figure id=\"attachment_75229\" aria-describedby=\"caption-attachment-75229\" style=\"width: 640px\" class=\"wp-caption aligncenter\"><img decoding=\"async\" loading=\"lazy\" class=\"wp-image-75229 size-full\" src=\"https:\/\/www.ludwig-van.com\/montreal\/wp-content\/uploads\/sites\/3\/2023\/02\/Quatuor-Cobalt-IV.png\" alt=\"Quatuor Cobalt IV (Photo: courtoisie)\" width=\"640\" height=\"360\" \/><figcaption id=\"caption-attachment-75229\" class=\"wp-caption-text\">Quatuor Cobalt IV (Photo: courtoisie)<\/figcaption><\/figure>\n<h3>Chapelle historique du Bon-Pasteur: Quatuor Cobalt<\/h3>\n<p>4e concert du Quatuor Cobalt dans le cadre de leur r\u00e9sidence \u00e0 la Chapelle<\/p>\n<p>Description<br \/>\nGuillaume Villeneuve, violon<br \/>\nDiane Bayard, violon<br \/>\nCl\u00e9ment Bufferne, alto<br \/>\nFran\u00e7ois Leclerc, violoncelle<\/p>\n<p>Programme:<\/p>\n<p>Influenc\u00e9s \u2013 Concert de restitution de la recherche du Quatuor men\u00e9 sur les quatuors r\u00e9volutionnaires fran\u00e7ais<\/p>\n<h3>Le 2 avril, 15 h, Chapelle historique du Bon-Pasteur &#8211; <a href=\"https:\/\/lepointdevente.com\/billets\/dwv230402001\" target=\"_blank\" rel=\"noopener\">D\u00c9TAILS ET BILLETS<\/a><\/h3>\n<p>&nbsp;<\/p>\n<p style=\"text-align: center;\"><img decoding=\"async\" loading=\"lazy\" class=\"alignnone wp-image-74745\" src=\"https:\/\/www.ludwig-van.com\/montreal\/wp-content\/uploads\/sites\/3\/2023\/01\/logo_phoebus.png\" alt=\"\" width=\"800\" height=\"326\" \/><\/p>\n<h2><em>Vespergesang<\/em> de Mendelssohn<\/h2>\n<p>Souvent identifi\u00e9 comme l\u2019instrument le plus pr\u00e8s de la voix humaine, le violoncelle s\u2019entrem\u00eale donc tout naturellement aux voix et ce, bien que le r\u00e9pertoire pour cette combinaison soit plut\u00f4t rare. Des compositeurs anciens l\u2019avaient compris, mariant d\u2019abord la viole de gambe et la voix. Mendelssohn, avec son \u0153uvre trop peu chant\u00e9e <em>Verspergesang<\/em> opus 121, reprend ainsi, dans une facture d\u2019allure ancienne ce qui avait \u00e9t\u00e9 imagin\u00e9 des si\u00e8cles plus t\u00f4t. Ce r\u00e9cital de l&rsquo;ensemble Phoebus am\u00e8ne \u00e0 entendre un mariage d\u2019instruments inhabituel mais heureux qui s\u00e9duira \u00e0 coup s\u00fbr. Une pr\u00e9sentation de la Soci\u00e9t\u00e9 chorale du Plateau Mont-Royal.<\/p>\n<h3>Le 2 avril, 19 h 30, Chapelle Notre-Dame de Bon-Secours <a href=\"https:\/\/www.zeffy.com\/fr-CA\/ticketing\/1e9a8039-29f6-41d1-a607-39f2146fd866\" target=\"_blank\" rel=\"noopener\">D\u00c9TAILS ET BILLETS<\/a><\/h3>\n<h2><em>Inscrivez-vous \u00e0 notre infolettre! La musique classique et l&rsquo;op\u00e9ra en 5 minutes, chaque jour<\/em> \u00a0<span style=\"color: #ff0000;\"><a style=\"color: #ff0000;\" href=\"https:\/\/ludwig-van.us9.list-manage.com\/subscribe?u=4f785cb3f9058f2393ccad035&amp;id=b9b160c032\" target=\"_blank\" rel=\"noopener noreferrer\">ICI\u00a0<\/a><\/span><\/h2>\n<p>&nbsp;<\/p>\n","protected":false},"excerpt":{"rendered":"<p>Le printemps commence \u00e0 se montrer le bout du nez, et il sera plus tentant de sortir! Pourquoi pas un tour en ville pour un concert de musique classique? Voici nos Choix de la r\u00e9daction du 27 mars du 2 avril 2023.\u00a0<\/p>\n","protected":false},"author":1,"featured_media":75639,"comment_status":"open","ping_status":"open","sticky":false,"template":"","format":"standard","meta":{"om_disable_all_campaigns":false,"jetpack_post_was_ever_published":false},"categories":[42065,10956,10994],"tags":[42066,10985,35505,21771,4485,11137],"yst_prominent_words":[30216,31965,9792,23355,26052,26053,30205,30200,30215,10015,21568,31964,26054,12689],"acf":[],"jetpack_featured_media_url":"https:\/\/www.ludwig-van.com\/montreal\/wp-content\/uploads\/sites\/3\/2023\/03\/Copie-de-CONCERTS-73.jpg","jetpack_sharing_enabled":true,"jetpack_shortlink":"https:\/\/wp.me\/p9bdYt-jFU","amp_enabled":true,"_links":{"self":[{"href":"https:\/\/www.ludwig-van.com\/montreal\/wp-json\/wp\/v2\/posts\/75634"}],"collection":[{"href":"https:\/\/www.ludwig-van.com\/montreal\/wp-json\/wp\/v2\/posts"}],"about":[{"href":"https:\/\/www.ludwig-van.com\/montreal\/wp-json\/wp\/v2\/types\/post"}],"author":[{"embeddable":true,"href":"https:\/\/www.ludwig-van.com\/montreal\/wp-json\/wp\/v2\/users\/1"}],"replies":[{"embeddable":true,"href":"https:\/\/www.ludwig-van.com\/montreal\/wp-json\/wp\/v2\/comments?post=75634"}],"version-history":[{"count":16,"href":"https:\/\/www.ludwig-van.com\/montreal\/wp-json\/wp\/v2\/posts\/75634\/revisions"}],"predecessor-version":[{"id":75685,"href":"https:\/\/www.ludwig-van.com\/montreal\/wp-json\/wp\/v2\/posts\/75634\/revisions\/75685"}],"wp:featuredmedia":[{"embeddable":true,"href":"https:\/\/www.ludwig-van.com\/montreal\/wp-json\/wp\/v2\/media\/75639"}],"wp:attachment":[{"href":"https:\/\/www.ludwig-van.com\/montreal\/wp-json\/wp\/v2\/media?parent=75634"}],"wp:term":[{"taxonomy":"category","embeddable":true,"href":"https:\/\/www.ludwig-van.com\/montreal\/wp-json\/wp\/v2\/categories?post=75634"},{"taxonomy":"post_tag","embeddable":true,"href":"https:\/\/www.ludwig-van.com\/montreal\/wp-json\/wp\/v2\/tags?post=75634"},{"taxonomy":"yst_prominent_words","embeddable":true,"href":"https:\/\/www.ludwig-van.com\/montreal\/wp-json\/wp\/v2\/yst_prominent_words?post=75634"}],"curies":[{"name":"wp","href":"https:\/\/api.w.org\/{rel}","templated":true}]}}