{"id":75611,"date":"2023-03-21T15:34:24","date_gmt":"2023-03-21T19:34:24","guid":{"rendered":"https:\/\/www.ludwig-van.com\/montreal\/?p=75611"},"modified":"2023-03-21T15:34:24","modified_gmt":"2023-03-21T19:34:24","slug":"communaute-sinfonia-de-montreal-bruckner-et-mendelssohn","status":"publish","type":"post","link":"https:\/\/www.ludwig-van.com\/montreal\/2023\/03\/21\/communaute-sinfonia-de-montreal-bruckner-et-mendelssohn\/","title":{"rendered":"COMMUNAUT\u00c9 | Sinfonia de Montr\u00e9al : Bruckner et Mendelssohn"},"content":{"rendered":"<figure id=\"attachment_75612\" aria-describedby=\"caption-attachment-75612\" style=\"width: 1200px\" class=\"wp-caption alignnone\"><img decoding=\"async\" loading=\"lazy\" class=\"size-full wp-image-75612\" src=\"https:\/\/www.ludwig-van.com\/montreal\/wp-content\/uploads\/sites\/3\/2023\/03\/Copie-de-CRITIQUE-20.jpg\" alt=\"Louis Lavigueur, chef d'orchestre et directeur artistique. (Photo: courtoisie)\" width=\"1200\" height=\"628\" \/><figcaption id=\"caption-attachment-75612\" class=\"wp-caption-text\">Louis Lavigueur, chef d&rsquo;orchestre et directeur artistique. (Photo: courtoisie)<\/figcaption><\/figure>\n<h1 style=\"text-align: center;\"><del>Un message de Sinfonia de Montr\u00e9al<\/del><\/h1>\n<p>&nbsp;<\/p>\n<p><strong>Montr\u00e9al, 21 mars 2023 &#8211;<\/strong> C\u2019est avec des extraits de la musique compos\u00e9e par Mendelssohn pour <em>Le Songe d\u2019une nuit d\u2019\u00e9t\u00e9<\/em> que <strong>Sinfonia de Montr\u00e9al<\/strong> poursuit sa saison sur le th\u00e8me des arts en version symphonique.<\/p>\n<p>Ce chef-d\u2019\u0153uvre de William Shakespeare r\u00e9unit les th\u00e9matiques ch\u00e8res aux Romantiques : la nuit, une for\u00eat magique, des cr\u00e9atures fantastiques. Quand Mendelssohn compose la c\u00e9l\u00e8bre <em>Ouverture pour le Songe d\u2019une nuit d\u2019\u00e9t\u00e9, <\/em>c\u2019est un triomphe : Nul autre musicien n\u2019a su saisir comme lui l\u2019essence de cette litt\u00e9rature. Quinze ans plus tard, il livre la musique de sc\u00e8ne au complet, dont la c\u00e9l\u00e8bre <em>Marche nuptiale.\u00a0<\/em><\/p>\n<p>Pour compl\u00e9ter ce programme, la <em>Symphonie n. 4<\/em> de Bruckner, avec une orchestration wagn\u00e9rienne impressionnante, fait d\u00e9couvrir la plus romantique de ses symphonies.<\/p>\n<p>Deux compositions aux orchestrations et sensibilit\u00e9s diff\u00e9rentes qui illustrent les formes musicales romantiques de ce 19<sup>i\u00e8me<\/sup> si\u00e8cle bouillonnant.<\/p>\n<h3><strong>Samedi 25 mars 2023, 19h30, salle Claude Champagne &#8211; <\/strong><a href=\"https:\/\/www.sinfoniamtl.com\/\"><strong>D\u00e9tails et billets<\/strong><\/a><\/h3>\n<p><em>Ce communiqu\u00e9 de presse est publi\u00e9 dans le cadre de nos services aux membres de Ludwig van Montr\u00e9al. Pour savoir comment devenir membre, \u00e9crivez-nous \u00e0 <a href=\"mailto:caroline@ludwig-van.com\">caroline@ludwig-van.com\u00a0<\/a><\/em><\/p>\n<h2><em>Inscrivez-vous \u00e0 notre infolettre! La musique classique et l&rsquo;op\u00e9ra en 5 minutes, chaque jour<\/em> \u00a0<span style=\"color: #ff0000;\"><a style=\"color: #ff0000;\" href=\"https:\/\/ludwig-van.us9.list-manage.com\/subscribe?u=4f785cb3f9058f2393ccad035&amp;id=b9b160c032\" target=\"_blank\" rel=\"noopener noreferrer\">ICI\u00a0<\/a><\/span><\/h2>\n<p>&nbsp;<\/p>\n","protected":false},"excerpt":{"rendered":"<p>C\u2019est avec des extraits de la musique compos\u00e9e par Mendelssohn pour Le Songe d\u2019une nuit d\u2019\u00e9t\u00e9 que Sinfonia de Montr\u00e9al poursuit sa saison sur le th\u00e8me des arts en version symphonique.<\/p>\n","protected":false},"author":1,"featured_media":75612,"comment_status":"open","ping_status":"open","sticky":false,"template":"","format":"standard","meta":{"om_disable_all_campaigns":false,"jetpack_post_was_ever_published":false},"categories":[42065,10956,13504],"tags":[42066,36977],"yst_prominent_words":[38977,9842,16086,32617,16404,7656,7694,9811,16104,17258,8687,16942,19240,19231,17257],"acf":[],"jetpack_featured_media_url":"https:\/\/www.ludwig-van.com\/montreal\/wp-content\/uploads\/sites\/3\/2023\/03\/Copie-de-CRITIQUE-20.jpg","jetpack_sharing_enabled":true,"jetpack_shortlink":"https:\/\/wp.me\/p9bdYt-jFx","amp_enabled":true,"_links":{"self":[{"href":"https:\/\/www.ludwig-van.com\/montreal\/wp-json\/wp\/v2\/posts\/75611"}],"collection":[{"href":"https:\/\/www.ludwig-van.com\/montreal\/wp-json\/wp\/v2\/posts"}],"about":[{"href":"https:\/\/www.ludwig-van.com\/montreal\/wp-json\/wp\/v2\/types\/post"}],"author":[{"embeddable":true,"href":"https:\/\/www.ludwig-van.com\/montreal\/wp-json\/wp\/v2\/users\/1"}],"replies":[{"embeddable":true,"href":"https:\/\/www.ludwig-van.com\/montreal\/wp-json\/wp\/v2\/comments?post=75611"}],"version-history":[{"count":2,"href":"https:\/\/www.ludwig-van.com\/montreal\/wp-json\/wp\/v2\/posts\/75611\/revisions"}],"predecessor-version":[{"id":75614,"href":"https:\/\/www.ludwig-van.com\/montreal\/wp-json\/wp\/v2\/posts\/75611\/revisions\/75614"}],"wp:featuredmedia":[{"embeddable":true,"href":"https:\/\/www.ludwig-van.com\/montreal\/wp-json\/wp\/v2\/media\/75612"}],"wp:attachment":[{"href":"https:\/\/www.ludwig-van.com\/montreal\/wp-json\/wp\/v2\/media?parent=75611"}],"wp:term":[{"taxonomy":"category","embeddable":true,"href":"https:\/\/www.ludwig-van.com\/montreal\/wp-json\/wp\/v2\/categories?post=75611"},{"taxonomy":"post_tag","embeddable":true,"href":"https:\/\/www.ludwig-van.com\/montreal\/wp-json\/wp\/v2\/tags?post=75611"},{"taxonomy":"yst_prominent_words","embeddable":true,"href":"https:\/\/www.ludwig-van.com\/montreal\/wp-json\/wp\/v2\/yst_prominent_words?post=75611"}],"curies":[{"name":"wp","href":"https:\/\/api.w.org\/{rel}","templated":true}]}}