{"id":75601,"date":"2023-03-20T10:26:26","date_gmt":"2023-03-20T14:26:26","guid":{"rendered":"https:\/\/www.ludwig-van.com\/montreal\/?p=75601"},"modified":"2023-03-22T08:21:57","modified_gmt":"2023-03-22T12:21:57","slug":"choix-de-la-redaction-les-principaux-concerts-classiques-a-montreal-du-20-au-26-mars-2023","status":"publish","type":"post","link":"https:\/\/www.ludwig-van.com\/montreal\/2023\/03\/20\/choix-de-la-redaction-les-principaux-concerts-classiques-a-montreal-du-20-au-26-mars-2023\/","title":{"rendered":"CHOIX DE LA R\u00c9DACTION | Les principaux concerts classiques \u00e0 Montr\u00e9al du 20 au 26 mars 2023"},"content":{"rendered":"<p style=\"text-align: center;\"><img decoding=\"async\" loading=\"lazy\" class=\"alignnone size-full wp-image-75605\" src=\"https:\/\/www.ludwig-van.com\/montreal\/wp-content\/uploads\/sites\/3\/2023\/03\/Copie-de-CONCERTS-71.jpg\" alt=\"\" width=\"1200\" height=\"628\" \/><\/p>\n<h3><span style=\"color: #808080;\">L&rsquo;\u00e9v\u00e9nement marquant de cette semaine musicale est sans contredit le concert final de l&rsquo;int\u00e9grale des Cantates de Bach de la salle Bourgie, une grande aventure qui a dur\u00e9 plus de huit ans! \u00c0 la Maison symphonique, Jean-Marie Zeitouni dirige l&rsquo;Orchestre symphonique du Conservatoire. Voici nos Choix de la r\u00e9daction du 20 au 26 mars 2023.\u00a0<\/span><\/h3>\n<p>&nbsp;<\/p>\n<figure id=\"attachment_74967\" aria-describedby=\"caption-attachment-74967\" style=\"width: 600px\" class=\"wp-caption aligncenter\"><img decoding=\"async\" loading=\"lazy\" class=\"size-full wp-image-74967\" src=\"https:\/\/www.ludwig-van.com\/montreal\/wp-content\/uploads\/sites\/3\/2022\/08\/Justin-Taylor-1.jpg\" alt=\"Justin Taylor, claveciniste (Photo: courtoisie de Clavecin en concert)\" width=\"600\" height=\"314\" \/><figcaption id=\"caption-attachment-74967\" class=\"wp-caption-text\">Justin Taylor, claveciniste (Photo: courtoisie de Clavecin en concert)<\/figcaption><\/figure>\n<h3>Clavecin en concert: Bach et l&rsquo;Italie<\/h3>\n<p>\u00c0 l\u2019occasion de la Journ\u00e9e de la musique ancienne et pour c\u00e9l\u00e9brer l\u2019anniversaire de Bach \u2013 n\u00e9 un 21 mars \u2013, le jeune claveciniste fran\u00e7ais <strong>Justin Taylor<\/strong>, assur\u00e9ment une \u00e9toile montante, nous fait d\u00e9couvrir avec panache les plus belles pages de ce r\u00e9pertoire.<\/p>\n<h3>Le 21 mars, 19 h 30, Salle Bourgie. <a href=\"https:\/\/www.mbam.qc.ca\/fr\/activites\/justin-taylor-clavecin---bach-en-italie-1\/\" target=\"_blank\" rel=\"noopener\">D\u00c9TAILS ET BILLETS<\/a><\/h3>\n<p>&nbsp;<\/p>\n<figure id=\"attachment_72437\" aria-describedby=\"caption-attachment-72437\" style=\"width: 831px\" class=\"wp-caption alignnone\"><img decoding=\"async\" loading=\"lazy\" class=\"size-full wp-image-72437\" src=\"https:\/\/www.ludwig-van.com\/montreal\/wp-content\/uploads\/sites\/3\/2022\/08\/Celimene-Daudet.jpg\" alt=\"\" width=\"831\" height=\"758\" \/><figcaption id=\"caption-attachment-72437\" class=\"wp-caption-text\">C\u00e9lim\u00e8ne Daudet (Photo: courtoisie)<\/figcaption><\/figure>\n<h3>C\u00e9lim\u00e8ne Daudet: Ha\u00efti, mon amour<\/h3>\n<p>La pianiste franco-ha\u00eftienne propose un programme au m\u00e9tissage\u00a0culturel f\u00e9cond qui associe\u00a0des \u0153uvres du r\u00e9pertoire classique europ\u00e9en, dont quatre pr\u00e9ludes de Debussy ainsi que\u00a0<em>Deux Po\u00e8mes<\/em>\u00a0et\u00a0<em>Vers la flamme<\/em>\u00a0de\u00a0Scriabine, avec celles\u00a0de compositeurs ha\u00eftiens du d\u00e9but du 20<sup>e<\/sup> si\u00e8cle.<\/p>\n<h3>Le 22 mars, 19 h 30, Salle Bourgie. <a href=\"https:\/\/www.mbam.qc.ca\/fr\/activites\/celimene-daudet-piano---haiti-mon-amour-1\/\" target=\"_blank\" rel=\"noopener\">D\u00c9TAILS ET BILLETS<\/a><\/h3>\n<h3><\/h3>\n<figure id=\"attachment_74519\" aria-describedby=\"caption-attachment-74519\" style=\"width: 1200px\" class=\"wp-caption alignnone\"><img decoding=\"async\" loading=\"lazy\" class=\"size-full wp-image-74519\" src=\"https:\/\/www.ludwig-van.com\/montreal\/wp-content\/uploads\/sites\/3\/2022\/12\/Allegra2.jpg\" alt=\"\" width=\"1200\" height=\"800\" \/><figcaption id=\"caption-attachment-74519\" class=\"wp-caption-text\">Allegra<\/figcaption><\/figure>\n<h3>Musique de chambre Allegra<\/h3>\n<p>R\u00e9cital gratuit d&rsquo;\u0153uvres de Gerald Finzi, Schumann, Ravel et Brahms.<\/p>\n<h3>Le 22 mars, 19h30, salle Redpath. <a href=\"https:\/\/www.allegrachambermusic.com\/20222023-season\" target=\"_blank\" rel=\"noopener\">D\u00c9TAILS<\/a><\/h3>\n<p>&nbsp;<\/p>\n<figure id=\"attachment_52933\" aria-describedby=\"caption-attachment-52933\" style=\"width: 640px\" class=\"wp-caption aligncenter\"><img decoding=\"async\" loading=\"lazy\" class=\"wp-image-52933 size-large\" src=\"https:\/\/www.ludwig-van.com\/montreal\/wp-content\/uploads\/sites\/3\/2018\/03\/JeanMarieZeitouni_JMZ_A_noir-819x1024.jpg\" alt=\"Jean-Marie Zeitouni. (Photo: courtoisie d'I Musici)\" width=\"640\" height=\"800\" srcset=\"https:\/\/www.ludwig-van.com\/montreal\/wp-content\/uploads\/sites\/3\/2018\/03\/JeanMarieZeitouni_JMZ_A_noir-819x1024.jpg 819w, https:\/\/www.ludwig-van.com\/montreal\/wp-content\/uploads\/sites\/3\/2018\/03\/JeanMarieZeitouni_JMZ_A_noir-240x300.jpg 240w, https:\/\/www.ludwig-van.com\/montreal\/wp-content\/uploads\/sites\/3\/2018\/03\/JeanMarieZeitouni_JMZ_A_noir-768x960.jpg 768w, https:\/\/www.ludwig-van.com\/montreal\/wp-content\/uploads\/sites\/3\/2018\/03\/JeanMarieZeitouni_JMZ_A_noir.jpg 1024w\" sizes=\"(max-width: 640px) 100vw, 640px\" \/><figcaption id=\"caption-attachment-52933\" class=\"wp-caption-text\">Jean-Marie Zeitouni. (Photo: courtoisie d&rsquo;I Musici)<\/figcaption><\/figure>\n<h3>Symphonie avec orgue de Saint-Sa\u00ebns.<\/h3>\n<p>L\u2019Orchestre symphonique du <strong>Conservatoire de musique de Montr\u00e9al<\/strong> pr\u00e9sente la Symphonie avec orgue de Camille Saint-Sa\u00ebns sous la direction de <strong>Jean-Marie Zeitouni.<\/strong> \u00c0 l&rsquo;orgue: <strong>Jean-Willy Kunz.\u00a0<\/strong><\/p>\n<p>Jacques H\u00e9tu, L\u00e9gendes, op. 76<br \/>\nSergue\u00ef Rachmaninov, Rhapsodie sur un th\u00e8me de Paganini, op. 43<br \/>\nCamille Saint-Sa\u00ebns, Symphonie no 3 en ut mineur op. 78, \u00ab Symphonie avec orgue \u00bb<\/p>\n<h3>Le 24 mars, 19h00, Maison symphonique. <a href=\"https:\/\/placedesarts.com\/fr\/evenement\/symphonie-orgue-conservatoire-musique-montreal\" target=\"_blank\" rel=\"noopener\">D\u00c9TAILS ET BILLETS<\/a><\/h3>\n<p>&nbsp;<\/p>\n<p style=\"text-align: center;\"><img decoding=\"async\" loading=\"lazy\" class=\"alignnone size-full wp-image-75604\" src=\"https:\/\/www.ludwig-van.com\/montreal\/wp-content\/uploads\/sites\/3\/2023\/03\/Sinfonia_Ludwig_590x300-Concert25mars_v2.jpg\" alt=\"\" width=\"1181\" height=\"601\" \/><\/p>\n<h3>Bruckner et Mendelssohn<\/h3>\n<p>La Sinfonia de Montr\u00e9al vous propose une s\u00e9rie de concerts D\u00e9couvertes Symphoniques au cours de laquelle vous pourrez venir \u00e9couter des \u0153uvres rarement jou\u00e9es, mais qui ont tout autant marqu\u00e9 leur histoire. Profitez de ces concerts pour vous laisser surprendre par ces tr\u00e9sors m\u00e9connus sous la direction de Louis Lavigueur.\u00a0 Avec la musique de sc\u00e8ne compos\u00e9e pour le chef d\u2019\u0153uvre de W. Shakespeare et la Symphonie dite \u00abromantique\u00bb de Bruckner, ce concert vous offre deux grandes \u0153uvres de ces compositeurs.<\/p>\n<h3>Le 25 mars, 19 h 30, salle Claude-Champagne<a href=\"https:\/\/www.sinfoniamtl.com\/saison-2022-2023\" target=\"_blank\" rel=\"noopener\"> D\u00c9TAILS ET BILLETS<\/a><\/h3>\n<p>&nbsp;<\/p>\n<figure id=\"attachment_66320\" aria-describedby=\"caption-attachment-66320\" style=\"width: 1200px\" class=\"wp-caption alignnone\"><img decoding=\"async\" loading=\"lazy\" class=\"size-full wp-image-66320\" src=\"https:\/\/www.ludwig-van.com\/montreal\/wp-content\/uploads\/sites\/3\/2021\/03\/Yannick-chemise-Antoine-Saito.jpg\" alt=\"\" width=\"1200\" height=\"800\" \/><figcaption id=\"caption-attachment-66320\" class=\"wp-caption-text\">Yannick N\u00e9zet-S\u00e9guin, 27 mars 2021. (Photo: Antoine Saito)<\/figcaption><\/figure>\n<h3>Int\u00e9grale des Cantates de Bach: dernier concert<\/h3>\n<p>Pour cet ultime concert de l\u2019int\u00e9grale des cantates de Bach de la Salle Bourgie, joignez votre voix au ch\u0153ur pour le dernier morceau de la cantate BWV 147, l\u2019intemporel \u00ab Jesus bleibet meine Freude \u00bb, sous la direction de Yannick N\u00e9zet-S\u00e9guin.<\/p>\n<h3>Le 26 mars, 14h30 et 19h30, Salle Bourgie <a href=\"https:\/\/www.mbam.qc.ca\/fr\/activites\/yannick-nezet-seguin-et-les-musiciens-de-lorchestre-metropolitain---integrale-des-cantates-de-j-s-bach---an-8---2-concerts-1\/\" target=\"_blank\" rel=\"noopener\">D\u00c9TAILS ET BILLETS<\/a><\/h3>\n<p>&nbsp;<\/p>\n<figure id=\"attachment_54394\" aria-describedby=\"caption-attachment-54394\" style=\"width: 700px\" class=\"wp-caption aligncenter\"><img decoding=\"async\" loading=\"lazy\" class=\"wp-image-54394 size-full\" src=\"https:\/\/www.ludwig-van.com\/montreal\/wp-content\/uploads\/sites\/3\/2018\/05\/Ilya-Poletaev-photo-Christian-Steiner.jpg\" alt=\"Ilya Poletaev (Photo: Christian Steiner)\" width=\"700\" height=\"500\" srcset=\"https:\/\/www.ludwig-van.com\/montreal\/wp-content\/uploads\/sites\/3\/2018\/05\/Ilya-Poletaev-photo-Christian-Steiner.jpg 700w, https:\/\/www.ludwig-van.com\/montreal\/wp-content\/uploads\/sites\/3\/2018\/05\/Ilya-Poletaev-photo-Christian-Steiner-300x214.jpg 300w\" sizes=\"(max-width: 700px) 100vw, 700px\" \/><figcaption id=\"caption-attachment-54394\" class=\"wp-caption-text\">Ilya Poletaev (Photo: Christian Steiner)<\/figcaption><\/figure>\n<h3>Ilya Poletaev, piano<\/h3>\n<p>Programme:<\/p>\n<p>Niels Gade: E minor sonata, opus 28 (dedicated to Liszt)<br \/>\nJohan Sibelius: Extraits de 10 pi\u00e8ces, opus 58<br \/>\nCarl Nielsen: Chaconne, opus 32<br \/>\nRobert Schumann: Sonate pour piano no 1 en fa di\u00e8se mineur, opus 11<\/p>\n<h3>Le 26 mars, 15 h, Chapelle historique du Bon-Pasteur <a href=\"https:\/\/lepointdevente.com\/billets\/dwv230326001?fbclid=IwAR2b_f1HxdRfUuPJ6erTCQAWM10WOFITGwQ7BN-mJWyAao-e8qpx3HaA1vE\" target=\"_blank\" rel=\"noopener\">D\u00c9TAILS ET BILLETS<\/a><\/h3>\n<p>&nbsp;<\/p>\n<figure id=\"attachment_71588\" aria-describedby=\"caption-attachment-71588\" style=\"width: 1200px\" class=\"wp-caption alignnone\"><img decoding=\"async\" loading=\"lazy\" class=\"size-full wp-image-71588\" src=\"https:\/\/www.ludwig-van.com\/montreal\/wp-content\/uploads\/sites\/3\/2022\/07\/Elias-String-Quartet@Kaupo-Kikkas.jpg\" alt=\"Elisa String Quartet. (Photo: Kaupo Kikkas)\" width=\"1200\" height=\"800\" \/><figcaption id=\"caption-attachment-71588\" class=\"wp-caption-text\">Elisa String Quartet. (Photo: Kaupo Kikkas)<\/figcaption><\/figure>\n<h3>LMMC: Elias String Quartet<\/h3>\n<p>Cr\u00e9\u00e9 en 1998 au Royal Northern College of Music de Manchester, le\u00a0<strong>Elias String Quartet<\/strong>\u00a0est form\u00e9 de Sara Bitlloch et Donald Grant au violon, de Simone van der Giessen \u00e0 l\u2019alto, et de Marie Bitlloch au violoncelle. Depuis sa fondation, le quatuor s\u2019est perfectionn\u00e9 au sein d\u2019institutions de renom telles que la Hochscule de Cologne, de m\u00eame qu\u2019en r\u00e9sidence au prestigieux programme de musique de chambre Music in the Round (Sheffield), de 2005 \u00e0 2009.<\/p>\n<h3>Le 26 mars, 15h30 <a href=\"https:\/\/www.lmmc.ca\/fr\/elias-string-quartet\" target=\"_blank\" rel=\"noopener\">D\u00c9TAILS ET BILLETS<\/a><\/h3>\n<p>&nbsp;<\/p>\n<figure id=\"attachment_73655\" aria-describedby=\"caption-attachment-73655\" style=\"width: 1200px\" class=\"wp-caption alignnone\"><img decoding=\"async\" loading=\"lazy\" class=\"size-full wp-image-73655\" src=\"https:\/\/www.ludwig-van.com\/montreal\/wp-content\/uploads\/sites\/3\/2022\/10\/Les-Petits-Violons-2022-redim.jpg\" alt=\"Les Petits Violons pr\u00e9sentent un concert en hommage \u00e0 Jean Cousineau. (Photo: courtoisie)\" width=\"1200\" height=\"814\" \/><figcaption id=\"caption-attachment-73655\" class=\"wp-caption-text\">Les Petits Violons. (Photo: Laurent Malo &#8211; Ariane Lamontagne)<\/figcaption><\/figure>\n<h3>Les Petits Violons: concert du printemps<\/h3>\n<p>Eug\u00e8ne Ysa\u00ffe<br \/>\nSonate pour deux violons en la mineur, Op. posth.<br \/>\nMarie-Claire Cousineau et Isabelle B\u00e9langer Southey, violons<\/p>\n<p>Jean-Marie Leclair \u2013 Orch. J. Cousineau<br \/>\nAllegro assai et presto<\/p>\n<p>Joseph Haydn<br \/>\nQuatuor en r\u00e9 majeur Op. 50 No. 6 Hob. III: 49, \u00ab La Grenouille \u00bb<\/p>\n<p><em>Entr\u00e9e libre, contribution volontaire<\/em><\/p>\n<h3>Le 26 mars, 16 h, \u00c9glise Saint-Pierre Ap\u00f4tre <a href=\"https:\/\/lespetitsviolons.com\/concerts\/\" target=\"_blank\" rel=\"noopener\">D\u00c9TAILS<\/a><\/h3>\n<p>&nbsp;<\/p>\n<h2><em>Inscrivez-vous \u00e0 notre infolettre! La musique classique et l&rsquo;op\u00e9ra en 5 minutes, chaque jour<\/em> \u00a0<span style=\"color: #ff0000;\"><a style=\"color: #ff0000;\" href=\"https:\/\/ludwig-van.us9.list-manage.com\/subscribe?u=4f785cb3f9058f2393ccad035&amp;id=b9b160c032\" target=\"_blank\" rel=\"noopener noreferrer\">ICI\u00a0<\/a><\/span><\/h2>\n","protected":false},"excerpt":{"rendered":"<p>L&rsquo;\u00e9v\u00e9nement marquant de cette semaine musicale est sans contredit le concert final de l&rsquo;int\u00e9grale des Cantates de Bach de la salle Bourgie, une grand aventure qui a dur\u00e9 plus de huit ans! \u00c0 la Maison symphonique, Jean-Marie Zeitouni dirige l&rsquo;Orchestre symphonique du Conservatoire. Voici nos Choix de la r\u00e9daction du 20 au 26 mars 2023.\u00a0<\/p>\n","protected":false},"author":1,"featured_media":75605,"comment_status":"open","ping_status":"open","sticky":false,"template":"","format":"standard","meta":{"om_disable_all_campaigns":false,"jetpack_post_was_ever_published":false},"categories":[42065,10956,10994],"tags":[42066,21652,19183,11137],"yst_prominent_words":[9863,13120,13117,33504,31965,15742,26052,13123,13119,33503,16833,18274,18272,19229,9956,21568,31964],"acf":[],"jetpack_featured_media_url":"https:\/\/www.ludwig-van.com\/montreal\/wp-content\/uploads\/sites\/3\/2023\/03\/Copie-de-CONCERTS-71.jpg","jetpack_sharing_enabled":true,"jetpack_shortlink":"https:\/\/wp.me\/p9bdYt-jFn","amp_enabled":true,"_links":{"self":[{"href":"https:\/\/www.ludwig-van.com\/montreal\/wp-json\/wp\/v2\/posts\/75601"}],"collection":[{"href":"https:\/\/www.ludwig-van.com\/montreal\/wp-json\/wp\/v2\/posts"}],"about":[{"href":"https:\/\/www.ludwig-van.com\/montreal\/wp-json\/wp\/v2\/types\/post"}],"author":[{"embeddable":true,"href":"https:\/\/www.ludwig-van.com\/montreal\/wp-json\/wp\/v2\/users\/1"}],"replies":[{"embeddable":true,"href":"https:\/\/www.ludwig-van.com\/montreal\/wp-json\/wp\/v2\/comments?post=75601"}],"version-history":[{"count":6,"href":"https:\/\/www.ludwig-van.com\/montreal\/wp-json\/wp\/v2\/posts\/75601\/revisions"}],"predecessor-version":[{"id":75616,"href":"https:\/\/www.ludwig-van.com\/montreal\/wp-json\/wp\/v2\/posts\/75601\/revisions\/75616"}],"wp:featuredmedia":[{"embeddable":true,"href":"https:\/\/www.ludwig-van.com\/montreal\/wp-json\/wp\/v2\/media\/75605"}],"wp:attachment":[{"href":"https:\/\/www.ludwig-van.com\/montreal\/wp-json\/wp\/v2\/media?parent=75601"}],"wp:term":[{"taxonomy":"category","embeddable":true,"href":"https:\/\/www.ludwig-van.com\/montreal\/wp-json\/wp\/v2\/categories?post=75601"},{"taxonomy":"post_tag","embeddable":true,"href":"https:\/\/www.ludwig-van.com\/montreal\/wp-json\/wp\/v2\/tags?post=75601"},{"taxonomy":"yst_prominent_words","embeddable":true,"href":"https:\/\/www.ludwig-van.com\/montreal\/wp-json\/wp\/v2\/yst_prominent_words?post=75601"}],"curies":[{"name":"wp","href":"https:\/\/api.w.org\/{rel}","templated":true}]}}