{"id":75579,"date":"2023-03-14T12:14:29","date_gmt":"2023-03-14T16:14:29","guid":{"rendered":"https:\/\/www.ludwig-van.com\/montreal\/?p=75579"},"modified":"2023-03-14T14:34:14","modified_gmt":"2023-03-14T18:34:14","slug":"communaute-orchestre-classique-montreal-vous-invite-au-concert-kaleidoscope","status":"publish","type":"post","link":"https:\/\/www.ludwig-van.com\/montreal\/2023\/03\/14\/communaute-orchestre-classique-montreal-vous-invite-au-concert-kaleidoscope\/","title":{"rendered":"COMMUNAUT\u00c9 | L&rsquo;Orchestre classique de Montr\u00e9al vous invite au concert Kal\u00e9idoscope"},"content":{"rendered":"<p>&nbsp;<\/p>\n<figure id=\"attachment_75582\" aria-describedby=\"caption-attachment-75582\" style=\"width: 1200px\" class=\"wp-caption alignnone\"><img decoding=\"async\" loading=\"lazy\" class=\"size-full wp-image-75582\" src=\"https:\/\/www.ludwig-van.com\/montreal\/wp-content\/uploads\/sites\/3\/2023\/03\/Copie-de-Copy-of-INTERVIEW-8.jpg\" alt=\"Marc Djokic, violon solo de l'OCM, et Sharon Azrieli, soprano. (Photos: fournies par l'OCM)\" width=\"1200\" height=\"628\" \/><figcaption id=\"caption-attachment-75582\" class=\"wp-caption-text\">Marc Djokic, violon solo de l&rsquo;OCM, et Sharon Azrieli, soprano. (Photos: fournies par l&rsquo;OCM)<\/figcaption><\/figure>\n<h1 style=\"text-align: center;\"><del>Un message de l&rsquo;Orchestre classique de Montr\u00e9al<\/del><\/h1>\n<p>&nbsp;<\/p>\n<h2 style=\"text-align: center;\"><strong>KAL\u00c9IDOSCOPE<\/strong><\/h2>\n<p style=\"text-align: center;\"><strong>Avec Marc Djokic, Sharon Azrieli et Barbara Assiginaak<\/strong><\/p>\n<p style=\"text-align: center;\"><strong><em>Gwekaanmat<\/em><\/strong><strong> pr\u00e9sent\u00e9e en premi\u00e8re mondiale<\/strong><\/p>\n<p style=\"text-align: center;\"><strong>\u00a0<\/strong><\/p>\n<p>Montr\u00e9al, le 14 mars 2023 \u2013 <strong>L\u2019Orchestre classique de Montr\u00e9al (OCM)<\/strong> pr\u00e9sentera un programme \u00e9clectique \u00e0 l\u2019occasion de son prochain concert, <strong><em>Kal\u00e9idoscope<\/em><\/strong>, mettant en vedette la compositrice anichinab\u00e9e <strong>Barbara Assiginaak<\/strong>, la soprano qu\u00e9b\u00e9coise <strong>Sharon Azrieli <\/strong>et le violon solo de l\u2019OCM<strong> Marc Djokic, <\/strong>sous la direction des chefs <strong>Nurhan Arman<\/strong> et<strong> Adam Johnson<\/strong>.<\/p>\n<p>Le concert aura lieu le <strong>mardi 11 avril <\/strong>\u00e0 <strong>19 h 30<\/strong>, \u00e0 la <strong>Salle Pierre-Mercure<\/strong> du Centre Pierre-P\u00e9ladeau.<\/p>\n<p><a href=\"https:\/\/orchestre.ca\/kaleidoscope\/\" target=\"_blank\" rel=\"noopener\">ACHETER DES BILLETS<\/a><\/p>\n<p>\u00c0 l\u2019occasion du premier anniversaire du d\u00e9c\u00e8s du directeur artistique, Boris Brott, cette soir\u00e9e sera marqu\u00e9e par deux importantes premi\u00e8res\u00a0: la premi\u00e8re mondiale de l\u2019\u0153uvre pour orchestre et pipigwan <strong><em>Gwekaanmat <\/em>(<em>Les vents changent de direction<\/em>)<\/strong> de la compositrice anichinab\u00e9e <strong>Barbara Assiginaak<\/strong> qui va elle-m\u00eame jouer le pipigwan, une fl\u00fbte autochtone en bois, ainsi que la premi\u00e8re qu\u00e9b\u00e9coise du concerto pour violon\u00a0<strong><em>All\u2019ombre de\u2019 cipressi\u00a0(\u00c0 l\u2019ombre des cypr\u00e8s)<\/em><\/strong><em>\u00a0<\/em>de\u00a0<strong>Robert Rival<\/strong>, mettant en vedette\u00a0<strong>Marc Djokic<\/strong>, violon solo de l\u2019OCM. Cette premi\u00e8re partie du concert sera dirig\u00e9e par\u00a0<strong>Nurhan<\/strong>\u00a0<strong>Arman,<\/strong>\u00a0directeur musical de Sinfonia Toronto.<\/p>\n<p>Pour la deuxi\u00e8me partie du concert, dirig\u00e9e par\u00a0<strong>Adam Johnson<\/strong>, la soprano\u00a0<strong>Sharon Azrieli<\/strong>\u00a0ravira le public par son interpr\u00e9tation expressive de chansons bien-aim\u00e9es du c\u00e9l\u00e8bre\u00a0<strong>Michel Legrand<\/strong> telles que <em>Moulins de mon c\u0153ur<\/em>, <em>Retour en java<\/em>, <em>Paris violon<\/em> et plusieurs autres.<\/p>\n<p><em>\u00ab\u00a0\u00c0 l&rsquo;occasion du premier anniversaire du d\u00e9c\u00e8s de Boris Brott, ce concert c\u00e9l\u00e8brera tous les \u00e9l\u00e9ments qui non seulement illustrent notre saison lyrique et \u00e9clectique, mais qui ont \u00e9galement des liens \u00e9troits avec notre directeur artistique bien-aim\u00e9. Marc Djokic, Barbara Assiginaak et Sharon Azrieli avaient tous des relations musicales et personnelles tr\u00e8s fortes avec Boris. Ce concert refl\u00e8te parfaitement l&rsquo;h\u00e9ritage de ce grand homme.\u00a0\u00bb <\/em>affirme Taras Kulish, directeur g\u00e9n\u00e9ral de l\u2019OCM.<\/p>\n<p><strong>Barbara Assiginaak<\/strong>, compositrice de la Premi\u00e8re nation Odawa, a vu ses \u0153uvres interpr\u00e9t\u00e9es par certains des plus grands orchestres \u00e0 travers le monde. En 2018, l&rsquo;OCM a pr\u00e9sent\u00e9 une cr\u00e9ation multim\u00e9dia orchestral \u00e0 Montr\u00e9al et \u00e0 Kahnawake de son \u0153uvre <em>Saia&rsquo;tatokenhti<\/em>: <em>Saint<\/em>\u00a0<em>Kateri<\/em> sur la vie de Sainte Kateri Tekakwitha. En 2021, l\u2019OCM pr\u00e9sentait \u00e9galement sa pi\u00e8ce <em>Zasakwaa (gel intense).<\/em><\/p>\n<p>Originaire d\u2019Halifax, le violoniste <strong>Marc Djokic<\/strong> s\u2019est m\u00e9rit\u00e9 le Prix Goyer\u00a02017-2018 et \u00e9galement remport\u00e9 le concours de la Banque d\u2019instruments de musique du Conseil des arts du Canada. Il a d\u2019abord \u00e9tudi\u00e9 avec son p\u00e8re Philippe Djokic, un des grands solistes canadiens, \u00e9l\u00e8ve du ma\u00eetre Ivan Galamian. Il a aussi \u00e9tudi\u00e9 avec David Russell, Donald Weilerstein et Jaime Laredo. Il occupe le poste de violon solo de l\u2019OCM depuis presque 5 ans.<\/p>\n<p>Originaire de Montr\u00e9al, la soprano <strong>Sharon Azrieli<\/strong> a connu un succ\u00e8s international dans des lieux de renomm\u00e9e mondiale comme le Carnegie Hall, le Metropolitan Opera, l&rsquo;Op\u00e9ra Bastille de Paris, et avec des organisations de premier plan comme le Canadian Opera Company, l&rsquo;Orchestre symphonique de Montr\u00e9al et le New Israeli Opera, entre autres. En 2019, elle a re\u00e7u l&rsquo;Ordre national du Qu\u00e9bec pour ses r\u00e9alisations remarquables en tant qu&rsquo;interpr\u00e8te. Grande philanthrope, elle est \u00e9galement pr\u00e9sidente \u00e9m\u00e9rite du conseil d\u2019administration de l\u2019OCM.<\/p>\n<h3><strong><em>Kal\u00e9idoscope<\/em><\/strong><\/h3>\n<p><strong>Mardi 11 avril \u00e0 19 h 30\u00a0\u2013 Salle Pierre-Mercure <\/strong><\/p>\n<p><strong>Marc Djokic<\/strong>, violon<\/p>\n<p><strong>Sharon Azrieli<\/strong>, soprano<\/p>\n<p><strong>Barbara Assiginaak<\/strong>, pipigwan<\/p>\n<p><strong>Nurhan Arman<\/strong>, chef<\/p>\n<p><strong>Adam Johnson<\/strong>, chef<\/p>\n<p><strong>Orchestre classique de Montr\u00e9al<\/strong><\/p>\n<p>&nbsp;<\/p>\n<h3><strong><em>Programme<\/em><\/strong><\/h3>\n<p><em>Gwekaanmat<\/em>\u00a0(concerto pour Pipigwan) de\u00a0<strong>Barbara Assiginaak<\/strong>\u00a0(premi\u00e8re mondiale)<\/p>\n<p><em>All\u2019ombre de\u2019 cipressi<\/em>\u00a0(\u00c0 l\u2019ombre des cypr\u00e8s) de\u00a0<strong>Robert Rival<\/strong>\u00a0(premi\u00e8re qu\u00e9b\u00e9coise)<\/p>\n<p>Chansons de\u00a0<strong>Michel Legrand\u00a0<\/strong><\/p>\n<p><strong>\u00a0<\/strong><\/p>\n<p><strong>Billets : 20\u00a0$ &#8211; 45$<\/strong><\/p>\n<p><strong>En vente sur <\/strong><a href=\"https:\/\/orchestre.ca\/kaleidoscope\/\" target=\"_blank\" rel=\"noopener\">orchestre.ca<\/a><\/p>\n<p>&nbsp;<\/p>\n<p><em>Ce communiqu\u00e9 de presse est publi\u00e9 dans le cadre de nos services aux membres de Ludwig van Montr\u00e9al. Pour savoir comment devenir membre, \u00e9crivez-nous \u00e0 <a href=\"mailto:caroline@ludwig-van.com\">caroline@ludwig-van.com\u00a0<\/a><\/em><\/p>\n<h2><em>Inscrivez-vous \u00e0 notre infolettre! La musique classique et l&rsquo;op\u00e9ra en 5 minutes, chaque jour<\/em> \u00a0<span style=\"color: #ff0000;\"><a style=\"color: #ff0000;\" href=\"https:\/\/ludwig-van.us9.list-manage.com\/subscribe?u=4f785cb3f9058f2393ccad035&amp;id=b9b160c032\" target=\"_blank\" rel=\"noopener noreferrer\">ICI\u00a0<\/a><\/span><\/h2>\n","protected":false},"excerpt":{"rendered":"<p>L\u2019Orchestre classique de Montr\u00e9al (OCM) pr\u00e9sentera un programme \u00e9clectique \u00e0 l\u2019occasion de son prochain concert, Kal\u00e9idoscope, mettant en vedette la compositrice anichinab\u00e9e Barbara Assiginaak, la soprano qu\u00e9b\u00e9coise Sharon Azrieli et le violon solo de l\u2019OCM Marc Djokic, sous la direction des chefs Nurhan Arman et Adam Johnson.<br \/>\nLe concert aura lieu le mardi 11 avril \u00e0 19 h 30, \u00e0 la Salle Pierre-Mercure du Centre Pierre-P\u00e9ladeau.<\/p>\n","protected":false},"author":1,"featured_media":75582,"comment_status":"open","ping_status":"open","sticky":false,"template":"","format":"standard","meta":{"om_disable_all_campaigns":false,"jetpack_post_was_ever_published":false},"categories":[42065,10956,13504],"tags":[42066,11812],"yst_prominent_words":[29088,29078,16932,31193,10958,14591],"acf":[],"jetpack_featured_media_url":"https:\/\/www.ludwig-van.com\/montreal\/wp-content\/uploads\/sites\/3\/2023\/03\/Copie-de-Copy-of-INTERVIEW-8.jpg","jetpack_sharing_enabled":true,"jetpack_shortlink":"https:\/\/wp.me\/p9bdYt-jF1","amp_enabled":true,"_links":{"self":[{"href":"https:\/\/www.ludwig-van.com\/montreal\/wp-json\/wp\/v2\/posts\/75579"}],"collection":[{"href":"https:\/\/www.ludwig-van.com\/montreal\/wp-json\/wp\/v2\/posts"}],"about":[{"href":"https:\/\/www.ludwig-van.com\/montreal\/wp-json\/wp\/v2\/types\/post"}],"author":[{"embeddable":true,"href":"https:\/\/www.ludwig-van.com\/montreal\/wp-json\/wp\/v2\/users\/1"}],"replies":[{"embeddable":true,"href":"https:\/\/www.ludwig-van.com\/montreal\/wp-json\/wp\/v2\/comments?post=75579"}],"version-history":[{"count":5,"href":"https:\/\/www.ludwig-van.com\/montreal\/wp-json\/wp\/v2\/posts\/75579\/revisions"}],"predecessor-version":[{"id":75586,"href":"https:\/\/www.ludwig-van.com\/montreal\/wp-json\/wp\/v2\/posts\/75579\/revisions\/75586"}],"wp:featuredmedia":[{"embeddable":true,"href":"https:\/\/www.ludwig-van.com\/montreal\/wp-json\/wp\/v2\/media\/75582"}],"wp:attachment":[{"href":"https:\/\/www.ludwig-van.com\/montreal\/wp-json\/wp\/v2\/media?parent=75579"}],"wp:term":[{"taxonomy":"category","embeddable":true,"href":"https:\/\/www.ludwig-van.com\/montreal\/wp-json\/wp\/v2\/categories?post=75579"},{"taxonomy":"post_tag","embeddable":true,"href":"https:\/\/www.ludwig-van.com\/montreal\/wp-json\/wp\/v2\/tags?post=75579"},{"taxonomy":"yst_prominent_words","embeddable":true,"href":"https:\/\/www.ludwig-van.com\/montreal\/wp-json\/wp\/v2\/yst_prominent_words?post=75579"}],"curies":[{"name":"wp","href":"https:\/\/api.w.org\/{rel}","templated":true}]}}