{"id":75504,"date":"2023-03-06T12:40:37","date_gmt":"2023-03-06T17:40:37","guid":{"rendered":"https:\/\/www.ludwig-van.com\/montreal\/?p=75504"},"modified":"2023-03-06T12:40:37","modified_gmt":"2023-03-06T17:40:37","slug":"choix-de-la-redaction-les-plus-beaux-concerts-classiques-a-decouvrir-cette-semaine-6-au-12-mars-2023","status":"publish","type":"post","link":"https:\/\/www.ludwig-van.com\/montreal\/2023\/03\/06\/choix-de-la-redaction-les-plus-beaux-concerts-classiques-a-decouvrir-cette-semaine-6-au-12-mars-2023\/","title":{"rendered":"CHOIX DE LA R\u00c9DACTION | Les plus beaux concerts classiques \u00e0 d\u00e9couvrir cette semaine &#8211; 6 au 12 mars 2023"},"content":{"rendered":"<p style=\"text-align: center;\"><img decoding=\"async\" loading=\"lazy\" class=\"alignnone size-full wp-image-75509\" src=\"https:\/\/www.ludwig-van.com\/montreal\/wp-content\/uploads\/sites\/3\/2023\/03\/Copie-de-CONCERTS-69.jpg\" alt=\"\" width=\"1200\" height=\"628\" \/><\/p>\n<h3><span style=\"color: #808080;\">En ce retour de la rel\u00e2che, la musique contemporaine est de nouveau \u00e0 l&rsquo;honneur avec La Semaine du Neuf, qui rend hommage \u00e0 Claude Vivier. Parmi les moments forts, signalons la Symphonie no 5 de Mahler par l&rsquo;OSM, de retour de sa mini-tourn\u00e9e aux \u00c9tats-Unis, qui me donnera l&rsquo;occasion et le privil\u00e8ge d&rsquo;assister \u00e0 leur concert \u00e0 Carnegie Hall. Surveillez nos publications pour en savoir plus!<\/span><\/h3>\n<p>&nbsp;<\/p>\n<figure id=\"attachment_50468\" aria-describedby=\"caption-attachment-50468\" style=\"width: 1024px\" class=\"wp-caption aligncenter\"><img decoding=\"async\" loading=\"lazy\" class=\"wp-image-50468 size-full\" src=\"https:\/\/www.ludwig-van.com\/montreal\/wp-content\/uploads\/sites\/3\/2017\/12\/15-claude-vivier-Photo-Boosey-and-Hawkes.jpg\" alt=\"Pionniers de la musique qu\u00e9b\u00e9coise: Claude Vivier. (Photo: courtoisie Boosez &amp; Hawkes)\" width=\"1024\" height=\"576\" srcset=\"https:\/\/www.ludwig-van.com\/montreal\/wp-content\/uploads\/sites\/3\/2017\/12\/15-claude-vivier-Photo-Boosey-and-Hawkes.jpg 1024w, https:\/\/www.ludwig-van.com\/montreal\/wp-content\/uploads\/sites\/3\/2017\/12\/15-claude-vivier-Photo-Boosey-and-Hawkes-300x169.jpg 300w, https:\/\/www.ludwig-van.com\/montreal\/wp-content\/uploads\/sites\/3\/2017\/12\/15-claude-vivier-Photo-Boosey-and-Hawkes-768x432.jpg 768w\" sizes=\"(max-width: 1024px) 100vw, 1024px\" \/><figcaption id=\"caption-attachment-50468\" class=\"wp-caption-text\">Pionniers de la musique qu\u00e9b\u00e9coise: Claude Vivier. (Photo: courtoisie Boosez &amp; Hawkes)<\/figcaption><\/figure>\n<h2>La Semaine du Neuf: hommage \u00e0 Claude Vivier<\/h2>\n<p>Du 7 au 17 mars, La Semaine du Neuf, pr\u00e9sent\u00e9e par Le Vivier, rend hommage au compositeur qu\u00e9b\u00e9cois Claude Vivier. Concerts, table ronde et projections sont pr\u00e9vus.<\/p>\n<h3>Concert-hommage \u00e0 Claude Vivier avec le NEM<\/h3>\n<p>Sous la direction de\u00a0<strong>Lorraine Vaillancourt<\/strong>, amie et collaboratrice de Claude Vivier,\u00a0<strong>Le Nouvel Ensemble Moderne<\/strong>\u00a0(Le NEM) et la soprano belge invit\u00e9e\u00a0<strong>Katrien Baerts<\/strong>\u00a0interpr\u00e9teront quelques-unes des plus belles \u0153uvres du r\u00e9pertoire du compositeur ainsi qu\u2019une pi\u00e8ce du compositeur serbe\u00a0<strong>Marko Nikodijevic<\/strong>. <strong>Le 7 mars, 19h30, salle Claude-Champagne. Pr\u00e9-concert \u00e0 18 h<\/strong>. <a href=\"https:\/\/levivier.ca\/fr\/concert\/saison-2022-23\/hommage-claude-vivier?mc_cid=07ef539c10&amp;mc_eid=b8f8e9afc0\" target=\"_blank\" rel=\"noopener\">D\u00c9TAILS ET BILLETS<\/a><\/p>\n<h3>Mes hommages II<\/h3>\n<p>Le Duo\u00a0<strong>Marie-H\u00e9l\u00e8ne Breault\u00a0<\/strong>(fl\u00fbtiste)\u00a0<strong>Pamela Reimer\u00a0<\/strong>(pianiste) rend hommage \u00e0 trois compositeurs canadiens fondateurs des \u00ab \u00c9v\u00e9nements du neuf \u00bb :\u00a0<strong>Claude Vivier<\/strong>,\u00a0<strong>John Rea\u00a0<\/strong>et le r\u00e9cemment regrett\u00e9\u00a0<strong>Jos\u00e9 Evangelista<\/strong>. <strong>Le 8 mars, 19h30, salle de concert du Conservatoire.<\/strong> <a href=\"https:\/\/levivier.ca\/fr\/concert\/saison-2022-23\/mes-hommages-ii?mc_cid=07ef539c10&amp;mc_eid=b8f8e9afc0\" target=\"_blank\" rel=\"noopener\">D\u00c9TAILS ET BILLETS<\/a><\/p>\n<h3>Projections: triptyque de Michael Greyeyes<\/h3>\n<p>Une projection de trois films produits par Soundstreams, r\u00e9alis\u00e9s et chor\u00e9graphi\u00e9s par le c\u00e9l\u00e8bre artiste autochtone canadien Michael Greyeyes, d\u2019apr\u00e8s les oeuvres de Claude Vivier :\u00a0<em>Leora<\/em>, d\u2019apr\u00e8s\u00a0<em>Shiraz<\/em>\u00a0(Vivier &#8211; 1977),\u00a0<em>2<\/em>, d\u2019apr\u00e8s\u00a0<em>Cinq chansons pour percussions<\/em>\u00a0(Vivier &#8211; 1980) et\u00a0<em>Zipangu<\/em>, d\u2019apr\u00e8s\u00a0<em>Zipangu<\/em> (Vivier -1980). <strong>Le 9 mars, 19h30, Caf\u00e9 du Monument National.<\/strong> <a href=\"https:\/\/levivier.ca\/fr\/concert\/saison-2022-23\/projections-claude-vivier-triptyque-de-michael-greyeyes?mc_cid=07ef539c10&amp;mc_eid=b8f8e9afc0\" target=\"_blank\" rel=\"noopener\">D\u00c9TAILS ET BILLETS<\/a><\/p>\n<h3>Projet Lonely Child<\/h3>\n<p>Une rencontre fabuleuse entre les arts du cirque et les musiques nouvelles avec les artistes torontoises\u00a0<strong>Stacie Dunlop<\/strong>\u00a0(voix),\u00a0<strong>Angola Murdoch<\/strong>\u00a0(tissu a\u00e9rien),\u00a0<strong>Holly Treddenick<\/strong>\u00a0(cube a\u00e9rien) et les artistes du Vivier\u00a0<strong>David Therrien-Brongo\u00a0<\/strong>et le\u00a0<strong>Quatuor Bozzini<\/strong>. Le 9 mars, 21 h, Monument National. <a href=\"https:\/\/levivier.ca\/fr\/concert\/saison-2022-23\/projet-lonely-child?mc_cid=07ef539c10&amp;mc_eid=b8f8e9afc0\" target=\"_blank\" rel=\"noopener\">D\u00c9TAILS ET BILLETS<\/a><\/p>\n<p>&nbsp;<\/p>\n<h2>Salle Bourgie<\/h2>\n<figure id=\"attachment_72411\" aria-describedby=\"caption-attachment-72411\" style=\"width: 816px\" class=\"wp-caption alignnone\"><img decoding=\"async\" loading=\"lazy\" class=\"size-full wp-image-72411\" src=\"https:\/\/www.ludwig-van.com\/montreal\/wp-content\/uploads\/sites\/3\/2022\/08\/Le-souffle-des-anges.jpg\" alt=\"\" width=\"816\" height=\"550\" \/><figcaption id=\"caption-attachment-72411\" class=\"wp-caption-text\">(Photo: courtoisie)<\/figcaption><\/figure>\n<h3>Le souffle des anges<\/h3>\n<p>La figure du joueur de cornet, d\u00e9peinte en tant qu&rsquo;ange-musicien dans de nombreux tableaux de la Renaissance, a inspir\u00e9 ces deux virtuoses exceptionnels. Ils interpr\u00e9teront de magnifiques airs italiens du 17e si\u00e8cle ainsi que quelques \u0153uvres contemporaines, accompagn\u00e9s par un ensemble instrumental compos\u00e9 de deux violons, d&rsquo;une viole de gambe, d&rsquo;un th\u00e9orbe, d&rsquo;un orgue et d&rsquo;un clavecin. <em>Les Anges<\/em> d\u2019Erik Satie et des \u0153uvres nouvelles d\u2019Ivan Moody et de Julian Wachner leur r\u00e9pondent par-del\u00e0 les si\u00e8cles. <strong>Le 8 mars, 19h30, Salle Bourgie.<\/strong> <a href=\"https:\/\/www.mbam.qc.ca\/fr\/activites\/le-souffle-des-anges-1\/\" target=\"_blank\" rel=\"noopener\">D\u00c9TAILS ET BILLETS<\/a><\/p>\n<figure id=\"attachment_72414\" aria-describedby=\"caption-attachment-72414\" style=\"width: 750px\" class=\"wp-caption alignnone\"><img decoding=\"async\" loading=\"lazy\" class=\"size-full wp-image-72414\" src=\"https:\/\/www.ludwig-van.com\/montreal\/wp-content\/uploads\/sites\/3\/2022\/08\/LlewellynBWPhoto.jpg\" alt=\"\" width=\"750\" height=\"500\" \/><figcaption id=\"caption-attachment-72414\" class=\"wp-caption-text\">Llewellyn Sanchez-Werner. \u00a9 Chris McGuire Photography.<\/figcaption><\/figure>\n<h3>Llewellyn Sanchez-Werner, piano<\/h3>\n<p>Un r\u00e9cital par l\u2019un des jeunes pianistes les plus prometteurs de sa g\u00e9n\u00e9ration, \u00e0 la musicalit\u00e9 raffin\u00e9e et poss\u00e9dant une technique sans faille. Au programme, Schumann, Liszt et autres. <strong>Le 9 mars, 19h30, Salle Bourgie<a href=\"https:\/\/www.mbam.qc.ca\/fr\/activites\/llewellyn-sanchez-werner-piano-1\/\" target=\"_blank\" rel=\"noopener\">.<\/a><\/strong> <a href=\"https:\/\/www.mbam.qc.ca\/fr\/activites\/llewellyn-sanchez-werner-piano-1\/\" target=\"_blank\" rel=\"noopener\">D\u00c9TAILS ET BILLETS<\/a><\/p>\n<figure id=\"attachment_65812\" aria-describedby=\"caption-attachment-65812\" style=\"width: 836px\" class=\"wp-caption aligncenter\"><img decoding=\"async\" loading=\"lazy\" class=\"wp-image-65812 size-full\" src=\"https:\/\/www.ludwig-van.com\/montreal\/wp-content\/uploads\/sites\/3\/2021\/02\/Cameron-Crozman.jpg\" alt=\"Cameron Crozman, violoncelliste. (Photo: courtoisie de la Salle Bourgie)\" width=\"836\" height=\"713\" srcset=\"https:\/\/www.ludwig-van.com\/montreal\/wp-content\/uploads\/sites\/3\/2021\/02\/Cameron-Crozman.jpg 836w, https:\/\/www.ludwig-van.com\/montreal\/wp-content\/uploads\/sites\/3\/2021\/02\/Cameron-Crozman-300x256.jpg 300w, https:\/\/www.ludwig-van.com\/montreal\/wp-content\/uploads\/sites\/3\/2021\/02\/Cameron-Crozman-768x655.jpg 768w\" sizes=\"(max-width: 836px) 100vw, 836px\" \/><figcaption id=\"caption-attachment-65812\" class=\"wp-caption-text\">Cameron Crozman, violoncelliste. (Photo: courtoisie de la Salle Bourgie)<\/figcaption><\/figure>\n<h3>Les Violons du Roy et Cameron Crozman<\/h3>\n<p>Les Violons du Roy accueillent le violoncelliste Cameron Crozman sous la direction de Nicolas Ellis dans un programme r\u00e9unissant la virtuosit\u00e9 classique de Haydn et de Mozart et la po\u00e9sie dansante de Rameau et de Gluck. <strong>Le 10 mars, 19h30, Salle Bourgie.<\/strong> <a href=\"https:\/\/www.mbam.qc.ca\/fr\/activites\/les-violons-du-roy---le-genie-des-lumieres-1\/\" target=\"_blank\" rel=\"noopener\">D\u00c9TAILS ET BILLETS<\/a><\/p>\n<h3>Int\u00e9grale des cantates de Bach: a nocte temporis<\/h3>\n<p>Des musiciens belges sont invit\u00e9s de la Salle Bourgie dans le cadre de l&rsquo;int\u00e9grale des cantates de Bach. Le 12 mars, 14h30, Salle Bourgie. <a href=\"https:\/\/www.mbam.qc.ca\/fr\/activites\/a-nocte-temporis-belgique---integrale-des-cantates-de-j-s-bach---an-8-1\/\" target=\"_blank\" rel=\"noopener\">D\u00c9TAILS ET BILLETS<\/a><\/p>\n<p>&nbsp;<\/p>\n<figure id=\"attachment_58396\" aria-describedby=\"caption-attachment-58396\" style=\"width: 1024px\" class=\"wp-caption aligncenter\"><img decoding=\"async\" loading=\"lazy\" class=\"wp-image-58396 size-full\" src=\"https:\/\/www.ludwig-van.com\/montreal\/wp-content\/uploads\/sites\/3\/2019\/01\/Yefim-Bronfman-credit-Dario-Acosta.jpg\" alt=\"Yefim Bronfman\" width=\"1024\" height=\"895\" srcset=\"https:\/\/www.ludwig-van.com\/montreal\/wp-content\/uploads\/sites\/3\/2019\/01\/Yefim-Bronfman-credit-Dario-Acosta.jpg 1024w, https:\/\/www.ludwig-van.com\/montreal\/wp-content\/uploads\/sites\/3\/2019\/01\/Yefim-Bronfman-credit-Dario-Acosta-300x262.jpg 300w, https:\/\/www.ludwig-van.com\/montreal\/wp-content\/uploads\/sites\/3\/2019\/01\/Yefim-Bronfman-credit-Dario-Acosta-768x671.jpg 768w\" sizes=\"(max-width: 1024px) 100vw, 1024px\" \/><figcaption id=\"caption-attachment-58396\" class=\"wp-caption-text\">Yefim Bronfman. (Photo: Dario Acosta)<\/figcaption><\/figure>\n<h3>OSM: Cinqui\u00e8me de Mahler et Concerto pour piano no 2 de Bartok<\/h3>\n<p>Dans le cadre du cycle Mahler pr\u00e9sent\u00e9 \u00e0 l\u2019OSM, le maestro <strong>Rafael Payare<\/strong> dirigera la monumentale Symphonie no 5 du compositeur autrichien. Entre temp\u00eate, tension et vision du paradis, ce majestueux \u00e9difice instrumental chemine des t\u00e9n\u00e8bres vers la lumi\u00e8re, de la marche fun\u00e8bre initiale jusqu\u2019au rondo final triomphal. Le pianiste <strong>Yefim Bronfman<\/strong> sera quant \u00e0 lui de retour \u00e0 l\u2019OSM dans le virtuose Concerto no 2 de Bart\u00f3k. <strong>Le 9 mars, 19h30, Maison symphonique<\/strong>. <a href=\"https:\/\/www.osm.ca\/fr\/concerts\/la-cinquieme-symphonie-de-mahler\/\" target=\"_blank\" rel=\"noopener\">D\u00c9TAILS ET BILLETS<\/a><\/p>\n<p>&nbsp;<\/p>\n<figure id=\"attachment_74875\" aria-describedby=\"caption-attachment-74875\" style=\"width: 720px\" class=\"wp-caption alignnone\"><img decoding=\"async\" loading=\"lazy\" class=\"size-full wp-image-74875\" src=\"https:\/\/www.ludwig-van.com\/montreal\/wp-content\/uploads\/sites\/3\/2023\/01\/Maxim-Risanov.jpg\" alt=\"\" width=\"720\" height=\"516\" \/><figcaption id=\"caption-attachment-74875\" class=\"wp-caption-text\">Maxim Rysanov<br \/>Cr\u00e9dit : Laszlo Emmer<\/figcaption><\/figure>\n<h3>I Musici: Mozart et Maxim Rysanov<\/h3>\n<p>Mozart sera au c\u0153ur de ce programme tr\u00e8s accessible qui marque le retour attendu de Maxim Rysanov, altiste magnifique, c\u00e9l\u00e8bre internationalement, et chef tr\u00e8s appr\u00e9ci\u00e9 des musiciens et musiciennes d\u2019I Musici et de son public. La radieuse Symphonie no 29 en la majeur compl\u00e8tera la poignante Symphonie concertante de Mozart, v\u00e9ritable double concerto pour violon et alto qui permettra \u00e0 notre admirable violon-solo, Julie Triquet, de se joindre \u00e0 Rysanov. En compl\u00e9ment de programme, de mani\u00e8re fort \u00e0 propos puisqu\u2019il est lui-m\u00eame d\u2019origine ukrainienne, il dirigera les Variations sur un th\u00e8me ukrainien de Malcom Arnold, compositeur connu pour sa musique de film (qui lui a d\u2019ailleurs valu un Oscar en 1957). <strong>Le 9 mars, 19h30, salle Pierre-Mercure.<\/strong> <a href=\"https:\/\/imusici.com\/autriche-maxim-rysanov-et-mozart\/\" target=\"_blank\" rel=\"noopener\">D\u00c9TAILS ET BILLETS<\/a><\/p>\n<p>&nbsp;<\/p>\n<p style=\"text-align: center;\"><img decoding=\"async\" loading=\"lazy\" class=\"alignnone size-full wp-image-74834\" src=\"https:\/\/www.ludwig-van.com\/montreal\/wp-content\/uploads\/sites\/3\/2023\/01\/Psalmae_Choeur-St-Laurent.jpg\" alt=\"\" width=\"750\" height=\"879\" \/><\/p>\n<h3>Ch\u0153ur St-Laurent: Psalmae<\/h3>\n<p>Le Ch\u0153ur St-Laurent vous convie \u00e0 un grand concert intitul\u00e9 <em>Psalmae<\/em>. Les trois \u0153uvres pr\u00e9sent\u00e9es sont inspir\u00e9es de psaumes et de textes qui apportent r\u00e9confort et espoir.<\/p>\n<p>Le Psaume 121 (Psalm 121) du compositeur canadien Imant Raminsh met en musique un texte fort connu et porteur d\u2019un message apaisant : entre notre d\u00e9part et notre arriv\u00e9e, celui qui veille sur nous ne dort jamais. Suit le Psalmus Hungaricus de Zolt\u00e1n Kod\u00e1ly, dont c\u2019est le 100e anniversaire de cr\u00e9ation.\u00a0 Enfin, le Ch\u0153ur St-Laurent pr\u00e9sente une \u0153uvre tr\u00e8s rarement offerte au public : le Psaume 100 du compositeur Max Reger, une symphonie-chorale de grande envergure et aux sonorit\u00e9s festives offrant des moments d\u2019une immense beaut\u00e9.<strong> Le 11 mars, 19h30, Maison symphonique.<\/strong> <a href=\"https:\/\/placedesarts.com\/fr\/evenement\/choeur-st-laurent-psalmae#tarifs\" target=\"_blank\" rel=\"noopener\">D\u00c9TAILS ET BILLETS<\/a><\/p>\n<p>&nbsp;<\/p>\n<figure id=\"attachment_51260\" aria-describedby=\"caption-attachment-51260\" style=\"width: 1024px\" class=\"wp-caption aligncenter\"><img decoding=\"async\" loading=\"lazy\" class=\"wp-image-51260 size-full\" src=\"https:\/\/www.ludwig-van.com\/montreal\/wp-content\/uploads\/sites\/3\/2018\/01\/Marc-Andre-Hamelin-photo-Sim-Canetty-Clarke.jpg\" alt=\"Marc-Andr\u00e9 Hamelin. (Cr\u00e9dit: Sim Canetty-Clarke)\" width=\"1024\" height=\"681\" srcset=\"https:\/\/www.ludwig-van.com\/montreal\/wp-content\/uploads\/sites\/3\/2018\/01\/Marc-Andre-Hamelin-photo-Sim-Canetty-Clarke.jpg 1024w, https:\/\/www.ludwig-van.com\/montreal\/wp-content\/uploads\/sites\/3\/2018\/01\/Marc-Andre-Hamelin-photo-Sim-Canetty-Clarke-300x200.jpg 300w, https:\/\/www.ludwig-van.com\/montreal\/wp-content\/uploads\/sites\/3\/2018\/01\/Marc-Andre-Hamelin-photo-Sim-Canetty-Clarke-768x511.jpg 768w\" sizes=\"(max-width: 1024px) 100vw, 1024px\" \/><figcaption id=\"caption-attachment-51260\" class=\"wp-caption-text\">Marc-Andr\u00e9 Hamelin. (Cr\u00e9dit: Sim Canetty-Clarke)<\/figcaption><\/figure>\n<h3>Marc-Andr\u00e9 Hamelin en r\u00e9cital<\/h3>\n<p>L&rsquo;un de nos plus grands pianistes qu\u00e9b\u00e9cois est l&rsquo;invit\u00e9 de Pro Musica. Pour ce concert, il a choisi d\u2019interpr\u00e9ter des \u0153uvres de Paul Dukas et de Beethoven. <strong>Le 12 mars, 15 h, salle Pierre-Mercure<\/strong>. <a href=\"https:\/\/promusica.qc.ca\/programmation\/cartes-blanches\/#hamelin\" target=\"_blank\" rel=\"noopener\">D\u00c9TAILS ET BILLETS<\/a><\/p>\n<h2><em>Inscrivez-vous \u00e0 notre infolettre! La musique classique et l&rsquo;op\u00e9ra en 5 minutes, chaque jour<\/em> \u00a0<span style=\"color: #ff0000;\"><a style=\"color: #ff0000;\" href=\"https:\/\/ludwig-van.us9.list-manage.com\/subscribe?u=4f785cb3f9058f2393ccad035&amp;id=b9b160c032\" target=\"_blank\" rel=\"noopener noreferrer\">ICI\u00a0<\/a><\/span><\/h2>\n","protected":false},"excerpt":{"rendered":"<p>Les principaux concerts classiques \u00e0 Montr\u00e9al du 6 au 12 mars. D\u00e9couvrez ce qui se passe en musique classique cette semaine avec nos Choix de la r\u00e9daction.<\/p>\n","protected":false},"author":1,"featured_media":75509,"comment_status":"open","ping_status":"open","sticky":false,"template":"","format":"standard","meta":{"om_disable_all_campaigns":false,"jetpack_post_was_ever_published":false},"categories":[3,42065,10956,10994],"tags":[42066,22006,16968,4485,41949,11137],"yst_prominent_words":[23649,30214,28124,30210,13231,26052,16404,17024,30205,30200,9956,11874,10188],"acf":[],"jetpack_featured_media_url":"https:\/\/www.ludwig-van.com\/montreal\/wp-content\/uploads\/sites\/3\/2023\/03\/Copie-de-CONCERTS-69.jpg","jetpack_sharing_enabled":true,"jetpack_shortlink":"https:\/\/wp.me\/p9bdYt-jDO","amp_enabled":true,"_links":{"self":[{"href":"https:\/\/www.ludwig-van.com\/montreal\/wp-json\/wp\/v2\/posts\/75504"}],"collection":[{"href":"https:\/\/www.ludwig-van.com\/montreal\/wp-json\/wp\/v2\/posts"}],"about":[{"href":"https:\/\/www.ludwig-van.com\/montreal\/wp-json\/wp\/v2\/types\/post"}],"author":[{"embeddable":true,"href":"https:\/\/www.ludwig-van.com\/montreal\/wp-json\/wp\/v2\/users\/1"}],"replies":[{"embeddable":true,"href":"https:\/\/www.ludwig-van.com\/montreal\/wp-json\/wp\/v2\/comments?post=75504"}],"version-history":[{"count":5,"href":"https:\/\/www.ludwig-van.com\/montreal\/wp-json\/wp\/v2\/posts\/75504\/revisions"}],"predecessor-version":[{"id":75510,"href":"https:\/\/www.ludwig-van.com\/montreal\/wp-json\/wp\/v2\/posts\/75504\/revisions\/75510"}],"wp:featuredmedia":[{"embeddable":true,"href":"https:\/\/www.ludwig-van.com\/montreal\/wp-json\/wp\/v2\/media\/75509"}],"wp:attachment":[{"href":"https:\/\/www.ludwig-van.com\/montreal\/wp-json\/wp\/v2\/media?parent=75504"}],"wp:term":[{"taxonomy":"category","embeddable":true,"href":"https:\/\/www.ludwig-van.com\/montreal\/wp-json\/wp\/v2\/categories?post=75504"},{"taxonomy":"post_tag","embeddable":true,"href":"https:\/\/www.ludwig-van.com\/montreal\/wp-json\/wp\/v2\/tags?post=75504"},{"taxonomy":"yst_prominent_words","embeddable":true,"href":"https:\/\/www.ludwig-van.com\/montreal\/wp-json\/wp\/v2\/yst_prominent_words?post=75504"}],"curies":[{"name":"wp","href":"https:\/\/api.w.org\/{rel}","templated":true}]}}