{"id":75342,"date":"2023-02-20T16:44:05","date_gmt":"2023-02-20T21:44:05","guid":{"rendered":"https:\/\/www.ludwig-van.com\/montreal\/?p=75342"},"modified":"2023-02-21T12:29:45","modified_gmt":"2023-02-21T17:29:45","slug":"choix-de-la-redaction-les-meilleurs-concerts-classiques-a-decouvrir-du-20-au-26-fevrier","status":"publish","type":"post","link":"https:\/\/www.ludwig-van.com\/montreal\/2023\/02\/20\/choix-de-la-redaction-les-meilleurs-concerts-classiques-a-decouvrir-du-20-au-26-fevrier\/","title":{"rendered":"CHOIX DE LA R\u00c9DACTION | Les meilleurs concerts classiques \u00e0 d\u00e9couvrir du 20 au 26 f\u00e9vrier"},"content":{"rendered":"<figure id=\"attachment_75408\" aria-describedby=\"caption-attachment-75408\" style=\"width: 1200px\" class=\"wp-caption alignnone\"><img decoding=\"async\" loading=\"lazy\" class=\"size-full wp-image-75408\" src=\"https:\/\/www.ludwig-van.com\/montreal\/wp-content\/uploads\/sites\/3\/2023\/02\/Copie-de-CONCERTS-67.jpg\" alt=\"\" width=\"1200\" height=\"628\" \/><figcaption id=\"caption-attachment-75408\" class=\"wp-caption-text\">Pascal Amoyel, Kent Nagano (photo: Antoine Saito), La chauve-souris \u00e0 la Facult\u00e9 de musique (photo: Antoine Saito)<\/figcaption><\/figure>\n<h3><span style=\"color: #808080;\">Une belle semaine en musique classique nous attend, avec la visite de Kent Nagano pour trois concerts \u00e0 l&rsquo;OSM, La chauve-souris de Strauss \u00e0 la Facult\u00e9 de musique de l&rsquo;Universit\u00e9 de Montr\u00e9al, ainsi le d\u00e9but du Festival Montr\u00e9al nouvelle musique, entre autres. Voici nos Choix de la r\u00e9daction du 20 au 26 f\u00e9vrier 2023. Bon concert!<\/span><\/h3>\n<p>&nbsp;<\/p>\n<figure id=\"attachment_63309\" aria-describedby=\"caption-attachment-63309\" style=\"width: 1200px\" class=\"wp-caption aligncenter\"><img decoding=\"async\" loading=\"lazy\" class=\"wp-image-63309 size-full\" src=\"https:\/\/www.ludwig-van.com\/montreal\/wp-content\/uploads\/sites\/3\/2019\/11\/Kent-Nagano-OSM-Antoine-Saito-web.jpg\" alt=\"Kent Nagano, 27 novembre 2019. (Photo: Antoine Saito)\" width=\"1200\" height=\"800\" srcset=\"https:\/\/www.ludwig-van.com\/montreal\/wp-content\/uploads\/sites\/3\/2019\/11\/Kent-Nagano-OSM-Antoine-Saito-web.jpg 1200w, https:\/\/www.ludwig-van.com\/montreal\/wp-content\/uploads\/sites\/3\/2019\/11\/Kent-Nagano-OSM-Antoine-Saito-web-300x200.jpg 300w, https:\/\/www.ludwig-van.com\/montreal\/wp-content\/uploads\/sites\/3\/2019\/11\/Kent-Nagano-OSM-Antoine-Saito-web-768x512.jpg 768w, https:\/\/www.ludwig-van.com\/montreal\/wp-content\/uploads\/sites\/3\/2019\/11\/Kent-Nagano-OSM-Antoine-Saito-web-1024x683.jpg 1024w\" sizes=\"(max-width: 1200px) 100vw, 1200px\" \/><figcaption id=\"caption-attachment-63309\" class=\"wp-caption-text\">Kent Nagano, 27 novembre 2019. (Photo: Antoine Saito)<\/figcaption><\/figure>\n<h3>OSM: Kent Nagano et Alexandre Kantorow<\/h3>\n<p>\u00c0 l\u2019occasion de ses d\u00e9buts avec l\u2019OSM, le jeune pianiste fran\u00e7ais Alexandre Kantorow, m\u00e9daill\u00e9 d\u2019or du Concours Tcha\u00efkovski en 2019, interpr\u00e9tera le\u00a0<em>Deuxi\u00e8me Concerto<\/em>\u00a0du compositeur russe, sous la baguette du chef \u00e9m\u00e9rite de l\u2019OSM Kent Nagano. Mais avant, ce dernier diffusera une aura de lumi\u00e8re nordique dans la Maison symphonique avec\u00a0<em>Swansong<\/em>\u00a0d\u2019Arvo P\u00e4rt et la\u00a0<em>Septi\u00e8me Symphonie<\/em>\u00a0de Sibelius, un chef-d\u2019\u0153uvre consid\u00e9r\u00e9 comme la \u00ab symphonie d\u2019adieu \u00bb du compositeur finlandais.<\/p>\n<h3>Le 22 f\u00e9vrier, 19h30, les 25 et 26 f\u00e9vrier, 14h30, Maison symphonique &#8211; <a href=\"https:\/\/www.osm.ca\/fr\/concerts\/nagano-et-kantorow-de-sibelius-a-tchaikovski\/\" target=\"_blank\" rel=\"noopener\">D\u00c9TAILS ET BILLETS<\/a><\/h3>\n<p>&nbsp;<\/p>\n<figure id=\"attachment_74707\" aria-describedby=\"caption-attachment-74707\" style=\"width: 480px\" class=\"wp-caption aligncenter\"><img decoding=\"async\" loading=\"lazy\" class=\"size-full wp-image-74707\" src=\"https:\/\/www.ludwig-van.com\/montreal\/wp-content\/uploads\/sites\/3\/2023\/01\/Golgotha-photo_Genevieve-Bigue.jpg\" alt=\"\" width=\"480\" height=\"480\" \/><figcaption id=\"caption-attachment-74707\" class=\"wp-caption-text\">Photo Genevi\u00e8ve Bigu\u00e9<\/figcaption><\/figure>\n<h3>Festival Montr\u00e9al Nouvelle Musique (MNM)<\/h3>\n<p>Le Festival MNM de la SMCQ donne son coup d&rsquo;envoi cette semaine avec le concert Voix du Nord, Nunavik-Bretagne qualifi\u00e9 de \u00ab\u00a0rencontre musicale improbable \u00e0 travers le temps et l\u2019espace\u00a0\u00bb.<\/p>\n<p>Les voix de chanteuses inuites et bretonnes s\u2019\u00e9l\u00e8vent au-dessus de l\u2019oc\u00e9an dans une cr\u00e9ation tr\u00e8s attendue de Katia Makdissi-Warren. La compositrice pass\u00e9e ma\u00eetre dans l\u2019art de cr\u00e9er des ponts entre les cultures r\u00e9unit en effet deux traditions mill\u00e9naires dans une \u0153uvre pour orchestre et quatre voix, sous la direction de Christian Gorf. Fond\u00e9 par Allison Migeon et Brandyn Lewis, l\u2019Ensemble Obiora qui met de l\u2019avant des musiciens de diff\u00e9rents milieux culturels afin d\u2019apporter un souffle nouveau et diversifi\u00e9 dans la musique de concert se joint \u00e0 l\u2019Ensemble de la SMCQ pour cette cr\u00e9ation m\u00e9tiss\u00e9e. Aussi au programme, la Symphonie minute de Jos\u00e9 Evangelista qui vient de nous quitter.<\/p>\n<p><strong>Le 23 f\u00e9vrier, 18 h, salle Pierre-Mercure <a href=\"https:\/\/smcq.qc.ca\/smcq\/fr\/evenement\/44969\/voix-du-nord-nunavik-bretagne\" target=\"_blank\" rel=\"noopener\">D\u00c9TAILS ET BILLETS<\/a><\/strong><\/p>\n<h3>Temps de carnaval<\/h3>\n<p>Dans le cadre de MNM, l\u2018\u00a0<span class=\"litk-interface ind\">Orchestre symphonique de McGill<\/span>\u00a0pr\u00e9sente une cr\u00e9ation du compositeur\u00a0<a class=\"litk-interface ind\" href=\"https:\/\/smcq.qc.ca\/smcq\/fr\/artiste\/lesage_je\/jean-lesage\">Jean Lesage<\/a>\u00a0et le concerto de\u00a0<a class=\"litk-interface ind\" href=\"https:\/\/smcq.qc.ca\/smcq\/fr\/artiste\/aho_ka\/kalevi-aho\">Kalevi Aho<\/a>, grand succ\u00e8s symphonique du 21<sup>e<\/sup>\u00a0si\u00e8cle qui offre un condens\u00e9 de virtuosit\u00e9 et d\u2019expressivit\u00e9 de la percussion, soulignant l\u2019universalit\u00e9 multimill\u00e9naire de cet instrument qui explore ici le th\u00e8me du rituel.\u00a0<span class=\"litk-interface w\">L\u2019inachev\u00e9e<\/span>\u00a0de\u00a0<span class=\"litk-interface ind\">Schubert<\/span>, quant \u00e0 elle, nous emporte dans la fr\u00e9n\u00e9sie de vie et les tourments ravageurs de ce compositeur qui p\u00e9n\u00e8tre l\u2019\u00e2me avec douceur.<\/p>\n<p><strong>Les 23 et 24 f\u00e9vrier, 19 h 30, salle Pollack &#8211; <a href=\"https:\/\/smcq.qc.ca\/smcq\/fr\/evenement\/45044\/temps-de-carnaval\" target=\"_blank\" rel=\"noopener\">D\u00c9TAILS ET BILLETS<\/a><\/strong><\/p>\n<p>D&rsquo;autres concerts sont au programme du Festival. Pour plus de d\u00e9tails:<\/p>\n<p><a href=\"https:\/\/smcq.qc.ca\/mnm\/fr\/2023\/prog\/concert\" target=\"_blank\" rel=\"noopener\">VOIR TOUTE LA PROGRAMMATION DU FESTIVAL MONTR\u00c9AL NOUVELLE MUSIQUE<\/a><\/p>\n<p>&nbsp;<\/p>\n<figure id=\"attachment_75352\" aria-describedby=\"caption-attachment-75352\" style=\"width: 1200px\" class=\"wp-caption alignnone\"><img decoding=\"async\" loading=\"lazy\" class=\"size-full wp-image-75352\" src=\"https:\/\/www.ludwig-van.com\/montreal\/wp-content\/uploads\/sites\/3\/2023\/02\/Chauve-souris-cover.jpg\" alt=\"\" width=\"1200\" height=\"628\" \/><figcaption id=\"caption-attachment-75352\" class=\"wp-caption-text\">La Facult\u00e9 de musique de l&rsquo;Universit\u00e9 de Montr\u00e9al pr\u00e9sente La Chauve-souris, du<\/figcaption><\/figure>\n<h3>La Chauve-Souris<\/h3>\n<p>La Facult\u00e9 de musique convie le\u00a0public \u00e0 sa grande production d\u2019op\u00e9ra annuelle, pr\u00e9sent\u00e9e par l\u2019<strong>Atelier d\u2019op\u00e9ra<\/strong>\u00a0et l\u2019<strong>Orchestre de l\u2019Universit\u00e9 de Montr\u00e9al<\/strong>. Du 23 au 26 f\u00e9vrier prochains,\u00a0<em><strong>La chauve-souris<\/strong><\/em>, op\u00e9rette de\u00a0<strong>Johann Strauss fils<\/strong>, sera dirig\u00e9e par le r\u00e9put\u00e9 chef\u00a0<strong>Jean-Fran\u00e7ois Rivest<\/strong>, dans l\u2019acoustique exceptionnelle de la salle Claude-Champagne. La mise en sc\u00e8ne est sign\u00e9e\u00a0<strong>Fran\u00e7ois Racine<\/strong>.<\/p>\n<p><a href=\"https:\/\/www.ludwig-van.com\/montreal\/2023\/02\/20\/communaute-chauve-souris-de-johann-strauss-dans-une-production-haute-en-couleurs\/\" target=\"_blank\" rel=\"noopener\">EN SAVOIR PLUS<\/a><\/p>\n<p><strong>Quatre repr\u00e9sentations:\u00a0<\/strong><\/p>\n<p><strong>Jeudi 23, vendredi 24, samedi 25 f\u00e9vrier 2023 \u2013 19 h 30<\/strong><\/p>\n<p><strong>Dimanche 26 f\u00e9vrier \u2013 14 h\u00a0<\/strong><\/p>\n<p><strong>Salle Claude-Champagne<\/strong><\/p>\n<p><a href=\"https:\/\/musiqueumontreal.tuxedobillet.com\/main\/la-chauve-souris-de-johann-strauss-ii?utm_source=mailchimp&amp;utm_medium=email&amp;utm_campaign=s22-23_opera&amp;utm_content=fr_cpbillet&amp;mc_cid=32438a7126&amp;mc_eid=045c592d61\" target=\"_blank\" rel=\"noopener\"><strong>D\u00c9TAILS ET BILLETS<\/strong><\/a><\/p>\n<p>&nbsp;<\/p>\n<h2>Salle Bourgie<\/h2>\n<p>&nbsp;<\/p>\n<figure id=\"attachment_54582\" aria-describedby=\"caption-attachment-54582\" style=\"width: 700px\" class=\"wp-caption aligncenter\"><img decoding=\"async\" loading=\"lazy\" class=\"wp-image-54582 size-full\" src=\"https:\/\/www.ludwig-van.com\/montreal\/wp-content\/uploads\/sites\/3\/2018\/06\/Gesualdo-Six-by-Ash-Mills-calendrier.jpg\" alt=\"The Gesualdo Six\" width=\"700\" height=\"558\" srcset=\"https:\/\/www.ludwig-van.com\/montreal\/wp-content\/uploads\/sites\/3\/2018\/06\/Gesualdo-Six-by-Ash-Mills-calendrier.jpg 700w, https:\/\/www.ludwig-van.com\/montreal\/wp-content\/uploads\/sites\/3\/2018\/06\/Gesualdo-Six-by-Ash-Mills-calendrier-300x239.jpg 300w\" sizes=\"(max-width: 700px) 100vw, 700px\" \/><figcaption id=\"caption-attachment-54582\" class=\"wp-caption-text\">Les Gesualdo Six. (Photo: Ash Mills)<\/figcaption><\/figure>\n<h3>The Gesualdo Six: Motets anglais<\/h3>\n<p>Un parcours de l\u2019\u00c2ge d\u2019or de la polyphonie anglaise durant la Renaissance. Deux si\u00e8cles de transformations politiques et religieuses qui virent d\u00e9filer les \u0153uvres d\u2019esprit encore m\u00e9di\u00e9val de Power et de Sheppard, les contrepoints savants de Tallis et de Byrd ainsi que les riches textures de Tomkins et de White.<\/p>\n<h3>Le 21 f\u00e9vrier, 19 h 30, Salle Bourgie &#8211; <a href=\"https:\/\/www.mbam.qc.ca\/fr\/activites\/the-gesualdo-six---motets-anglais-1\/\" target=\"_blank\" rel=\"noopener\">D\u00c9TAILS ET BILLETS<\/a><\/h3>\n<p>&nbsp;<\/p>\n<figure id=\"attachment_75343\" aria-describedby=\"caption-attachment-75343\" style=\"width: 823px\" class=\"wp-caption alignnone\"><img decoding=\"async\" loading=\"lazy\" class=\"size-full wp-image-75343\" src=\"https:\/\/www.ludwig-van.com\/montreal\/wp-content\/uploads\/sites\/3\/2023\/02\/Pascal-Amoyel.jpg\" alt=\"Pascal Amoyel, pianiste. (Photo: courtoisie de la Salle Bourgie)\" width=\"823\" height=\"700\" \/><figcaption id=\"caption-attachment-75343\" class=\"wp-caption-text\">Pascal Amoyel, pianiste. (Photo: courtoisie de la Salle Bourgie)<\/figcaption><\/figure>\n<h3>Pascal Amoyel: Sur les traces de Beethoven<\/h3>\n<p>Apr\u00e8s le succ\u00e8s du\u00a0<em>Pianiste aux 50 doigts<\/em>\u00a0pr\u00e9sent\u00e9 \u00e0 deux reprises \u00e0 la Salle Bourgie, le dernier spectacle musical de Pascal Amoyel rend hommage \u00e0 Beethoven et \u00e0 ses 32\u00a0<em>Sonates,<\/em>\u00a0v\u00e9ritable journal d\u2019une vie.<\/p>\n<h3>Le 22 f\u00e9vrier, 19 h 30, Salle Bourgie &#8211; <a href=\"https:\/\/www.mbam.qc.ca\/fr\/activites\/pascal-amoyel-piano---sur-les-traces-de-beethoven-1\/\" target=\"_blank\" rel=\"noopener\">D\u00c9TAILS ET BILLETS<\/a><\/h3>\n<h3><\/h3>\n<figure id=\"attachment_58690\" aria-describedby=\"caption-attachment-58690\" style=\"width: 700px\" class=\"wp-caption aligncenter\"><img decoding=\"async\" loading=\"lazy\" class=\"wp-image-58690 size-full\" src=\"https:\/\/www.ludwig-van.com\/montreal\/wp-content\/uploads\/sites\/3\/2019\/02\/Emmanuelle-Bertrand-\u2013-Pascal-Amoyel.jpg\" alt=\"Emmanuelle Bertrand \u2013 Pascal Amoyel\" width=\"700\" height=\"500\" srcset=\"https:\/\/www.ludwig-van.com\/montreal\/wp-content\/uploads\/sites\/3\/2019\/02\/Emmanuelle-Bertrand-\u2013-Pascal-Amoyel.jpg 700w, https:\/\/www.ludwig-van.com\/montreal\/wp-content\/uploads\/sites\/3\/2019\/02\/Emmanuelle-Bertrand-\u2013-Pascal-Amoyel-300x214.jpg 300w\" sizes=\"(max-width: 700px) 100vw, 700px\" \/><figcaption id=\"caption-attachment-58690\" class=\"wp-caption-text\">Pascal Amoyel et Emmanuelle Bertrand. (Photo: courtoisie)<\/figcaption><\/figure>\n<h3>Emmanuelle Bertrand et Pascal Amoyel: Chants d&rsquo;amour<\/h3>\n<p>Deux interpr\u00e8tes extraordinaires, et tr\u00e8s appr\u00e9ci\u00e9s au Qu\u00e9bec, nous offrent une rare occasion d\u2019entendre la S<em>onate dramatique<\/em>\u00a0de Rita Strohl, \u0153uvre po\u00e9tique au souffle lyrique hors du commun, inspir\u00e9e par la trag\u00e9die de Racine\u00a0<em>B\u00e9r\u00e9nice<\/em>.<\/p>\n<h3>Le 23 f\u00e9vrier, 19 h 30, Salle Bourgie &#8211; <a href=\"https:\/\/www.mbam.qc.ca\/fr\/activites\/chants-damour-1\/\" target=\"_blank\" rel=\"noopener\">D\u00c9TAILS ET BILLETS<\/a><\/h3>\n<p>&nbsp;<\/p>\n<figure id=\"attachment_50248\" aria-describedby=\"caption-attachment-50248\" style=\"width: 697px\" class=\"wp-caption aligncenter\"><img decoding=\"async\" loading=\"lazy\" class=\"wp-image-50248 size-full\" src=\"https:\/\/www.ludwig-van.com\/montreal\/wp-content\/uploads\/sites\/3\/2017\/12\/Garcia_Alarcon-photo-Franck-Ferville-calendar.jpg\" alt=\"Leonardo Garc\u00eda Alarc\u00f3n\" width=\"697\" height=\"437\" srcset=\"https:\/\/www.ludwig-van.com\/montreal\/wp-content\/uploads\/sites\/3\/2017\/12\/Garcia_Alarcon-photo-Franck-Ferville-calendar.jpg 697w, https:\/\/www.ludwig-van.com\/montreal\/wp-content\/uploads\/sites\/3\/2017\/12\/Garcia_Alarcon-photo-Franck-Ferville-calendar-300x188.jpg 300w\" sizes=\"(max-width: 697px) 100vw, 697px\" \/><figcaption id=\"caption-attachment-50248\" class=\"wp-caption-text\">Leonardo Garcia Alarcon. (Cr\u00e9dit: Franck Ferville)<\/figcaption><\/figure>\n<h3 class=\"tribe-events-single-event-title\">Piazzolla sign\u00e9 Leonardo Garc\u00eda Alarc\u00f3n<\/h3>\n<p>Les Violons du Roy accueillent \u00e0 nouveau Leonardo Garc\u00eda Alarc\u00f3n, avec qui ils ont remport\u00e9 le prix Opus du concert de l\u2019ann\u00e9e 2018 \u00e0 Qu\u00e9bec. En compagnie des solistes Mariana Flor\u00e8s, William Sabatier et Louise Bessette, le chef argentin nous propose sa conception originale de la musique de Piazzolla dans un concert qui promet d\u2019\u00eatre des plus enlevants.<\/p>\n<h3>Le 24 f\u00e9vrier, 19 h 30, Salle Bourgie &#8211; <a href=\"https:\/\/www.mbam.qc.ca\/fr\/activites\/les-violons-du-roy---piazzolla-signe-leonardo-garcia-alarcon-1\/\" target=\"_blank\" rel=\"noopener\">D\u00c9TAILS ET BILLETS<\/a><\/h3>\n<p>&nbsp;<\/p>\n<figure id=\"attachment_67779\" aria-describedby=\"caption-attachment-67779\" style=\"width: 610px\" class=\"wp-caption aligncenter\"><img decoding=\"async\" loading=\"lazy\" class=\"wp-image-67779 size-full\" src=\"https:\/\/www.ludwig-van.com\/montreal\/wp-content\/uploads\/sites\/3\/2021\/09\/Eric-Milnes.jpg\" alt=\"Eric Milnes, chef de l'Harmonie des saisons. (Photo: courtoisie de la Salle Bourgie)\" width=\"610\" height=\"490\" \/><figcaption id=\"caption-attachment-67779\" class=\"wp-caption-text\">Eric Milnes, chef de l&rsquo;Harmonie des saisons. (Photo: courtoisie de la Salle Bourgie)<\/figcaption><\/figure>\n<h3>Le 24 f\u00e9vrier, 19 h 30, Salle Bourgie &#8211; <a href=\"https:\/\/www.mbam.qc.ca\/fr\/activites\/les-violons-du-roy---piazzolla-signe-leonardo-garcia-alarcon-1\/\" target=\"_blank\" rel=\"noopener\">D\u00c9TAILS ET BILLETS<\/a><\/h3>\n<p>L&rsquo;Harmonie des saisons &#8211; Int\u00e9grale des Cantates de Bach<\/p>\n<p class=\"text-short text-current-from-xs line-height-tight line-height-normal-from-xs\">La Salle Bourgie est d\u00e9j\u00e0 dans la derni\u00e8re ann\u00e9e d\u2019un p\u00e9riple musical entrepris il y a plus de 8 ans. Ce long et touchant voyage nous aura permis d\u2019entendre plus de 200 \u0153uvres d\u2019une extraordinaire diversit\u00e9 d\u2019expression et de sentiments, constituant \u00e0 elles seules un prodigieux univers sonore et spirituel.<\/p>\n<p>Cantates:<\/p>\n<p class=\"text-short text-current-from-xs line-height-tight line-height-normal-from-xs\"><em>Wer wei\u00df, wie nahe mir mein Ende<\/em><br \/>\n[Qui sait combien ma fin et proche], BWV 27<br \/>\n<em>Mein Gott, wie lang, ach lange?\u00a0<\/em>[Mon Dieu, combien de temps, combien de temps encore ?],\u00a0BWV 155<br \/>\n<em>H\u00f6chsterwunschtes Freudenfest<\/em><br \/>\n[F\u00eate de joie tant souhait\u00e9e], BWV 194<\/p>\n<p class=\"text-short text-current-from-xs line-height-tight line-height-normal-from-xs\">Le public sera invit\u00e9 \u00e0 chanter le choral final de la derni\u00e8re cantate BWV 194.<\/p>\n<h3>Le 26 f\u00e9vrier, 14 h 30 &#8211; <a href=\"https:\/\/www.mbam.qc.ca\/fr\/activites\/lharmonie-des-saisons---integrale-des-cantates-de-j-s-bach---an-8-1\/\" target=\"_blank\" rel=\"noopener\">D\u00c9TAILS ET BILLETS<\/a><\/h3>\n<p>&nbsp;<\/p>\n<figure id=\"attachment_74958\" aria-describedby=\"caption-attachment-74958\" style=\"width: 1200px\" class=\"wp-caption alignnone\"><img decoding=\"async\" loading=\"lazy\" class=\"size-full wp-image-74958\" src=\"https:\/\/www.ludwig-van.com\/montreal\/wp-content\/uploads\/sites\/3\/2023\/01\/Entre-ciel-et-terre_JMC.jpg\" alt=\"\" width=\"1200\" height=\"447\" \/><figcaption id=\"caption-attachment-74958\" class=\"wp-caption-text\">Louis-Benoit Caron, Julien Leblanc<\/figcaption><\/figure>\n<h3>Jeunesses musicales Canada: entre ciel et terre<\/h3>\n<p>La Terre et le ciel ont inspir\u00e9 une myriade d\u2019\u0153uvres. Explorez avec Louis-Beno\u00eet ces th\u00e9matiques \u00e0 travers un r\u00e9pertoire pour clarinette \u00e9voquant la nature, le joyeux chant des oiseaux et la voix profonde et m\u00e9lancolique des arbres. Ce concert se veut une introspection musicale, une ode \u00e0 la nature qui nous entoure alors qu\u2019il est plus important que jamais de la ch\u00e9rir et de la prot\u00e9ger.<\/p>\n<h3><strong>Le 23 f\u00e9vrier, 19 h 30, salle Joseph-Rouleau<a href=\"https:\/\/www.jmcanada.ca\/fr\/concerts\/entre-ciel-et-terre\/\" target=\"_blank\" rel=\"noopener\"> D\u00c9TAILS ET BILLETS<\/a><\/strong><\/h3>\n<p>&nbsp;<\/p>\n<p style=\"text-align: center;\"><img decoding=\"async\" loading=\"lazy\" class=\"alignnone size-full wp-image-75400\" src=\"https:\/\/www.ludwig-van.com\/montreal\/wp-content\/uploads\/sites\/3\/2023\/02\/Serenade-1.png\" alt=\"\" width=\"640\" height=\"360\" \/><\/p>\n<h3>Chapelle historique du Bon-Pasteur<\/h3>\n<p>Concert de Ad Hoc, octuor \u00e0 vent<\/p>\n<p>Sonia Gratton et M\u00e9lanie Harel, hautbois<br \/>\nMartin Carpentier et Gwena\u00eblle Ratouit, clarinette<br \/>\nMary Chalk et Mathieu Harel, basson<br \/>\nSimon Bourget et Maude Lussier, cor<\/p>\n<p>Programme:<\/p>\n<p>Georg Friedrich Haendel: Music for the Royal Fireworks<br \/>\nWolfgang Amadeus Mozart: S\u00e9r\u00e9nade en do mineur, K. 388<br \/>\nLudwig van Beethoven: Octuor \u00e0 vent, opus 103<\/p>\n<h3>Le 26 f\u00e9vrier, 15 h &#8211; <a href=\"https:\/\/lepointdevente.com\/billets\/dwv230226001\" target=\"_blank\" rel=\"noopener\">D\u00c9TAILS ET BILLETS<\/a><\/h3>\n<h2><em>Inscrivez-vous \u00e0 notre infolettre! La musique classique et l&rsquo;op\u00e9ra en 5 minutes, chaque jour<\/em> \u00a0<span style=\"color: #ff0000;\"><a style=\"color: #ff0000;\" href=\"https:\/\/ludwig-van.us9.list-manage.com\/subscribe?u=4f785cb3f9058f2393ccad035&amp;id=b9b160c032\" target=\"_blank\" rel=\"noopener noreferrer\">ICI\u00a0<\/a><\/span><\/h2>\n<p>&nbsp;<\/p>\n","protected":false},"excerpt":{"rendered":"<p>Une belle semaine en musique classique nous attend, avec la visite de Kent Nagano pour trois concerts \u00e0 l&rsquo;OSM, La chauve-souris de Strauss \u00e0 la Facult\u00e9 de musique de l&rsquo;Universit\u00e9 de Montr\u00e9al, ainsi le d\u00e9but du Festival Montr\u00e9al nouvelle musique, entre autres. Voici nos Choix de la r\u00e9daction du 20 au 26 f\u00e9vrier 2023. Bon concert!<\/p>\n","protected":false},"author":1,"featured_media":75408,"comment_status":"open","ping_status":"open","sticky":false,"template":"","format":"standard","meta":{"om_disable_all_campaigns":false,"jetpack_post_was_ever_published":false},"categories":[42065,10956,10994],"tags":[42066,4485,11137],"yst_prominent_words":[9863,13120,13117,13124,33504,31965,26052,16844,16842,18329,9877,13123,13119,33503,9956,21568,31964],"acf":[],"jetpack_featured_media_url":"https:\/\/www.ludwig-van.com\/montreal\/wp-content\/uploads\/sites\/3\/2023\/02\/Copie-de-CONCERTS-67.jpg","jetpack_sharing_enabled":true,"jetpack_shortlink":"https:\/\/wp.me\/p9bdYt-jBc","amp_enabled":true,"_links":{"self":[{"href":"https:\/\/www.ludwig-van.com\/montreal\/wp-json\/wp\/v2\/posts\/75342"}],"collection":[{"href":"https:\/\/www.ludwig-van.com\/montreal\/wp-json\/wp\/v2\/posts"}],"about":[{"href":"https:\/\/www.ludwig-van.com\/montreal\/wp-json\/wp\/v2\/types\/post"}],"author":[{"embeddable":true,"href":"https:\/\/www.ludwig-van.com\/montreal\/wp-json\/wp\/v2\/users\/1"}],"replies":[{"embeddable":true,"href":"https:\/\/www.ludwig-van.com\/montreal\/wp-json\/wp\/v2\/comments?post=75342"}],"version-history":[{"count":13,"href":"https:\/\/www.ludwig-van.com\/montreal\/wp-json\/wp\/v2\/posts\/75342\/revisions"}],"predecessor-version":[{"id":75452,"href":"https:\/\/www.ludwig-van.com\/montreal\/wp-json\/wp\/v2\/posts\/75342\/revisions\/75452"}],"wp:featuredmedia":[{"embeddable":true,"href":"https:\/\/www.ludwig-van.com\/montreal\/wp-json\/wp\/v2\/media\/75408"}],"wp:attachment":[{"href":"https:\/\/www.ludwig-van.com\/montreal\/wp-json\/wp\/v2\/media?parent=75342"}],"wp:term":[{"taxonomy":"category","embeddable":true,"href":"https:\/\/www.ludwig-van.com\/montreal\/wp-json\/wp\/v2\/categories?post=75342"},{"taxonomy":"post_tag","embeddable":true,"href":"https:\/\/www.ludwig-van.com\/montreal\/wp-json\/wp\/v2\/tags?post=75342"},{"taxonomy":"yst_prominent_words","embeddable":true,"href":"https:\/\/www.ludwig-van.com\/montreal\/wp-json\/wp\/v2\/yst_prominent_words?post=75342"}],"curies":[{"name":"wp","href":"https:\/\/api.w.org\/{rel}","templated":true}]}}