{"id":75127,"date":"2023-02-07T12:00:09","date_gmt":"2023-02-07T17:00:09","guid":{"rendered":"https:\/\/www.ludwig-van.com\/montreal\/?p=75127"},"modified":"2023-02-07T12:13:54","modified_gmt":"2023-02-07T17:13:54","slug":"nouvelle-7","status":"publish","type":"post","link":"https:\/\/www.ludwig-van.com\/montreal\/2023\/02\/07\/nouvelle-7\/","title":{"rendered":"NOUVELLE | L&rsquo;OSM enregistre la Cinqui\u00e8me de Mahler avec Payare chez Pentatone"},"content":{"rendered":"<figure id=\"attachment_75129\" aria-describedby=\"caption-attachment-75129\" style=\"width: 1200px\" class=\"wp-caption alignnone\"><img decoding=\"async\" loading=\"lazy\" class=\"size-full wp-image-75129\" src=\"https:\/\/www.ludwig-van.com\/montreal\/wp-content\/uploads\/sites\/3\/2023\/02\/Copie-de-NOUVELLE-46.jpg\" alt=\"Rafael Payare dirige l'OSM dans la Cinqui\u00e8me de Mahler, disponible sous \u00e9tiquette Pentatone \u00e0 compter du 3 mars. (Photo: Antoine Saito)\" width=\"1200\" height=\"628\" \/><figcaption id=\"caption-attachment-75129\" class=\"wp-caption-text\">Rafael Payare dirige l&rsquo;OSM dans la Cinqui\u00e8me de Mahler, disponible sous \u00e9tiquette Pentatone \u00e0 compter du 3 mars. (Photo: Antoine Saito)<\/figcaption><\/figure>\n<h3><span style=\"color: #808080;\">L&rsquo;Orchestre symphonique de Montr\u00e9al annonce la parution d&rsquo;un premier disque avec son nouveau directeur musical, Rafael Payare. Il s&rsquo;agit \u00e9galement d&rsquo;un premier album avec la maison de disques Pentatone. La monumentale Symphonie no 5 de Gustav Mahler, enregistr\u00e9e \u00e0 la Maison symphonique en ao\u00fbt dernier, est la seule pi\u00e8ce \u00e0 y figurer.\u00a0<\/span><\/h3>\n<p>L&rsquo;album sera lanc\u00e9 officiellement le 3 mars. Il s&rsquo;agit du 132e album de <a href=\"https:\/\/www.osm.ca\/fr\/boutique\/?utm_source=cmq_fr_lancement_album_mahler&amp;utm_medium=edm_fr&amp;utm_campaign=saison_2022-2023&amp;oft_id=16880888&amp;oft_k=wxKuCGYY&amp;oft_lk=WFXaqR&amp;oft_d=638113667505900000\" target=\"_blank\" rel=\"noopener\">l&rsquo;imposante discographie<\/a> de l&rsquo;OSM, dont le coffret <strong>DECCA<\/strong> avec <strong>Charles Dutoit<\/strong> compte, \u00e0 lui seul, 34 CD. Par la suite, l&rsquo;orchestre a \u00e9galement enregistr\u00e9 de nombreux albums avec <strong>Kent Nagano<\/strong> sous \u00e9tiquette <strong>Analekta.\u00a0<\/strong><\/p>\n<p><strong>Renaud Loranger<\/strong>, vice-pr\u00e9sident, artistes et r\u00e9pertoire, chez Pentatone (ainsi que directeur artistique du Festival de Lanaudi\u00e8re) peut certainement se f\u00e9liciter de ce bon coup. Pour une maison de disques, ce n&rsquo;est pas rien de pouvoir inscrire l&rsquo;OSM sur la liste de ses artistes. On nous annonce d&rsquo;ailleurs que ce premier album OSM\/Payare\/Pentatone sera aussi le point de d\u00e9part de ce qui se veut une longue collaboration.<\/p>\n<p>\u00ab\u00a0Ayant grandi pr\u00e8s de Montr\u00e9al, les concerts de l&rsquo;OSM &#8211; d&rsquo;abord \u00e0 Lanaudi\u00e8re, puis en ville &#8211; ont constitu\u00e9 le socle de mon \u00e9ducation musicale. C&rsquo;est un immense plaisir et un privil\u00e8ge d&rsquo;accueillir cet ensemble d&rsquo;importance historique dans la famille Pentatone et en prime, avec leur nouveau directeur musical, Rafael Payare, \u00e0 la barre &#8211; un chef qui incarne v\u00e9ritablement le pr\u00e9sent et l&rsquo;avenir de cette forme d&rsquo;art\u00a0\u00bb a fait savoir Renaud Loranger par voie de communiqu\u00e9.<\/p>\n<p>&nbsp;<\/p>\n<p style=\"text-align: center;\"><img decoding=\"async\" loading=\"lazy\" class=\"alignnone size-full wp-image-75130\" src=\"https:\/\/www.ludwig-van.com\/montreal\/wp-content\/uploads\/sites\/3\/2023\/02\/disque-OSM-Payare-1200.jpg\" alt=\"\" width=\"1200\" height=\"1141\" \/><\/p>\n<p><strong>Rafael Payare<\/strong>, pour sa part, souligne le talent des musiciens de l&rsquo;orchestre: \u00ab\u00a0Rien ne pourrait me rendre plus heureux que de me plonger dans cette partition de Mahler avec les musiciens de l\u2019Orchestre symphonique de Montr\u00e9al. Leur finesse technique, leur couleur tonale, leur port\u00e9e et leur profondeur donnent vie \u00e0 la vaste toile musicale cr\u00e9\u00e9e par le compositeur.\u00a0\u00bb<\/p>\n<p>S&rsquo;il faut se fier \u00e0 <a href=\"https:\/\/www.ludwig-van.com\/montreal\/2022\/09\/17\/critique-mahler-2-a-losm-quand-le-vocabulaire-manque-de-superlatifs\/\" target=\"_blank\" rel=\"noopener\">l&rsquo;interpr\u00e9tation de la Symphonie no 2 \u00ab\u00a0R\u00e9surrection\u00a0\u00bb de Mahler pr\u00e9sent\u00e9e en d\u00e9but de saison<\/a>, ne peut qu&rsquo;\u00eatre d&rsquo;accord avec lui.<\/p>\n<p>C&rsquo;est cette m\u00eame symphonie qui sera au c\u0153ur de la <a href=\"https:\/\/www.osm.ca\/fr\/tournee-aux-etats-unis-2023\/\" target=\"_blank\" rel=\"noopener\">mini-tourn\u00e9e de l&rsquo;OSM<\/a> aux \u00c9tats-Unis, en mars prochain, o\u00f9 l&rsquo;orchestre se produira au Kennedy Center \u00e0 Washington, le 6 mars, ainsi qu&rsquo;\u00e0 Carnegie Hall, \u00e0 New York, le 8 mars. Le pianiste <strong>Yefim Bronfman<\/strong> sera avec eux pour interpr\u00e9ter le Concerto pour piano no 2 de Bartok. Une pi\u00e8ce de la compositrice am\u00e9ricaine <strong>Dorothy Chang<\/strong> est \u00e9galement de ce programme, qui sera aussi pr\u00e9sent\u00e9 \u00e0 leur retour \u00e0 Montr\u00e9al, le 9 mars.<\/p>\n<h2><em>Inscrivez-vous \u00e0 notre infolettre! La musique classique et l&rsquo;op\u00e9ra en 5 minutes, chaque jour<\/em> \u00a0<span style=\"color: #ff0000;\"><a style=\"color: #ff0000;\" href=\"https:\/\/ludwig-van.us9.list-manage.com\/subscribe?u=4f785cb3f9058f2393ccad035&amp;id=b9b160c032\" target=\"_blank\" rel=\"noopener noreferrer\">ICI\u00a0<\/a><\/span><\/h2>\n","protected":false},"excerpt":{"rendered":"<p>L&rsquo;Orchestre symphonique de Montr\u00e9al annonce la parution d&rsquo;un premier disque avec son nouveau directeur musical, Rafael Payare. Il s&rsquo;agit \u00e9galement d&rsquo;un premier album avec la maison de disques Pentatone. La monumentale Symphonie no 5 de Gustav Mahler, enregistr\u00e9e \u00e0 la Maison symphonique en ao\u00fbt dernier, est la seule pi\u00e8ce \u00e0 y figurer.\u00a0<\/p>\n","protected":false},"author":51,"featured_media":75129,"comment_status":"open","ping_status":"open","sticky":false,"template":"","format":"standard","meta":{"om_disable_all_campaigns":false,"jetpack_post_was_ever_published":false},"categories":[42065],"tags":[42066,4485,2597],"yst_prominent_words":[19484,9847,9808,11092,38696,16404,20816,12692,41134,25820,20367,25350,11819,9870],"acf":[],"jetpack_featured_media_url":"https:\/\/www.ludwig-van.com\/montreal\/wp-content\/uploads\/sites\/3\/2023\/02\/Copie-de-NOUVELLE-46.jpg","jetpack_sharing_enabled":true,"jetpack_shortlink":"https:\/\/wp.me\/p9bdYt-jxJ","amp_enabled":true,"_links":{"self":[{"href":"https:\/\/www.ludwig-van.com\/montreal\/wp-json\/wp\/v2\/posts\/75127"}],"collection":[{"href":"https:\/\/www.ludwig-van.com\/montreal\/wp-json\/wp\/v2\/posts"}],"about":[{"href":"https:\/\/www.ludwig-van.com\/montreal\/wp-json\/wp\/v2\/types\/post"}],"author":[{"embeddable":true,"href":"https:\/\/www.ludwig-van.com\/montreal\/wp-json\/wp\/v2\/users\/51"}],"replies":[{"embeddable":true,"href":"https:\/\/www.ludwig-van.com\/montreal\/wp-json\/wp\/v2\/comments?post=75127"}],"version-history":[{"count":6,"href":"https:\/\/www.ludwig-van.com\/montreal\/wp-json\/wp\/v2\/posts\/75127\/revisions"}],"predecessor-version":[{"id":75135,"href":"https:\/\/www.ludwig-van.com\/montreal\/wp-json\/wp\/v2\/posts\/75127\/revisions\/75135"}],"wp:featuredmedia":[{"embeddable":true,"href":"https:\/\/www.ludwig-van.com\/montreal\/wp-json\/wp\/v2\/media\/75129"}],"wp:attachment":[{"href":"https:\/\/www.ludwig-van.com\/montreal\/wp-json\/wp\/v2\/media?parent=75127"}],"wp:term":[{"taxonomy":"category","embeddable":true,"href":"https:\/\/www.ludwig-van.com\/montreal\/wp-json\/wp\/v2\/categories?post=75127"},{"taxonomy":"post_tag","embeddable":true,"href":"https:\/\/www.ludwig-van.com\/montreal\/wp-json\/wp\/v2\/tags?post=75127"},{"taxonomy":"yst_prominent_words","embeddable":true,"href":"https:\/\/www.ludwig-van.com\/montreal\/wp-json\/wp\/v2\/yst_prominent_words?post=75127"}],"curies":[{"name":"wp","href":"https:\/\/api.w.org\/{rel}","templated":true}]}}