{"id":75115,"date":"2023-02-06T15:26:06","date_gmt":"2023-02-06T20:26:06","guid":{"rendered":"https:\/\/www.ludwig-van.com\/montreal\/?p=75115"},"modified":"2023-02-06T17:46:48","modified_gmt":"2023-02-06T22:46:48","slug":"choix-redaction-concerts-classiques-6-au-12-fevrier","status":"publish","type":"post","link":"https:\/\/www.ludwig-van.com\/montreal\/2023\/02\/06\/choix-redaction-concerts-classiques-6-au-12-fevrier\/","title":{"rendered":"CHOIX DE LA R\u00c9DACTION | Les concerts classiques \u00e0 ne pas manquer du 6 au 12 f\u00e9vrier"},"content":{"rendered":"<h3><\/h3>\n<h3 style=\"text-align: center;\"><img decoding=\"async\" loading=\"lazy\" class=\"alignnone size-full wp-image-75124\" src=\"https:\/\/www.ludwig-van.com\/montreal\/wp-content\/uploads\/sites\/3\/2023\/02\/Copie-de-CONCERTS-65.jpg\" alt=\"\" width=\"1200\" height=\"628\" \/><\/h3>\n<h3><span style=\"color: #808080;\">En ce d\u00e9but du Mois de l\u2019Histoire des Noirs de Montr\u00e9al, l\u2019Orchestre Classique de Montr\u00e9al interpr\u00e8te en premi\u00e8re mondiale un l&rsquo;op\u00e9ra de chambre La Flambeau. Parmi les faits saillants de la semaine, d&rsquo;autres cr\u00e9ations de nos compositeurs sont pr\u00e9vues, dont celles de concertos de Tim Brady par l&rsquo;OSM, et de Simon Bertrand par l&rsquo;OM.\u00a0<\/span><\/h3>\n<h3><span style=\"color: #808080;\">Voici nos Choix de la r\u00e9daction du 6 au 12 f\u00e9vrier 2023.\u00a0<\/span><\/h3>\n<p>&nbsp;<\/p>\n<p style=\"text-align: center;\"><img decoding=\"async\" loading=\"lazy\" class=\"alignnone wp-image-63710 size-full\" src=\"https:\/\/www.ludwig-van.com\/montreal\/wp-content\/uploads\/sites\/3\/2020\/01\/Aline-Kutan.jpg\" alt=\"Aline Kutan recadr\u00e9e\" width=\"1200\" height=\"983\" srcset=\"https:\/\/www.ludwig-van.com\/montreal\/wp-content\/uploads\/sites\/3\/2020\/01\/Aline-Kutan.jpg 1200w, https:\/\/www.ludwig-van.com\/montreal\/wp-content\/uploads\/sites\/3\/2020\/01\/Aline-Kutan-300x246.jpg 300w, https:\/\/www.ludwig-van.com\/montreal\/wp-content\/uploads\/sites\/3\/2020\/01\/Aline-Kutan-1024x839.jpg 1024w, https:\/\/www.ludwig-van.com\/montreal\/wp-content\/uploads\/sites\/3\/2020\/01\/Aline-Kutan-768x629.jpg 768w\" sizes=\"(max-width: 1200px) 100vw, 1200px\" \/><\/p>\n<h3><strong>Clavecin en concert | Harmonies \u00e0 quatre + un<\/strong><\/h3>\n<p><strong>Le 7 f\u00e9vrier, 19h30, Salle Bourgie<\/strong> &#8211; <a href=\"https:\/\/lepointdevente.com\/billets\/fhj230207001\" target=\"_blank\" rel=\"noopener\">D\u00c9TAILS ET BILLETS<\/a><\/p>\n<p>La <strong>Salle Bourgie<\/strong> accueille Aline Kutan, Antonio Figueroa, Annamaria Popescu et Marc Boucher, sous la direction de <strong>Luc Beaus\u00e9jour.<\/strong> Franz Joseph Haydn, \u00e0 la fin de sa vie, et Franz Schubert ont laiss\u00e9 de magnifiques quatuors vocaux avec accompagnement de piano \u00e0 l\u2019usage des amateurs de talent d\u00e9sireux d\u2019occuper leurs soir\u00e9es musicales. Ils ont puis\u00e9 chez les plus importants po\u00e8tes du temps des textes qui, non sans une subtile dimension moralisante, \u00e9voquent les \u00e2ges de la vie, l\u2019amour, la solitude, les charmes et les rigueurs de la nature ou la puissance et la bont\u00e9 du Cr\u00e9ateur. Au pianoforte de la salle Bourgie, fabriqu\u00e9 d\u2019apr\u00e8s des instruments viennois des ann\u00e9es 1830, Luc Beaus\u00e9jour compl\u00e8te le programme par une Sonate de Haydn et une Fantaisie de Mozart.<\/p>\n<h3><\/h3>\n<figure id=\"attachment_66279\" aria-describedby=\"caption-attachment-66279\" style=\"width: 1200px\" class=\"wp-caption alignnone\"><img decoding=\"async\" loading=\"lazy\" class=\"size-full wp-image-66279\" src=\"https:\/\/www.ludwig-van.com\/montreal\/wp-content\/uploads\/sites\/3\/2021\/03\/SMAM_C-Katya-Konioukhova-redim.jpg\" alt=\"\" width=\"1200\" height=\"800\" \/><figcaption id=\"caption-attachment-66279\" class=\"wp-caption-text\">Le Studio de musique ancienne de Montr\u00e9al. (Photo: Katya Konioukhova)<\/figcaption><\/figure>\n<h3><strong>Studio de musique ancienne de Montr\u00e9al<\/strong><\/h3>\n<p><strong>Le 12 f\u00e9vrier, 14h30, Salle Bourgie<\/strong> \u2013 <a href=\"https:\/\/www.mbam.qc.ca\/fr\/activites\/studio-de-musique-ancienne-de-montreal---integrale-des-cantates-de-j-s-bach---an-8-1\/\" target=\"_blank\" rel=\"noopener\">D\u00c9TAILS ET BILLETS<\/a><\/p>\n<p>Le <strong>Studio de musique ancienne de Montr\u00e9al<\/strong> poursuit l\u2019interpr\u00e9tation de l\u2019int\u00e9grale des cantates de Bach de la Salle Bourgie. Le public sera invit\u00e9 \u00e0 chanter le choral final de la cantate BWV 104.<\/p>\n<p>&nbsp;<\/p>\n<figure id=\"attachment_74838\" aria-describedby=\"caption-attachment-74838\" style=\"width: 1108px\" class=\"wp-caption alignnone\"><img decoding=\"async\" loading=\"lazy\" class=\"size-full wp-image-74838\" src=\"https:\/\/www.ludwig-van.com\/montreal\/wp-content\/uploads\/sites\/3\/2023\/01\/David-Bontemps.png\" alt=\"David Bontemps, compositeur. (Photo: courtoisie de l'OCM)\" width=\"1108\" height=\"820\" \/><figcaption id=\"caption-attachment-74838\" class=\"wp-caption-text\">David Bontemps, compositeur. (Photo: courtoisie de l&rsquo;OCM)<\/figcaption><\/figure>\n<h3><strong>Orchestre classique de Montr\u00e9al | La Flambeau<\/strong><\/h3>\n<p><strong>Le 7 f\u00e9vrier, 19h30, Salle Pierre-Mercure<\/strong> \u2013 <a href=\"https:\/\/orchestre.ca\/la-flambeau-premiere-mondiale\/\" target=\"_blank\" rel=\"noopener\">D\u00c9TAILS ET BILLETS<\/a><\/p>\n<p>Pr\u00e9sent\u00e9 en premi\u00e8re mondiale dans le cadre du Mois de l\u2019Histoire des Noirs de Montr\u00e9al, <em>La flambeau<\/em> sera repr\u00e9sent\u00e9 \u00e0 la Salle Pierre-Mercure sous la direction d\u2019<strong>Alain Trudel<\/strong> dans une mise en sc\u00e8ne de Mariah Inger. Cet op\u00e9ra du compositeurs montr\u00e9alais d&rsquo;origine ha\u00eftienne <strong>David Bontemps<\/strong> d\u00e9nonce la corruption, la misogynie et l\u2019abus de pouvoir.<\/p>\n<p><a href=\"https:\/\/www.ludwig-van.com\/montreal\/2023\/02\/04\/rencontre-david-bontemps-compositeur-flambeau-fiction-haitienne-opera\/\" target=\"_blank\" rel=\"noopener\">LIRE NOTRE ENTREVUE AVEC DAVID BONTEMPS<\/a><\/p>\n<p>&nbsp;<\/p>\n<figure id=\"attachment_54881\" aria-describedby=\"caption-attachment-54881\" style=\"width: 1024px\" class=\"wp-caption alignnone\"><img decoding=\"async\" loading=\"lazy\" class=\"wp-image-54881 size-full\" src=\"https:\/\/www.ludwig-van.com\/montreal\/wp-content\/uploads\/sites\/3\/2018\/06\/Andrew-Wan-refaite.jpg\" alt=\"\" width=\"1024\" height=\"576\" srcset=\"https:\/\/www.ludwig-van.com\/montreal\/wp-content\/uploads\/sites\/3\/2018\/06\/Andrew-Wan-refaite.jpg 1024w, https:\/\/www.ludwig-van.com\/montreal\/wp-content\/uploads\/sites\/3\/2018\/06\/Andrew-Wan-refaite-300x169.jpg 300w, https:\/\/www.ludwig-van.com\/montreal\/wp-content\/uploads\/sites\/3\/2018\/06\/Andrew-Wan-refaite-768x432.jpg 768w\" sizes=\"(max-width: 1024px) 100vw, 1024px\" \/><figcaption id=\"caption-attachment-54881\" class=\"wp-caption-text\">Andrew Wan, violoniste. (Photo: courtoisie de l&rsquo;OSM)<\/figcaption><\/figure>\n<h3><strong>Orchestre symphonique de Montr\u00e9al | Tcha\u00efkovski et la force du destin<\/strong><\/h3>\n<p><strong>Le 8 f\u00e9vrier, 19h30; 9 f\u00e9vrier, 10h30 et 19h30,\u00a0 Maison Symphonique<\/strong> \u2013 <a href=\"https:\/\/www.osm.ca\/fr\/concerts\/tchaikovski-et-la-force-du-destin\/\" target=\"_blank\" rel=\"noopener\">D\u00c9TAILS ET BILLETS<\/a><\/p>\n<p>L&rsquo;Orchestre Symphonique de Montr\u00e9al interpr\u00e9tera en ouverture <em>La forza del destino <\/em>de Verdi, la Symphonie n\u00b04 de Tcha\u00efkovski et, en premi\u00e8re mondiale, la commande de l\u2019OSM au compositeur <strong>Tim Brady.<\/strong> Ce Concerto pour violon n\u00b02 sera interpr\u00e9t\u00e9 par le violon solo de l\u2019OSM, <strong>Andrew Wan<\/strong>, sous la direction de <strong>Jordan de Souza.<\/strong><\/p>\n<p>&nbsp;<\/p>\n<figure id=\"attachment_74866\" aria-describedby=\"caption-attachment-74866\" style=\"width: 950px\" class=\"wp-caption alignnone\"><img decoding=\"async\" loading=\"lazy\" class=\"size-full wp-image-74866\" src=\"https:\/\/www.ludwig-van.com\/montreal\/wp-content\/uploads\/sites\/3\/2023\/01\/Alla-Zagaykevych2.jpg\" alt=\"\" width=\"950\" height=\"475\" \/><figcaption id=\"caption-attachment-74866\" class=\"wp-caption-text\">Alla Zagaykevych (Photo: courtoisie)<\/figcaption><\/figure>\n<h3><strong>Le Vivier | Portrait 32 Alla Zagaykevych || Viviermix<\/strong><\/h3>\n<p><strong>Le 8 f\u00e9vrier, 19h30, \u00c9difice Wilder<\/strong> \u2013 <a href=\"https:\/\/levivier.ca\/fr\/concert\/saison-2022-23\/portrait2-alla-zagaykevych-viviermix\" target=\"_blank\" rel=\"noopener\">D\u00c9TAILS ET BILLETS<\/a><\/p>\n<p>Dans ce deuxi\u00e8me concert-portrait d\u2019<strong>Alla Zagaykevych<\/strong>, l\u2019artiste ukrainienne en r\u00e9sidence au <strong>Vivier<\/strong> propose un concert compos\u00e9 de trois \u0153uvres de son r\u00e9pertoire et d\u2019une cr\u00e9ation. Elles seront interpr\u00e9t\u00e9es par <strong>Quasar<\/strong> (saxophones), Pamela Reimer (piano), Lyne Allard (violon), Hubert Brizard (violon), Marie-Annick B\u00e9liveau (soprano \u2013 Chants Libres), Corinne Ren\u00e9 (percussions \u2013 PSM). Inspir\u00e9es par la po\u00e9sie, ses compositions allient un m\u00e9lange subtil de musique instrumentale et de musique \u00e9lectronique.<\/p>\n<p>&nbsp;<\/p>\n<figure id=\"attachment_58925\" aria-describedby=\"caption-attachment-58925\" style=\"width: 1024px\" class=\"wp-caption aligncenter\"><img decoding=\"async\" loading=\"lazy\" class=\"wp-image-58925 size-full\" src=\"https:\/\/www.ludwig-van.com\/montreal\/wp-content\/uploads\/sites\/3\/2019\/03\/Thorwald-Jorgensen-courtoisie.jpg\" alt=\"Thorwald Jorgensen, th\u00e9r\u00e9miste. (photo: courtoisie)\" width=\"1024\" height=\"412\" srcset=\"https:\/\/www.ludwig-van.com\/montreal\/wp-content\/uploads\/sites\/3\/2019\/03\/Thorwald-Jorgensen-courtoisie.jpg 1024w, https:\/\/www.ludwig-van.com\/montreal\/wp-content\/uploads\/sites\/3\/2019\/03\/Thorwald-Jorgensen-courtoisie-300x121.jpg 300w, https:\/\/www.ludwig-van.com\/montreal\/wp-content\/uploads\/sites\/3\/2019\/03\/Thorwald-Jorgensen-courtoisie-768x309.jpg 768w\" sizes=\"(max-width: 1024px) 100vw, 1024px\" \/><figcaption id=\"caption-attachment-58925\" class=\"wp-caption-text\">Thorwald Jorgensen, th\u00e9r\u00e9miste. (photo: courtoisie)<\/figcaption><\/figure>\n<h3><strong>Orchestre M\u00e9tropolitain | R\u00e9volution \u00e9lectrique<\/strong><\/h3>\n<p><strong>Le 9 f\u00e9vrier, 20h00, \u00c9glise Saint-Joachim<\/strong> \u2013 <a href=\"https:\/\/orchestremetropolitain.com\/fr\/concerts\/revolution-electrique\/?show_date_id=4253\" target=\"_blank\" rel=\"noopener\">D\u00c9TAILS ET BILLETS<\/a><\/p>\n<p><strong>Le 10 f\u00e9vrier, 19h30, Maison Symphonique<\/strong> \u2013 <a href=\"https:\/\/am.ticketmaster.com\/pda\/fr-ca\/virtual-venue\/M3S0210\" target=\"_blank\" rel=\"noopener\">D\u00c9TAILS ET BILLETS<\/a><\/p>\n<p><strong>Le 11 f\u00e9vrier, 19h30, Th\u00e9\u00e2tre Mirella et Lino Saputo<\/strong> \u2013 <a href=\"https:\/\/orchestremetropolitain.com\/fr\/concerts\/revolution-electrique\/?show_date_id=4255\" target=\"_blank\" rel=\"noopener\">D\u00c9TAILS ET BILLETS<\/a><\/p>\n<p>Lors de ce concert, l\u2019<strong>Orchestre M\u00e9tropolitain<\/strong> interpr\u00e8tera l\u2019Ouverture du <em>Vaisseau fant\u00f4me <\/em>de Wagner ainsi que la Symphonie n\u00b07 de Dvo\u0159\u00e1k. Au c\u0153ur de ce concert, sous la direction de la cheffe \u00e9toile Daniela Candillari, Thorwald J\u00f8rgensen s\u2019illustrera dans la cr\u00e9ation de <em>Cinq moments dans la vie tr\u00e9pidante de L\u00e9on Th\u00e9remine<\/em>, concerto pour th\u00e9r\u00e9mine de <strong>Simon Bertrand<\/strong>, compositeur qu\u00e9b\u00e9cois.<\/p>\n<p style=\"text-align: center;\"><strong>\u00a0<\/strong><\/p>\n<figure id=\"attachment_60586\" aria-describedby=\"caption-attachment-60586\" style=\"width: 638px\" class=\"wp-caption aligncenter\"><img decoding=\"async\" loading=\"lazy\" class=\"wp-image-60586 size-full\" src=\"https:\/\/www.ludwig-van.com\/montreal\/wp-content\/uploads\/sites\/3\/2019\/08\/Lukas-Geniusas.png\" alt=\"Lukas Geniusas, pianiste. (Photo: courtoisie)\" width=\"638\" height=\"433\" srcset=\"https:\/\/www.ludwig-van.com\/montreal\/wp-content\/uploads\/sites\/3\/2019\/08\/Lukas-Geniusas.png 638w, https:\/\/www.ludwig-van.com\/montreal\/wp-content\/uploads\/sites\/3\/2019\/08\/Lukas-Geniusas-300x204.png 300w\" sizes=\"(max-width: 638px) 100vw, 638px\" \/><figcaption id=\"caption-attachment-60586\" class=\"wp-caption-text\">Lukas Geniusas, pianiste. (Photo: courtoisie)<\/figcaption><\/figure>\n<h3><strong>Lukas Geniusas en r\u00e9cital<\/strong><\/h3>\n<p><strong>Le 12 f\u00e9vrier, 15h30, Salle Pollack<\/strong> \u2013 <a href=\"https:\/\/www.lmmc.ca\/fr\/lukas-geniuas\" target=\"_blank\" rel=\"noopener\">D\u00c9TAILS ET BILLETS<\/a><\/p>\n<p>\u00c0 l&rsquo;invitation du LMMC, le pianiste russo-lituanien Lukas Geniu\u0161as, doublement m\u00e9daill\u00e9 d\u2019argent au Concours international de piano Tcha\u00efkovski en 2015 et au Concours international de piano Fr\u00e9d\u00e9ric Chopin en 2010, interpr\u00e8tera les <em>Impromptus op.90<\/em> de Schubert, le Menuet de Schubert et Sonate n\u00b01 de Rachmaninov.<\/p>\n<p>&nbsp;<\/p>\n<figure id=\"attachment_51800\" aria-describedby=\"caption-attachment-51800\" style=\"width: 700px\" class=\"wp-caption aligncenter\"><img decoding=\"async\" loading=\"lazy\" class=\"wp-image-51800 size-full\" src=\"https:\/\/www.ludwig-van.com\/montreal\/wp-content\/uploads\/sites\/3\/2018\/02\/Marie-Claire-Cousineau-Petits-Violons-en-concert\u00a9Mikhael-Esterez-calendrier.jpg\" alt=\"Les Petits Violons - Les Dimanches en musique\" width=\"700\" height=\"467\" srcset=\"https:\/\/www.ludwig-van.com\/montreal\/wp-content\/uploads\/sites\/3\/2018\/02\/Marie-Claire-Cousineau-Petits-Violons-en-concert\u00a9Mikhael-Esterez-calendrier.jpg 700w, https:\/\/www.ludwig-van.com\/montreal\/wp-content\/uploads\/sites\/3\/2018\/02\/Marie-Claire-Cousineau-Petits-Violons-en-concert\u00a9Mikhael-Esterez-calendrier-300x200.jpg 300w\" sizes=\"(max-width: 700px) 100vw, 700px\" \/><figcaption id=\"caption-attachment-51800\" class=\"wp-caption-text\">Les Petits Violons (Photo: Michael Esterez)<\/figcaption><\/figure>\n<h3><strong>Les petits violons | Concert d\u2019hiver<\/strong><\/h3>\n<p><strong>Le 12 f\u00e9vrier, 16h00, \u00c9glise St-Pierre Ap\u00f4tre<\/strong> \u2013 <a href=\"https:\/\/lespetitsviolons.com\/concerts\/\" target=\"_blank\" rel=\"noopener\">D\u00c9TAILS ET BILLETS<\/a><\/p>\n<p>Pour leur concert d\u2019hiver, Les Petits Violons nous proposent un programme autour de deux \u0153uvres de Dvo\u0159\u00e1k, le Terzetto en do majeur et le Quintette \u00e0 deux altos en mi b\u00e9mol majeur. En cl\u00f4ture du concert, ils joueront<em> 4 pi\u00e8ces pour violon et piano Op. 17<\/em> de Josef Suk, orchestr\u00e9 par Jean Cousineau. Contribution volontaire.<\/p>\n<h2><em>Inscrivez-vous \u00e0 notre infolettre! La musique classique et l&rsquo;op\u00e9ra en 5 minutes, chaque jour<\/em> \u00a0<span style=\"color: #ff0000;\"><a style=\"color: #ff0000;\" href=\"https:\/\/ludwig-van.us9.list-manage.com\/subscribe?u=4f785cb3f9058f2393ccad035&amp;id=b9b160c032\" target=\"_blank\" rel=\"noopener noreferrer\">ICI\u00a0<\/a><\/span><\/h2>\n","protected":false},"excerpt":{"rendered":"<p>En ce d\u00e9but du Mois de l\u2019Histoire des Noirs de Montr\u00e9al, l\u2019Orchestre Classique de Montr\u00e9al interpr\u00e8te en premi\u00e8re mondiale un l&rsquo;op\u00e9ra de chambre La Flambeau. Parmi les faits saillants de la semaine, d&rsquo;autres cr\u00e9ations de nos compositeurs sont pr\u00e9vues, dont celles de concertos de Tim Brady par l&rsquo;OSM, et de Simon Bertrand par l&rsquo;OM.<\/p>\n","protected":false},"author":105,"featured_media":75124,"comment_status":"open","ping_status":"open","sticky":false,"template":"","format":"standard","meta":{"om_disable_all_campaigns":false,"jetpack_post_was_ever_published":false},"categories":[42065,10956,10994],"tags":[42066,2521,2542,11137],"yst_prominent_words":[23196,31965,26052,26053,11108,14774,9956,21568,31964,23189,11079,26054],"acf":[],"jetpack_featured_media_url":"https:\/\/www.ludwig-van.com\/montreal\/wp-content\/uploads\/sites\/3\/2023\/02\/Copie-de-CONCERTS-65.jpg","jetpack_sharing_enabled":true,"jetpack_shortlink":"https:\/\/wp.me\/p9bdYt-jxx","amp_enabled":true,"_links":{"self":[{"href":"https:\/\/www.ludwig-van.com\/montreal\/wp-json\/wp\/v2\/posts\/75115"}],"collection":[{"href":"https:\/\/www.ludwig-van.com\/montreal\/wp-json\/wp\/v2\/posts"}],"about":[{"href":"https:\/\/www.ludwig-van.com\/montreal\/wp-json\/wp\/v2\/types\/post"}],"author":[{"embeddable":true,"href":"https:\/\/www.ludwig-van.com\/montreal\/wp-json\/wp\/v2\/users\/105"}],"replies":[{"embeddable":true,"href":"https:\/\/www.ludwig-van.com\/montreal\/wp-json\/wp\/v2\/comments?post=75115"}],"version-history":[{"count":8,"href":"https:\/\/www.ludwig-van.com\/montreal\/wp-json\/wp\/v2\/posts\/75115\/revisions"}],"predecessor-version":[{"id":75126,"href":"https:\/\/www.ludwig-van.com\/montreal\/wp-json\/wp\/v2\/posts\/75115\/revisions\/75126"}],"wp:featuredmedia":[{"embeddable":true,"href":"https:\/\/www.ludwig-van.com\/montreal\/wp-json\/wp\/v2\/media\/75124"}],"wp:attachment":[{"href":"https:\/\/www.ludwig-van.com\/montreal\/wp-json\/wp\/v2\/media?parent=75115"}],"wp:term":[{"taxonomy":"category","embeddable":true,"href":"https:\/\/www.ludwig-van.com\/montreal\/wp-json\/wp\/v2\/categories?post=75115"},{"taxonomy":"post_tag","embeddable":true,"href":"https:\/\/www.ludwig-van.com\/montreal\/wp-json\/wp\/v2\/tags?post=75115"},{"taxonomy":"yst_prominent_words","embeddable":true,"href":"https:\/\/www.ludwig-van.com\/montreal\/wp-json\/wp\/v2\/yst_prominent_words?post=75115"}],"curies":[{"name":"wp","href":"https:\/\/api.w.org\/{rel}","templated":true}]}}