{"id":75053,"date":"2023-02-01T16:05:06","date_gmt":"2023-02-01T21:05:06","guid":{"rendered":"https:\/\/www.ludwig-van.com\/montreal\/?p=75053"},"modified":"2023-02-01T16:15:29","modified_gmt":"2023-02-01T21:15:29","slug":"nouvelle-classique-juno-nominations","status":"publish","type":"post","link":"https:\/\/www.ludwig-van.com\/montreal\/2023\/02\/01\/nouvelle-classique-juno-nominations\/","title":{"rendered":"NOUVELLE | La musique classique aux prix JUNO: toutes les nominations"},"content":{"rendered":"<p style=\"text-align: center;\"><img decoding=\"async\" loading=\"lazy\" class=\"alignnone size-full wp-image-75055\" src=\"https:\/\/www.ludwig-van.com\/montreal\/wp-content\/uploads\/sites\/3\/2023\/02\/Copie-de-CONCERTS-62.jpg\" alt=\"\" width=\"1200\" height=\"628\" \/><\/p>\n<h3><span style=\"color: #808080;\">Les finalistes des JUNO ont \u00e9t\u00e9 annonc\u00e9s, et les nominations illustrent la force et la r\u00e9silience des artistes canadiens et qu\u00e9b\u00e9cois malgr\u00e9 la pand\u00e9mie et ses cons\u00e9quences sur la culture. Cette ann\u00e9e, le Qu\u00e9bec fait particuli\u00e8rement bonne figure avec de nombreuses nominations, entre autres chez ATMA Classique. <\/span><\/h3>\n<h3><span style=\"color: #808080;\">Voici la liste des albums en nomination:\u00a0<\/span><\/h3>\n<p>&nbsp;<\/p>\n<p style=\"text-align: center;\"><img decoding=\"async\" loading=\"lazy\" class=\"alignnone size-full wp-image-69377\" src=\"https:\/\/www.ludwig-van.com\/montreal\/wp-content\/uploads\/sites\/3\/2022\/02\/David-Jalbert-red.jpg\" alt=\"\" width=\"800\" height=\"802\" \/><\/p>\n<h3>Album classique de l\u2019ann\u00e9e (solo)<\/h3>\n<ul>\n<li><em>Winner of the 18th International Fryderyk Chopin Piano Competition Warsaw 2021<\/em> <strong>Bruce Liu<\/strong> (Deutsche Grammophon\/Universal)<\/li>\n<li><em>Prokofiev: Sonates pour piano, Vol. 1<\/em> <strong>David Jalbert<\/strong> (ATMA\/Universal)<\/li>\n<li><em>La Zingarella: Through Romany Songland<\/em> <strong>Isabel Bayrakdarian<\/strong> (AVIE\/Naxos)<\/li>\n<li><em>Bach: Sonatas and Partitas for Solo Violin<\/em> <strong>James Ehnes<\/strong> (Onyx\/PIAS America\/The Orchard)<\/li>\n<li><em>Fables<\/em> <strong>Philip Chiu<\/strong> (ATMA\/Universal)<\/li>\n<\/ul>\n<p>&nbsp;<\/p>\n<figure id=\"attachment_47344\" aria-describedby=\"caption-attachment-47344\" style=\"width: 1024px\" class=\"wp-caption aligncenter\"><img decoding=\"async\" loading=\"lazy\" class=\"wp-image-47344 size-full\" src=\"https:\/\/www.ludwig-van.com\/montreal\/wp-content\/uploads\/sites\/3\/2017\/09\/maute-conducting2.jpg\" alt=\"Matthias Maute dirigera l'Oratorio de No\u00ebl dans le cadre du Festival Bach.\" width=\"1024\" height=\"770\" srcset=\"https:\/\/www.ludwig-van.com\/montreal\/wp-content\/uploads\/sites\/3\/2017\/09\/maute-conducting2.jpg 1024w, https:\/\/www.ludwig-van.com\/montreal\/wp-content\/uploads\/sites\/3\/2017\/09\/maute-conducting2-300x226.jpg 300w, https:\/\/www.ludwig-van.com\/montreal\/wp-content\/uploads\/sites\/3\/2017\/09\/maute-conducting2-768x578.jpg 768w\" sizes=\"(max-width: 1024px) 100vw, 1024px\" \/><figcaption id=\"caption-attachment-47344\" class=\"wp-caption-text\">Matthias Maute, directeur artistique de l&rsquo;Ensemble Caprice (Photo: courtoisie)<\/figcaption><\/figure>\n<h3>Album classique de l\u2019ann\u00e9e (grand ensemble)<\/h3>\n<ul>\n<li><em>Clara \u2014 Robert \u2014 Johannes: Lyrical Echoes<\/em> <strong>Canada\u2019s National Arts Centre Orchestra<\/strong>, sous la direction d&rsquo;<strong>Alexander Shelley<\/strong> (Analekta\/F.A.B.\/The Orchard)<\/li>\n<li><em>Handel: Messiah, HWV 56<\/em> <strong>Ensemble Caprice<\/strong>, <strong>Ensemble Vocal Arts-Quebec<\/strong>, sous la direction de <strong>Matthias Maute<\/strong>, avec <strong>Karina Gauvin<\/strong> (Leaf Music\/Naxos)<\/li>\n<li><em>Richard Strauss: Metamorphosen \u2014 Arvo P\u00e4rt: Symphonie No. 4, \u201cLos Angeles\u201d<\/em><strong> I Musici de Montr\u00e9al<\/strong>, sous la direction de <strong>Jean-Marie Zeitouni<\/strong> (ATMA\/Universal)<\/li>\n<li><em>Viola Borealis<\/em> <strong>Orchestre de l\u2019Agora<\/strong>, sous la direction de <strong>Nicolas Ellis<\/strong>, avec <strong>Marina Thibeault<\/strong> (ATMA\/Universal)<\/li>\n<li><em>Radiant Dawn: Music for Advent and Christmas<\/em><strong> The Elora Singers<\/strong>, sous la direction <strong>Mark Vuorinen<\/strong> (Independent)<\/li>\n<\/ul>\n<p>&nbsp;<\/p>\n<figure id=\"attachment_64707\" aria-describedby=\"caption-attachment-64707\" style=\"width: 1200px\" class=\"wp-caption aligncenter\"><img decoding=\"async\" loading=\"lazy\" class=\"wp-image-64707 size-full\" src=\"https:\/\/www.ludwig-van.com\/montreal\/wp-content\/uploads\/sites\/3\/2020\/06\/Elinor_Frey-redim.jpg\" alt=\"Elinor Frey, violoncelliste\" width=\"1200\" height=\"800\" srcset=\"https:\/\/www.ludwig-van.com\/montreal\/wp-content\/uploads\/sites\/3\/2020\/06\/Elinor_Frey-redim.jpg 1200w, https:\/\/www.ludwig-van.com\/montreal\/wp-content\/uploads\/sites\/3\/2020\/06\/Elinor_Frey-redim-300x200.jpg 300w, https:\/\/www.ludwig-van.com\/montreal\/wp-content\/uploads\/sites\/3\/2020\/06\/Elinor_Frey-redim-1024x683.jpg 1024w, https:\/\/www.ludwig-van.com\/montreal\/wp-content\/uploads\/sites\/3\/2020\/06\/Elinor_Frey-redim-768x512.jpg 768w\" sizes=\"(max-width: 1200px) 100vw, 1200px\" \/><figcaption id=\"caption-attachment-64707\" class=\"wp-caption-text\">Elinor Frey, violoncelliste. (Photo: )<\/figcaption><\/figure>\n<h3>Album classique de l\u2019ann\u00e9e (petit ensemble)<\/h3>\n<ul>\n<li><em>Nagamo<\/em> <strong>Andrew Balfour<\/strong> et <strong>musica intima<\/strong> (Redshift\/Ind\u00e9pendant)<\/li>\n<li><em>Hemsi: Chamber Works<\/em> <strong>ARC Ensemble<\/strong> (Chandos\/Naxos\/PIAS)<\/li>\n<li><em>Vagues et ombres<\/em> <strong>collectif9<\/strong> (Alpha\/Ind\u00e9pendant)<\/li>\n<li><em>Early Italian Cello Concertos<\/em> <strong>Elinor Frey<\/strong> et <strong>Rosa Barocca<\/strong>, sous la direction de <strong>Claude Lapalme<\/strong> (Analekta\/F.A.B.\/The Orchard)<\/li>\n<li><em>De la cour de Louis XIV \u00e0 Shippagan! Chants traditionnels acadiens et airs de cour du XVIIe si\u00e8cle<\/em><strong> Suzie LeBlanc<\/strong>, <strong>Marie Nadeau-Tremblay<\/strong>, <strong>Vincent Lauzer<\/strong>, et <strong>Sylvain Bergeron<\/strong> (ATMA\/Universal)<\/li>\n<\/ul>\n<h3>Composition classique de l\u2019ann\u00e9e<\/h3>\n<ul>\n<li><em>An Overall Augmented Sense of Well-being<\/em> <strong>Anthony Tan<\/strong> (Ind\u00e9pendant)<\/li>\n<li><em>Bestiary I &amp; II<\/em> <strong>Bekah Simms<\/strong> (Centrediscs\/Naxos)<\/li>\n<li><em>The Black Fish<\/em> <strong>Keyan Emami<\/strong> (Centrediscs\/Naxos)<\/li>\n<li><em>Prayers for Ruins<\/em> <strong>Nicole Liz\u00e9e<\/strong> (Analekta\/F.A.B.\/The Orchard)<\/li>\n<li><em>Supervillain \u00c9tudes<\/em> <strong>Vincent Ho<\/strong> (Navona\/Naxos)<\/li>\n<\/ul>\n<p>&nbsp;<\/p>\n<h3>Album instrumental de l\u2019ann\u00e9e<\/h3>\n<ul>\n<li><em>Canadiana<\/em> <strong>Canadian Brass<\/strong> (Linus\/Universal\/IDLA)<\/li>\n<li><em>Everything Was Forever Until It Was No More<\/em> <strong>Esmerine<\/strong> (Constellation\/Secretly)<\/li>\n<li><em>Iguana<\/em> <strong>Hard Rubber Orchestra<\/strong> (Redshift\/Ind\u00e9pendant)<\/li>\n<li><em>aubades<\/em> <strong>Jean-Michel Blais<\/strong> (Arts &amp; Crafts\/Universal)<\/li>\n<li><em>Lionheart<\/em> <a href=\"https:\/\/www.ludwig-van.com\/toronto\/2020\/09\/03\/profile-stephan-moccio-time-to-come-back-to-the-piano\/\" target=\"_blank\" rel=\"noopener\"><strong>Stephan Moccio<\/strong><\/a> (Decca\/Universal)<\/li>\n<\/ul>\n<p>F\u00e9licitations et bonne chance \u00e0 tous les artistes en nomination!<\/p>\n<p><a href=\"https:\/\/junoawards.ca\/complete-list\/\" target=\"_blank\" rel=\"noopener\">La liste compl\u00e8te des nominations aux JUNO 2023 se retrouve ici<\/a>.<\/p>\n<h3 class=\"western\"><em><b>#LUDWIGVAN<\/b><\/em><\/h3>\n<h2><em>Inscrivez-vous \u00e0 notre infolettre! La musique classique et l&rsquo;op\u00e9ra en 5 minutes, chaque jour<\/em> \u00a0<span style=\"color: #ff0000;\"><a style=\"color: #ff0000;\" href=\"https:\/\/ludwig-van.us9.list-manage.com\/subscribe?u=4f785cb3f9058f2393ccad035&amp;id=b9b160c032\" target=\"_blank\" rel=\"noopener noreferrer\">ICI\u00a0<\/a><\/span><\/h2>\n","protected":false},"excerpt":{"rendered":"<p>Les finalistes des JUNO ont \u00e9t\u00e9 annonc\u00e9s, et les nominations d\u00e9montrent la force et la r\u00e9silience des artistes canadiens et qu\u00e9b\u00e9cois malgr\u00e9 la covid et ses cons\u00e9quences sur la culture. Cette ann\u00e9e, le Qu\u00e9bec fait particuli\u00e8rement bonne figure avec de nombreuses nominations, entre autres chez ATMA Classique.<\/p>\n","protected":false},"author":51,"featured_media":75055,"comment_status":"open","ping_status":"open","sticky":false,"template":"","format":"standard","meta":{"om_disable_all_campaigns":false,"jetpack_post_was_ever_published":false},"categories":[42065,10956,10992],"tags":[42066,401,37698],"yst_prominent_words":[7004,18360,18358,11743,10175,18359,11678,16735,7312,10763,20464,10496,10970,18355,10019],"acf":[],"jetpack_featured_media_url":"https:\/\/www.ludwig-van.com\/montreal\/wp-content\/uploads\/sites\/3\/2023\/02\/Copie-de-CONCERTS-62.jpg","jetpack_sharing_enabled":true,"jetpack_shortlink":"https:\/\/wp.me\/p9bdYt-jwx","amp_enabled":true,"_links":{"self":[{"href":"https:\/\/www.ludwig-van.com\/montreal\/wp-json\/wp\/v2\/posts\/75053"}],"collection":[{"href":"https:\/\/www.ludwig-van.com\/montreal\/wp-json\/wp\/v2\/posts"}],"about":[{"href":"https:\/\/www.ludwig-van.com\/montreal\/wp-json\/wp\/v2\/types\/post"}],"author":[{"embeddable":true,"href":"https:\/\/www.ludwig-van.com\/montreal\/wp-json\/wp\/v2\/users\/51"}],"replies":[{"embeddable":true,"href":"https:\/\/www.ludwig-van.com\/montreal\/wp-json\/wp\/v2\/comments?post=75053"}],"version-history":[{"count":7,"href":"https:\/\/www.ludwig-van.com\/montreal\/wp-json\/wp\/v2\/posts\/75053\/revisions"}],"predecessor-version":[{"id":75061,"href":"https:\/\/www.ludwig-van.com\/montreal\/wp-json\/wp\/v2\/posts\/75053\/revisions\/75061"}],"wp:featuredmedia":[{"embeddable":true,"href":"https:\/\/www.ludwig-van.com\/montreal\/wp-json\/wp\/v2\/media\/75055"}],"wp:attachment":[{"href":"https:\/\/www.ludwig-van.com\/montreal\/wp-json\/wp\/v2\/media?parent=75053"}],"wp:term":[{"taxonomy":"category","embeddable":true,"href":"https:\/\/www.ludwig-van.com\/montreal\/wp-json\/wp\/v2\/categories?post=75053"},{"taxonomy":"post_tag","embeddable":true,"href":"https:\/\/www.ludwig-van.com\/montreal\/wp-json\/wp\/v2\/tags?post=75053"},{"taxonomy":"yst_prominent_words","embeddable":true,"href":"https:\/\/www.ludwig-van.com\/montreal\/wp-json\/wp\/v2\/yst_prominent_words?post=75053"}],"curies":[{"name":"wp","href":"https:\/\/api.w.org\/{rel}","templated":true}]}}