{"id":74892,"date":"2023-01-23T12:16:13","date_gmt":"2023-01-23T17:16:13","guid":{"rendered":"https:\/\/www.ludwig-van.com\/montreal\/?p=74892"},"modified":"2023-01-23T13:22:31","modified_gmt":"2023-01-23T18:22:31","slug":"choix-de-la-redaction-14","status":"publish","type":"post","link":"https:\/\/www.ludwig-van.com\/montreal\/2023\/01\/23\/choix-de-la-redaction-14\/","title":{"rendered":"CHOIX DE LA R\u00c9DACTION | Les concerts classiques \u00e0 ne pas manquer du 23 au 29 janvier"},"content":{"rendered":"<h3 style=\"text-align: center;\"><img decoding=\"async\" loading=\"lazy\" class=\"alignnone size-full wp-image-74898\" src=\"https:\/\/www.ludwig-van.com\/montreal\/wp-content\/uploads\/sites\/3\/2023\/01\/Choix-de-la-redaction-23-janvier.jpg\" alt=\"\" width=\"1200\" height=\"628\" \/><\/h3>\n<h3><span style=\"color: #808080;\">Cette semaine, la sc\u00e8ne musicale montr\u00e9alaise accueille un vaste choix de concerts. Retenons notamment le retour de la mezzo-soprano Joyce DiDonato avec un programme \u00e0 la fois riche et engag\u00e9.<\/span><\/h3>\n<h3><span style=\"color: #808080;\">Voici nos Choix de la r\u00e9daction du 23 au 29 janvier 2023.\u00a0<\/span><\/h3>\n<p>&nbsp;<\/p>\n<figure id=\"attachment_72201\" aria-describedby=\"caption-attachment-72201\" style=\"width: 821px\" class=\"wp-caption alignnone\"><img decoding=\"async\" loading=\"lazy\" class=\"size-full wp-image-72201\" src=\"https:\/\/www.ludwig-van.com\/montreal\/wp-content\/uploads\/sites\/3\/2022\/08\/Emmanuel-Pahud.jpg\" alt=\"Emmanuel Pahud, fl\u00fbtiste (Photo: courtoisie)\" width=\"821\" height=\"783\" \/><figcaption id=\"caption-attachment-72201\" class=\"wp-caption-text\">Emmanuel Pahud, fl\u00fbtiste (Photo: courtoisie)<\/figcaption><\/figure>\n<h3><strong>Couleurs fran\u00e7aises \u00e0 l&rsquo;Orchestre M\u00e9tropolitain<\/strong><\/h3>\n<p><strong>Le 25 janvier, 19h30, \u00c9glise Saint-Sixte (Saint-Laurent)<\/strong> &#8211; <a href=\"https:\/\/st-laurent.tuxedobillet.com\/Salleemile-Legault\/couleurs-francaises-orchestre-metropolitain\" target=\"_blank\" rel=\"noopener\">D\u00c9TAILS ET BILLETS\u00a0<\/a><\/p>\n<p><strong>Le 26 janvier, 19h30, \u00c9glise Sainte-Suzanne (Pierrefonds)<\/strong> \u2013 <a href=\"https:\/\/pier-rox.tuxedobillet.com\/main\/orchestre-metropolitain\/20230126193000\" target=\"_blank\" rel=\"noopener\">D\u00c9TAILS ET BILLETS<\/a><\/p>\n<p><strong>Le 27 janvier, 19h30, Maison Symphonique<\/strong> \u2013 <a href=\"https:\/\/orchestremetropolitain.com\/fr\/concerts\/couleurs-francaises\/?show_date_id=4194\" target=\"_blank\" rel=\"noopener\">D\u00c9TAILS ET BILLETS<\/a><\/p>\n<p><strong>Le 29 janvier, 19h30, Maison de la culture Mercier<\/strong> \u2013 COMPLET<\/p>\n<p>Pour ce programme aux couleurs fran\u00e7aises, le fl\u00fbtiste <strong>Emmanuel Pahud<\/strong>, soliste en r\u00e9sidence de l&rsquo;<strong>Orchestre M\u00e9tropolitain<\/strong>, interpr\u00e9tera le concerto pour fl\u00fbte du compositeur fran\u00e7ais Marc-Andr\u00e9 Dalbavie. Apr\u00e8s l\u2019entracte, le chef invit\u00e9 <strong>Victorien Vanoosten<\/strong> dirigera la Symphonie en r\u00e9 majeur de Franck.<\/p>\n<p>En ouverture, des teintes su\u00e9doises viendront se m\u00ealer aux couleurs fran\u00e7aises avec <em>l\u2019Ouverture de concert pour orchestre<\/em> de la compositrice Elfrida Andr\u00e9e.<\/p>\n<p>&nbsp;<\/p>\n<figure id=\"attachment_64292\" aria-describedby=\"caption-attachment-64292\" style=\"width: 746px\" class=\"wp-caption aligncenter\"><img decoding=\"async\" loading=\"lazy\" class=\"wp-image-64292 size-full\" src=\"https:\/\/www.ludwig-van.com\/montreal\/wp-content\/uploads\/sites\/3\/2020\/03\/Roseline_Blain_CREDIT_Benoit_Champagne-1.jpg\" alt=\"\" width=\"746\" height=\"626\" srcset=\"https:\/\/www.ludwig-van.com\/montreal\/wp-content\/uploads\/sites\/3\/2020\/03\/Roseline_Blain_CREDIT_Benoit_Champagne-1.jpg 746w, https:\/\/www.ludwig-van.com\/montreal\/wp-content\/uploads\/sites\/3\/2020\/03\/Roseline_Blain_CREDIT_Benoit_Champagne-1-300x252.jpg 300w\" sizes=\"(max-width: 746px) 100vw, 746px\" \/><figcaption id=\"caption-attachment-64292\" class=\"wp-caption-text\">Roseline Blain, chef de ch\u0153ur et fondatrice du Ch\u0153ur du Plateau (Photo: Benoit Champagne)<\/figcaption><\/figure>\n<h3><strong>Ch\u0153ur du Plateau: Le tango rencontre le flamenco<\/strong><\/h3>\n<p><strong>Le 28 janvier, 19h30, \u00c9glise St-Pierre Ap\u00f4tre<\/strong>\u00a0\u2013 <a href=\"https:\/\/www.zeffy.com\/fr-CA\/ticketing\/536bba0e-91a4-46b5-b4ef-20a7dc3121c7\" target=\"_blank\" rel=\"noopener\">D\u00c9TAILS ET BILLETS<\/a><\/p>\n<p>Le Ch\u0153ur du Plateau nous propose une rencontre entre le tango et le flamenco autour des \u0153uvres de Martin Palmeri, Carlos Gardel, Mario Castelnuovo-Tedesco, Regino Sainz De la Manza. Dirig\u00e9 par la cheffe <strong>Roseline<\/strong> <strong>Blain<\/strong>, le ch\u0153ur sera en compagnie des solistes invit\u00e9s Marie-Andr\u00e9e Mathieu, mezzo-soprano, le baryton Ricardo Galindo, ainsi que du Quatuor Cobalt, du contrebassiste Francis Palma-Pelletier, du bandon\u00e9oniste Jonathan Goldman et du guitariste Thierry B\u00e9gin-Lamontagne.<\/p>\n<p>&nbsp;<\/p>\n<p style=\"text-align: center;\"><img decoding=\"async\" loading=\"lazy\" class=\"alignnone size-full wp-image-73913\" src=\"https:\/\/www.ludwig-van.com\/montreal\/wp-content\/uploads\/sites\/3\/2022\/11\/Mathematiques-musique.jpg\" alt=\"\" width=\"942\" height=\"534\" \/><\/p>\n<h3><strong>Orchestre Symphonique de Montr\u00e9al \u2013 Les math\u00e9matiques de la musique<\/strong><\/h3>\n<p><strong>Le 29 janvier, 14h00, Maison Symphonique<\/strong> \u2013<a href=\"https:\/\/www.osm.ca\/fr\/concerts\/les-mathematiques-de-la-musique\/\" target=\"_blank\" rel=\"noopener\"> D\u00c9TAILS ET BILLETS<\/a><\/p>\n<p>Le chef invit\u00e9 <strong>Adam Johnson<\/strong>, l&rsquo;organiste en r\u00e9sidence <strong>Jean-Willy Kunz<\/strong> et le metteur en sc\u00e8ne <strong>Martin Gougeon<\/strong> proposent un concert pour toute la famille autour de la science, des math\u00e9matiques et de la technologie. Ensemble, ils s\u2019interrogent sur la fa\u00e7on dont ces disciplines s\u2019articulent dans la vie d\u2019une \u0153uvre et influencent les \u00e9motions. Au programme, des \u0153uvres de Richard Strauss, Rameau, Mahler, Bach, Bartok, Saint-Sa\u00ebns et Maxime Goulet.<\/p>\n<p>&nbsp;<\/p>\n<h2>SALLE BOURGIE<\/h2>\n<figure id=\"attachment_74894\" aria-describedby=\"caption-attachment-74894\" style=\"width: 841px\" class=\"wp-caption alignnone\"><img decoding=\"async\" loading=\"lazy\" class=\"size-full wp-image-74894\" src=\"https:\/\/www.ludwig-van.com\/montreal\/wp-content\/uploads\/sites\/3\/2023\/01\/Eric-Liu.jpg\" alt=\"Eric Liu, pianiste. (Photo: courtoisie de la Salle Bourgie)\" width=\"841\" height=\"541\" \/><figcaption id=\"caption-attachment-74894\" class=\"wp-caption-text\">Eric Liu, pianiste. (Photo: courtoisie de la Salle Bourgie)<\/figcaption><\/figure>\n<h3><strong>Eric Lu, piano<\/strong><\/h3>\n<p><strong>Le 25 janvier, 19h30, Salle Bourgie<\/strong> \u2013 <a href=\"https:\/\/www.mbam.qc.ca\/fr\/activites\/eric-lu-piano-1\/\" target=\"_blank\" rel=\"noopener\">D\u00c9TAILS ET BILLETS<\/a><\/p>\n<p>Pour sa premi\u00e8re prestation \u00e0 La Salle Bourgie, le pianiste <strong>Eric Lu<\/strong> interpr\u00e9tera la Sonate n\u00b08 de Mozart, la Sonate n\u00b015 de Schubert. Participant remarqu\u00e9 lors du 4<sup>e<\/sup> prix du Concours Chopin 2015, le pianiste \u00e9galement la Polonaise n\u00b01, la Valse n\u00b02 et n\u00b03 et la sonate n\u00b03 de ce compositeur.<\/p>\n<p>&nbsp;<\/p>\n<h3><strong>Musiciens de l\u2019OSM \u2013 Au c\u0153ur de l\u2019\u00e8re romantique<\/strong><\/h3>\n<p><strong>Le 27 janvier, 18h30, Salle Bourgie<\/strong> \u2013 <a href=\"https:\/\/www.mbam.qc.ca\/fr\/activites\/musiciens-de-losm---au-cur-du-romantisme-1\/\" target=\"_blank\" rel=\"noopener\">D\u00c9TAILS ET BILLETS<\/a><\/p>\n<p>Les interpr\u00e8tes Jean-S\u00e9bastien Roy (violon), Victor Fournelle-Blain (alto), Anna Burden (violoncelle) et Philip Chiu (piano) interpr\u00e9teront le trio pour piano, violon et violoncelle de Fanny Mendelssohn et le quatuor pour piano et cordes n\u00b02 de Brahms.<\/p>\n<h3><strong>Arte Musica \u2013 Ensemble Caprice<\/strong><\/h3>\n<p><strong>Le 29 janvier, 14h30, Salle Bourgie<\/strong> \u2013 <a href=\"https:\/\/www.mbam.qc.ca\/fr\/activites\/ensemble-caprice---integrale-des-cantates-de-j-s-bach---an-8-1\/\" target=\"_blank\" rel=\"noopener\">D\u00c9TAILS ET BILLETS<\/a><\/p>\n<p>L\u2019Ensemble Caprice poursuit l&rsquo;int\u00e9grale des cantates de Bach de la Salle Bourgie. Le public sera invit\u00e9 \u00e0 chanter le choral final de la cantate BWV 130.<\/p>\n<p>&nbsp;<\/p>\n<p style=\"text-align: center;\"><img decoding=\"async\" loading=\"lazy\" class=\"alignnone size-full wp-image-74850\" src=\"https:\/\/www.ludwig-van.com\/montreal\/wp-content\/uploads\/sites\/3\/2023\/01\/Ritratto.jpg\" alt=\"\" width=\"950\" height=\"475\" \/><\/p>\n<h3><strong>Le Vivier | Ritratto<\/strong><\/h3>\n<p><strong>Le 25 janvier, 19h30, Edifice Wilder<\/strong> \u2013 <a href=\"https:\/\/levivier.ca\/fr\/concert\/saison-2022-23\/ritratto\" target=\"_blank\" rel=\"noopener\">D\u00c9TAILS ET BILLETS<\/a><\/p>\n<p><strong>Bakarlari<\/strong> propose un concert autour des \u0153uvres de Luciano Berio et de Gabo Champagne.<\/p>\n<p>Cet ensemble est compos\u00e9 d\u2019\u00c9milie Fortin \u00e0 la trompette, Thomas Gauthier-Lang au saxophone, An Laurence \u00e0 la guitare, Julien Deguire \u00e0 la clarinette et Gabo Champagne au piano, petit orgue \u00e9lectronique et sifflements.<\/p>\n<h3><strong>Le Vivier | Du Nord<\/strong><\/h3>\n<p><strong>Le 29 janvier, 19h30, Edifice Wilder<\/strong> \u2013 <a href=\"https:\/\/levivier.ca\/fr\/concert\/saison-2022-23\/du-nord\" target=\"_blank\" rel=\"noopener\">D\u00c9TAILS ET BILLETS<\/a><\/p>\n<p>Pour ce concert, le Quatuor Bozzini interpr\u00e9tera le Quatuor \u00e0 cordes n\u00b01 d\u2019Alexandre David, la pi\u00e8ce <em>Du nord<\/em> d\u2019Alissa Cheung et <em>Colliding Bubbles<\/em> de Niels Lyhne L\u00f8kkegaard.<\/p>\n<p>&nbsp;<\/p>\n<h2>Chapelle historique du Bon-Pasteur<\/h2>\n<figure id=\"attachment_70488\" aria-describedby=\"caption-attachment-70488\" style=\"width: 1330px\" class=\"wp-caption alignnone\"><img decoding=\"async\" loading=\"lazy\" class=\"size-full wp-image-70488\" src=\"https:\/\/www.ludwig-van.com\/montreal\/wp-content\/uploads\/sites\/3\/2022\/04\/Quatuor-Cobalt.jpg\" alt=\"Le Quatuor Cobalt. (Photo: courtoisie de la Chapelle historique du Bon-Pasteur)\" width=\"1330\" height=\"731\" \/><figcaption id=\"caption-attachment-70488\" class=\"wp-caption-text\">Le Quatuor Cobalt. (Photo: courtoisie de la Chapelle historique du Bon-Pasteur)<\/figcaption><\/figure>\n<h3><strong>Quatuor Cobalt\u00a0<\/strong><\/h3>\n<p><strong>Le 26 janvier, 19h30, Chapelle Historique du Bon-Pasteur<\/strong> \u2013 <a href=\"https:\/\/lepointdevente.com\/billets\/dwv230126001\" target=\"_blank\" rel=\"noopener\">D\u00c9TAILS ET BILLETS<\/a><\/p>\n<p>Le <strong>Quatuor Cobalt<\/strong> invite la harpiste <strong>Ama\u00eblle Savary<\/strong> et la narratrice <strong>Marie-\u00c8ve Trudel<\/strong> \u00e0 son concert intitul\u00e9 <em>Cordes fantastiques<\/em>. Ils et elles interpr\u00e9teront le d\u2019Andr\u00e9 Caplet et le Quatuor \u00e0 cordes et 2 danses pour quatuor et harpe de Debussy.<\/p>\n<h3><strong>Trio de Montr\u00e9al<\/strong><\/h3>\n<p><strong>Le 29 janvier, 15h00, Chapelle Historique du Bon-Pasteur<\/strong> \u2013 <a href=\"https:\/\/lepointdevente.com\/billets\/dwv230129001\" target=\"_blank\" rel=\"noopener\">D\u00c9TAILS ET BILLETS<\/a><\/p>\n<p>Le <strong>Trio de Montr\u00e9al,<\/strong> compos\u00e9 d\u2019Axel Strauss au violon, Yegor Dyachkov au violoncelle et Ilya Poletaev au piano interpr\u00e9teront les trios pour piano, violon et violoncelle de Clara Schumann, Dmitri Chostakovitch et Maurice Ravel.<\/p>\n<p>&nbsp;<\/p>\n<h2 style=\"text-align: center;\"><img decoding=\"async\" loading=\"lazy\" class=\"alignnone size-full wp-image-73534\" src=\"https:\/\/www.ludwig-van.com\/montreal\/wp-content\/uploads\/sites\/3\/2022\/10\/Profs-de-lUdeM.jpg\" alt=\"\" width=\"1005\" height=\"528\" \/><\/h2>\n<h3><strong>L\u2019orchestre de l\u2019Universit\u00e9 de Montr\u00e9al \u2013 Les profs de l\u2019UdeM<\/strong><\/h3>\n<p><strong>Le 27 janvier, 19h30, Salle Serge-Garant<\/strong> \u2013 <a href=\"https:\/\/www.calendrier.umontreal.ca\/detail\/886345-les-profs-de-ludem\" target=\"_blank\" rel=\"noopener\">D\u00c9TAILS ET BILLETS<\/a><\/p>\n<p>Les interpr\u00e8tes et professeurs <strong>Yukari Cousineau<\/strong> (violon), <strong>Louis-Philippe Marsolais<\/strong> (cor), <strong>Jimmy Bri\u00e8re<\/strong> (piano) et le <strong>Quatuor Andara<\/strong>, en r\u00e9sidence \u00e0 la Facult\u00e9 de musique, se r\u00e9unissent autour d&rsquo;\u0153uvres de musique de chambre. Des compositions de Mozart, Walter Courvoisier, Scriabine et Schumann sont au programme.<\/p>\n<p>&nbsp;<\/p>\n<figure id=\"attachment_74896\" aria-describedby=\"caption-attachment-74896\" style=\"width: 1200px\" class=\"wp-caption alignnone\"><img decoding=\"async\" loading=\"lazy\" class=\"size-full wp-image-74896\" src=\"https:\/\/www.ludwig-van.com\/montreal\/wp-content\/uploads\/sites\/3\/2023\/01\/Infusion-Baroque-cr-D.-Bobyk.jpg\" alt=\"Infusion Baroque. (Photo: D. Bobyk)\" width=\"1200\" height=\"1219\" \/><figcaption id=\"caption-attachment-74896\" class=\"wp-caption-text\">Infusion Baroque. (Photo: D. Bobyk)<\/figcaption><\/figure>\n<h3><strong>Infusion Baroque: La biblioth\u00e8que d\u2019Anne-Am\u00e9lie<\/strong><\/h3>\n<p><strong>Le 28 janvier, 19h30, Archives nationales<\/strong> \u2013 <a href=\"https:\/\/thepointofsale.com\/billets\/annaslibrary\" target=\"_blank\" rel=\"noopener\">D\u00c9TAILS ET BILLETS<\/a><\/p>\n<p>\u00c0 l\u2019occasion du 300<sup>e<\/sup> anniversaire de la princesse Anne-Am\u00e9lie de Prusse, princesse connue pour avoir conserv\u00e9 plus de 600 compositions musicales dans sa biblioth\u00e8que, <strong>Infusion Baroque<\/strong> propose un concert avec un programme centr\u00e9 sur cette collection. La fl\u00fbtiste Alexa Raine-Wright, la violoniste Sallynee Amawat, la violoncelliste Andrea Stewart et la claveciniste Rona Nadler interpr\u00e9teront des \u0153uvres d\u2019Anne-Am\u00e9lie, de Jean-S\u00e9bastien et Carl Philip Emanuel Bach, de Kirnberger, Schaffrath, Wolf et Palestrina.<\/p>\n<p>&nbsp;<\/p>\n<figure id=\"attachment_71312\" aria-describedby=\"caption-attachment-71312\" style=\"width: 1200px\" class=\"wp-caption alignnone\"><img decoding=\"async\" loading=\"lazy\" class=\"size-full wp-image-71312\" src=\"https:\/\/www.ludwig-van.com\/montreal\/wp-content\/uploads\/sites\/3\/2019\/01\/JOYCE_SergiJasanada_0120-1200x838-1.jpg\" alt=\"Joyce DiDonato (Photo: Sergi Jasanada)\" width=\"1200\" height=\"838\" \/><figcaption id=\"caption-attachment-71312\" class=\"wp-caption-text\">Joyce DiDonato (Photo: Sergi Jasanada)<\/figcaption><\/figure>\n<h3><strong>Joyce DiDonato &amp; Il Pomo d\u2019Oro: Eden<\/strong><\/h3>\n<p><strong>Le 29 janvier, 16h00, Salle Wilfrid-Pelletier<\/strong> \u2013 <a href=\"https:\/\/placedesarts.com\/fr\/evenement\/eden-joyce-didonato\" target=\"_blank\" rel=\"noopener\">D\u00c9TAILS ET BILLETS\u00a0<\/a><\/p>\n<p><strong>\u00c0 Qu\u00e9bec, le 30 janvier, 19 h 30, au Palais Montcalm.<\/strong> <a href=\"https:\/\/www.clubmusicaldequebec.com\/cmq\/index.php\/programmation\/saison-2022-2023\/eden-joyce-didonato-il-pomo-doro\" target=\"_blank\" rel=\"noopener\">D\u00c9TAILS ET BILLETS<\/a><\/p>\n<p>Pour son grand retour apr\u00e8s son dernier concert \u00e0 Montr\u00e9al en 2019, la mezzo-soprano <strong>Joyce DiDonato<\/strong> a r\u00e9uni des \u0153uvres autour du concept de la force et la fragilit\u00e9 de la nature avec un r\u00e9pertoire allant de l\u2019\u00e9poque baroque au XXI<sup>e<\/sup> si\u00e8cle. Un grand spectacle avec effets visuels en compagnie de l&rsquo;ensemble Il Pomo d&rsquo;Oro.<\/p>\n<h2><em>Inscrivez-vous \u00e0 notre infolettre! La musique classique et l&rsquo;op\u00e9ra en 5 minutes, chaque jour<\/em> \u00a0<span style=\"color: #ff0000;\"><a style=\"color: #ff0000;\" href=\"https:\/\/ludwig-van.us9.list-manage.com\/subscribe?u=4f785cb3f9058f2393ccad035&amp;id=b9b160c032\" target=\"_blank\" rel=\"noopener noreferrer\">ICI\u00a0<\/a><\/span><\/h2>\n","protected":false},"excerpt":{"rendered":"<p>Cette semaine, la sc\u00e8ne musicale montr\u00e9alaise accueille un vaste choix de concerts. Retenons notamment le retour de la mezzo-soprano Joyce DiDonato avec un programme \u00e0 la fois riche et engag\u00e9.<br \/>\nVoici nos Choix de la r\u00e9daction du 23 au 2<\/p>\n","protected":false},"author":105,"featured_media":74898,"comment_status":"open","ping_status":"open","sticky":false,"template":"","format":"standard","meta":{"om_disable_all_campaigns":false,"jetpack_post_was_ever_published":false},"categories":[42065,10956,10994],"tags":[42066,2521,4485,11137],"yst_prominent_words":[31965,9792,21883,26052,9799,26053,13268,9956,21568,31964,26054],"acf":[],"jetpack_featured_media_url":"https:\/\/www.ludwig-van.com\/montreal\/wp-content\/uploads\/sites\/3\/2023\/01\/Choix-de-la-redaction-23-janvier.jpg","jetpack_sharing_enabled":true,"jetpack_shortlink":"https:\/\/wp.me\/p9bdYt-jtW","amp_enabled":true,"_links":{"self":[{"href":"https:\/\/www.ludwig-van.com\/montreal\/wp-json\/wp\/v2\/posts\/74892"}],"collection":[{"href":"https:\/\/www.ludwig-van.com\/montreal\/wp-json\/wp\/v2\/posts"}],"about":[{"href":"https:\/\/www.ludwig-van.com\/montreal\/wp-json\/wp\/v2\/types\/post"}],"author":[{"embeddable":true,"href":"https:\/\/www.ludwig-van.com\/montreal\/wp-json\/wp\/v2\/users\/105"}],"replies":[{"embeddable":true,"href":"https:\/\/www.ludwig-van.com\/montreal\/wp-json\/wp\/v2\/comments?post=74892"}],"version-history":[{"count":8,"href":"https:\/\/www.ludwig-van.com\/montreal\/wp-json\/wp\/v2\/posts\/74892\/revisions"}],"predecessor-version":[{"id":74903,"href":"https:\/\/www.ludwig-van.com\/montreal\/wp-json\/wp\/v2\/posts\/74892\/revisions\/74903"}],"wp:featuredmedia":[{"embeddable":true,"href":"https:\/\/www.ludwig-van.com\/montreal\/wp-json\/wp\/v2\/media\/74898"}],"wp:attachment":[{"href":"https:\/\/www.ludwig-van.com\/montreal\/wp-json\/wp\/v2\/media?parent=74892"}],"wp:term":[{"taxonomy":"category","embeddable":true,"href":"https:\/\/www.ludwig-van.com\/montreal\/wp-json\/wp\/v2\/categories?post=74892"},{"taxonomy":"post_tag","embeddable":true,"href":"https:\/\/www.ludwig-van.com\/montreal\/wp-json\/wp\/v2\/tags?post=74892"},{"taxonomy":"yst_prominent_words","embeddable":true,"href":"https:\/\/www.ludwig-van.com\/montreal\/wp-json\/wp\/v2\/yst_prominent_words?post=74892"}],"curies":[{"name":"wp","href":"https:\/\/api.w.org\/{rel}","templated":true}]}}