{"id":74605,"date":"2023-01-06T10:13:27","date_gmt":"2023-01-06T15:13:27","guid":{"rendered":"https:\/\/www.ludwig-van.com\/montreal\/?p=74605"},"modified":"2023-01-06T10:13:27","modified_gmt":"2023-01-06T15:13:27","slug":"rencontre-suite-tango-comment","status":"publish","type":"post","link":"https:\/\/www.ludwig-van.com\/montreal\/2023\/01\/06\/rencontre-suite-tango-comment\/","title":{"rendered":"RENCONTRE | Suite Tango: bandon\u00e9on, violoncelle et passion"},"content":{"rendered":"<figure id=\"attachment_74615\" aria-describedby=\"caption-attachment-74615\" style=\"width: 1200px\" class=\"wp-caption alignnone\"><img decoding=\"async\" loading=\"lazy\" class=\"size-full wp-image-74615\" src=\"https:\/\/www.ludwig-van.com\/montreal\/wp-content\/uploads\/sites\/3\/2023\/01\/Stephane-Tetreault-Denis-Plante-cover-cr-Jeremy-Dionn.jpg\" alt=\"St\u00e9phane T\u00e9treault et Denis Plante ont collabor\u00e9 au projet Suite Tango. (Photo: J\u00e9r\u00e9my Dionn)\" width=\"1200\" height=\"628\" \/><figcaption id=\"caption-attachment-74615\" class=\"wp-caption-text\">St\u00e9phane T\u00e9treault et Denis Plante ont collabor\u00e9 au projet Suite Tango. (Photo: J\u00e9r\u00e9my Dionn)<\/figcaption><\/figure>\n<h3><span style=\"color: #808080;\">En juin 2021, au Festival Classica, Denis Plante et St\u00e9phane T\u00e9treault faisaient la cr\u00e9ation des <em>Six pi\u00e8ces originales inspir\u00e9es des suites pour violoncelle de J.S Bach,\u00a0<\/em>pour bandon\u00e9on et violoncelle, qui avaient fait vive impression. On peut d\u00e9sormais les entendre sur l&rsquo;album Suite Tango, paru chez ATMA Classique. Rencontre avec les deux artistes.\u00a0<\/span><\/h3>\n<p><strong>Denis Plante<\/strong> a de multiples cordes \u00e0 son arc: bandon\u00e9oniste, arrangeur, compositeur, dramaturge, et plus encore. Son catalogue compte plus d&rsquo;une centaine d&rsquo;\u0153uvres. Il a \u00e9galement sign\u00e9 plusieurs pi\u00e8ces de th\u00e9\u00e2tre, dont la plupart accordent une grande place \u00e0 la musique, notamment son op\u00e9ra-tango <a href=\"http:\/\/rreverb.com\/bibliotheque-interdite-sebastien-ricard\/\" target=\"_blank\" rel=\"noopener\">La biblioth\u00e8que interdite.\u00a0<\/a><\/p>\n<p>Cette collaboration avec <strong>St\u00e9phane T\u00e9treault<\/strong> n&rsquo;est pas la premi\u00e8re.<\/p>\n<p>\u00ab\u00a0<strong>Marc Boucher<\/strong>, le directeur artistique du <strong>Festival Classica<\/strong>, nous avait d&rsquo;abord rejoints il y a quelques ann\u00e9es afin de donner un concert en duo pour lequel j&rsquo;avais arrang\u00e9 de mes pi\u00e8ces ainsi que des pi\u00e8ces de Piazzolla, dit <strong>Denis Plante<\/strong>. comme cela avait eu beaucoup de succ\u00e8s, il nous a demand\u00e9 de revenir l&rsquo;ann\u00e9e suivante. J&rsquo;en ai profit\u00e9 pour \u00e9crire quelque chose sur mesure pour St\u00e9phane. La m\u00eame ann\u00e9e, il jouait d&rsquo;ailleurs aussi l&rsquo;int\u00e9grale des <em>Suites pour violoncelle seul<\/em> de Bach au festival. Notre concert arrivait comme un compl\u00e9tement de cette exp\u00e9rience et je ne crois pas que ce disque aurait exist\u00e9 si je n&rsquo;avais pas rencontr\u00e9 St\u00e9phane. C&rsquo;est vraiment sa fa\u00e7on de jouer et sa force d&rsquo;expression qui m&rsquo;ont convaincu.\u00a0\u00bb<\/p>\n<p>Il a donc compos\u00e9 six suites, comme Jean-S\u00e9bastien Bach, mais pour ces deux instruments au premier abord compl\u00e8tement \u00e9trangers. Le r\u00e9sultat est recherch\u00e9, inspir\u00e9 et inspirant.<\/p>\n<p>&nbsp;<\/p>\n<figure id=\"attachment_74616\" aria-describedby=\"caption-attachment-74616\" style=\"width: 1200px\" class=\"wp-caption alignnone\"><img decoding=\"async\" loading=\"lazy\" class=\"size-full wp-image-74616\" src=\"https:\/\/www.ludwig-van.com\/montreal\/wp-content\/uploads\/sites\/3\/2023\/01\/Denis-Plante-cr-Jeremy-Dionn.jpg\" alt=\"Denis Plante, bandon\u00e9oniste, compositeur et dramaturge. (Photo: J\u00e9r\u00e9my Dionn)\" width=\"1200\" height=\"1487\" \/><figcaption id=\"caption-attachment-74616\" class=\"wp-caption-text\">Denis Plante, bandon\u00e9oniste, compositeur et dramaturge. (Photo: J\u00e9r\u00e9my Dionn)<\/figcaption><\/figure>\n<p>Mais quel est le lien entre Jean-S\u00e9bastien Bach et le tango?<\/p>\n<p>\u00ab\u00a0Il y en a un dans la mesure ou les suites de Bach sont des suites de danse: courante, gavotte, sarabande, dit le compositeur. On l&rsquo;oublie parfois, aujourd&rsquo;hui. Le tango contemporain a suivi un peu le m\u00eame chemin en passant de la danse au concert. Je trouvais cela inspirant d&rsquo;aller puiser dans les rythmes d&rsquo;Argentine pour \u00e9crire de nouvelles suites de danse.\u00a0\u00bb<\/p>\n<p>Les timbres du violoncelle et du bandon\u00e9on vont bien ensemble, tout comme le violoncelle va aussi bien avec la harpe dans le cadre du projet <a href=\"https:\/\/www.ludwig-van.com\/montreal\/2022\/05\/24\/rencontre-transfiguration-un-projet-a-limage-dune-grande-amitie\/\" target=\"_blank\" rel=\"noopener\">Transfiguration<\/a>, que <strong>St\u00e9phane T\u00e9treault<\/strong> m\u00e8ne avec <strong>Val\u00e9rie Milot<\/strong> et qui a fait l&rsquo;objet <a href=\"https:\/\/atmaclassique.com\/produit\/transfiguration\/\" target=\"_blank\" rel=\"noopener\">d&rsquo;un autre disque ATMA Classique.<\/a><\/p>\n<p>&nbsp;<\/p>\n<figure id=\"attachment_74617\" aria-describedby=\"caption-attachment-74617\" style=\"width: 1200px\" class=\"wp-caption alignnone\"><img decoding=\"async\" loading=\"lazy\" class=\"size-full wp-image-74617\" src=\"https:\/\/www.ludwig-van.com\/montreal\/wp-content\/uploads\/sites\/3\/2023\/01\/Stephane-Tetreault-cr-Frederik-Robitaille.jpg\" alt=\"St\u00e9phane T\u00e9treault, violoncelliste. (Photo: Fr\u00e9d\u00e9rik Robitaille)\" width=\"1200\" height=\"800\" \/><figcaption id=\"caption-attachment-74617\" class=\"wp-caption-text\">St\u00e9phane T\u00e9treault, violoncelliste. (Photo: Fr\u00e9d\u00e9rik Robitaille)<\/figcaption><\/figure>\n<p>\u00ab\u00a0Je pense que le violoncelle est un instrument tr\u00e8s polyvalent, dit <strong>St\u00e9phane T\u00e9treault<\/strong>. On le conna\u00eet beaucoup \u00e0 travers son r\u00e9pertoire conventionnel, mais dans les arrangements ou dans ce nouveau r\u00e9pertoire original, avec le bandon\u00e9on &#8211; comme c&rsquo;est le cas pour la harpe &#8211; les deux instruments ont des couleurs compl\u00e9mentaires, qui s&rsquo;agencent bien. En plus de jouer de grands classiques comme les concertos pour violoncelle, j&rsquo;adore aller plus loin \u00e0 travers des collaborations avec d&rsquo;autres artistes. Pour moi, c&rsquo;est vital. Si je n&rsquo;avais pas ces collaborations et ces amis, en musique et dans la vie, je pense que je ne serais pas capable de faire une carri\u00e8re. J&rsquo;aime \u00eatre soliste, mais je ne voudrais pas \u00eatre toujours seul \u00e0 jouer sur sc\u00e8ne. Les collaborations et la musique de chambre, c&rsquo;est tr\u00e8s important. Durant la pand\u00e9mie, ce qui a \u00e9t\u00e9 le plus difficile pour moi, c&rsquo;\u00e9tait de ne pas pouvoir jouer avec d&rsquo;autres.\u00a0\u00bb<\/p>\n<p>Le violoncelliste ajoute qu&rsquo;il adore le tango.<\/p>\n<p>\u00ab\u00a0J&rsquo;ai toujours aim\u00e9 cette musique, dit-il. Je pense que c&rsquo;est la passion, l&rsquo;\u00e9nergie et l&rsquo;authenticit\u00e9 de la communication et de l&rsquo;expression qui m&rsquo;interpellent \u00e9norm\u00e9ment. On ressent une urgence de s&rsquo;exprimer dans cette musique, que l&rsquo;on ressent m\u00eame avant de commencer \u00e0 jouer.\u00a0\u00bb<\/p>\n<h3>Disque<\/h3>\n<p>L&rsquo;album Suite Tango est disponible chez les bons disquaires et <a href=\"https:\/\/atmaclassique.com\/produit\/suite-tango\/\" target=\"_blank\" rel=\"noopener\">sur le site d&rsquo;ATMA Classique.\u00a0<\/a><\/p>\n<h3>Concerts<\/h3>\n<p>Des concerts sont \u00e9galement pr\u00e9vus pour Suite Tango. Pour l&rsquo;instant, aux dates et lieux suivants:<\/p>\n<ul>\n<li>Le 28 janvier au <a href=\"https:\/\/lepointdevente.com\/billets\/car-suite-tango\" target=\"_blank\" rel=\"noopener\">Centre d&rsquo;art de Richmond<\/a><\/li>\n<li>Le 29 janvier au <a href=\"https:\/\/lepointdevente.com\/billets\/suitetango\" target=\"_blank\" rel=\"noopener\">Vitrail &#8211; Espace Culturel<\/a>, \u00e0 Thetford-Mines<\/li>\n<li>Le 5 mars, \u00e0 <a href=\"https:\/\/lachapellespectacles.ticketacces.net\/fr\/organisation\/representations\/index.cfm?EvenementID=10514&amp;Date=&amp;refresh=1&amp;DetectionCookies=TestComplet\" target=\"_blank\" rel=\"noopener\">La Chapelle spectacles<\/a>, Qu\u00e9bec.<\/li>\n<\/ul>\n<p>&nbsp;<\/p>\n<h2><em>Inscrivez-vous \u00e0 notre infolettre! La musique classique et l&rsquo;op\u00e9ra en 5 minutes, chaque jour<\/em> \u00a0<span style=\"color: #ff0000;\"><a style=\"color: #ff0000;\" href=\"https:\/\/ludwig-van.us9.list-manage.com\/subscribe?u=4f785cb3f9058f2393ccad035&amp;id=b9b160c032\" target=\"_blank\" rel=\"noopener noreferrer\">ICI\u00a0<\/a><\/span><\/h2>\n","protected":false},"excerpt":{"rendered":"<p>En juin 2021, au Festival Classica, Denis Plante et St\u00e9phane T\u00e9treault faisaient la cr\u00e9ation des Six pi\u00e8ces originales inspir\u00e9es des suites pour violoncelle de J.S Bach,\u00a0pour bandon\u00e9on et violoncelle, qui avaient fait vive impression. On peut d\u00e9sormais les entendre sur l&rsquo;album Suite Tango, paru chez ATMA Classique. Rencontre avec les deux artistes.\u00a0<\/p>\n","protected":false},"author":51,"featured_media":74615,"comment_status":"open","ping_status":"open","sticky":false,"template":"","format":"standard","meta":{"om_disable_all_campaigns":false,"jetpack_post_was_ever_published":false},"categories":[42065,10956,10998],"tags":[42066,401],"yst_prominent_words":[10411,13149,28826,12354,27431,9811,11373,11713,25520,21921,11684,15549,9901],"acf":[],"jetpack_featured_media_url":"https:\/\/www.ludwig-van.com\/montreal\/wp-content\/uploads\/sites\/3\/2023\/01\/Stephane-Tetreault-Denis-Plante-cover-cr-Jeremy-Dionn.jpg","jetpack_sharing_enabled":true,"jetpack_shortlink":"https:\/\/wp.me\/p9bdYt-jpj","amp_enabled":true,"_links":{"self":[{"href":"https:\/\/www.ludwig-van.com\/montreal\/wp-json\/wp\/v2\/posts\/74605"}],"collection":[{"href":"https:\/\/www.ludwig-van.com\/montreal\/wp-json\/wp\/v2\/posts"}],"about":[{"href":"https:\/\/www.ludwig-van.com\/montreal\/wp-json\/wp\/v2\/types\/post"}],"author":[{"embeddable":true,"href":"https:\/\/www.ludwig-van.com\/montreal\/wp-json\/wp\/v2\/users\/51"}],"replies":[{"embeddable":true,"href":"https:\/\/www.ludwig-van.com\/montreal\/wp-json\/wp\/v2\/comments?post=74605"}],"version-history":[{"count":12,"href":"https:\/\/www.ludwig-van.com\/montreal\/wp-json\/wp\/v2\/posts\/74605\/revisions"}],"predecessor-version":[{"id":74621,"href":"https:\/\/www.ludwig-van.com\/montreal\/wp-json\/wp\/v2\/posts\/74605\/revisions\/74621"}],"wp:featuredmedia":[{"embeddable":true,"href":"https:\/\/www.ludwig-van.com\/montreal\/wp-json\/wp\/v2\/media\/74615"}],"wp:attachment":[{"href":"https:\/\/www.ludwig-van.com\/montreal\/wp-json\/wp\/v2\/media?parent=74605"}],"wp:term":[{"taxonomy":"category","embeddable":true,"href":"https:\/\/www.ludwig-van.com\/montreal\/wp-json\/wp\/v2\/categories?post=74605"},{"taxonomy":"post_tag","embeddable":true,"href":"https:\/\/www.ludwig-van.com\/montreal\/wp-json\/wp\/v2\/tags?post=74605"},{"taxonomy":"yst_prominent_words","embeddable":true,"href":"https:\/\/www.ludwig-van.com\/montreal\/wp-json\/wp\/v2\/yst_prominent_words?post=74605"}],"curies":[{"name":"wp","href":"https:\/\/api.w.org\/{rel}","templated":true}]}}