{"id":74548,"date":"2022-12-23T12:03:11","date_gmt":"2022-12-23T17:03:11","guid":{"rendered":"https:\/\/www.ludwig-van.com\/montreal\/?p=74548"},"modified":"2022-12-23T12:03:11","modified_gmt":"2022-12-23T17:03:11","slug":"liste-douze-cadeaux-de-derniere-minute-pour-les-melomanes-dans-votre-vie","status":"publish","type":"post","link":"https:\/\/www.ludwig-van.com\/montreal\/2022\/12\/23\/liste-douze-cadeaux-de-derniere-minute-pour-les-melomanes-dans-votre-vie\/","title":{"rendered":"LISTE | Les meilleurs cadeaux de derni\u00e8re minute pour les m\u00e9lomanes dans votre vie"},"content":{"rendered":"<figure id=\"attachment_74563\" aria-describedby=\"caption-attachment-74563\" style=\"width: 1200px\" class=\"wp-caption alignnone\"><img decoding=\"async\" loading=\"lazy\" class=\"wp-image-74563 size-full\" src=\"https:\/\/www.ludwig-van.com\/montreal\/wp-content\/uploads\/sites\/3\/2022\/12\/Copie-de-CONCERTS-54.jpg\" alt=\"\" width=\"1200\" height=\"628\" \/><figcaption id=\"caption-attachment-74563\" class=\"wp-caption-text\">Joyce DiDonato (Photo: Sergi Jasanada ); Alexandre Tharaud et Jean-Guihen Queyras (Photo: Marco Borggreve); l&rsquo;Orchestre FILMHarmonique (Photo: GFN Productions)<\/figcaption><\/figure>\n<h3><span style=\"color: #808080;\">Au moment d&rsquo;\u00e9crire cet article, une affreuse temp\u00eate tombe sur le Qu\u00e9bec et nous enl\u00e8ve toute tentation de sortir. Vous souhaitez faire un cadeau \u00e0 une personne qui aime la musique classique sans vous d\u00e9placer? Des billets de spectacle et de concert, que l&rsquo;on peut acheter en ligne, repr\u00e9sentent une merveilleuse solution! Plut\u00f4t qu&rsquo;un objet, offrez une exp\u00e9rience m\u00e9morable, ou g\u00e2tez vous! <\/span><\/h3>\n<h3><span style=\"color: #808080;\">Voici nos suggestions pour faire plaisir \u00e0 vos proches m\u00e9lomanes&#8230;ou \u00e0 vous-m\u00eame.<\/span><\/h3>\n<p>&nbsp;<\/p>\n<figure id=\"attachment_71312\" aria-describedby=\"caption-attachment-71312\" style=\"width: 1200px\" class=\"wp-caption alignnone\"><img decoding=\"async\" loading=\"lazy\" class=\"size-full wp-image-71312\" src=\"https:\/\/www.ludwig-van.com\/montreal\/wp-content\/uploads\/sites\/3\/2019\/01\/JOYCE_SergiJasanada_0120-1200x838-1.jpg\" alt=\"Joyce DiDonato (Photo: Sergi Jasanada)\" width=\"1200\" height=\"838\" \/><figcaption id=\"caption-attachment-71312\" class=\"wp-caption-text\">Joyce DiDonato (Photo: Sergi Jasanada)<\/figcaption><\/figure>\n<h3>Joyce DiDonato<\/h3>\n<p>C&rsquo;est LE concert \u00e0 ne pas manquer cet hiver, \u00e0 Montr\u00e9al et \u00e0 Qu\u00e9bec: l&rsquo;incomparable <strong>Joyce DiDonato<\/strong> et son spectacle <em>Eden<\/em>, que le <strong>Club musical de Qu\u00e9bec<\/strong> nous d\u00e9crit comme suit:<\/p>\n<p>\u00ab\u00a0<em>Eden est certainement le projet le plus important et ambitieux de Joyce DiDonato \u00e0 ce jour. Gr\u00e2ce \u00e0 la collaboration de l\u2019ensemble il Pomo d\u2019Oro, ce concert en parfaite symbiose avec les pr\u00e9occupations de notre \u00e9poque plonge l\u2019auditeur au c\u0153ur du monde qui l\u2019entoure. En r\u00e9tablissant le contact avec la nature au moyen d\u2019un r\u00e9pertoire allant de l\u2019\u00e9poque baroque au 21e si\u00e8cle, on nous propose une inoubliable exp\u00e9rience d\u2019introspection et d\u2019\u00e9merveillement.<\/em><\/p>\n<p><em>Avec son concept inusit\u00e9 de \u00ab r\u00e9cital mis en espace \u00bb, un th\u00e8me unificateur regroupant 11 compositeurs et plus de 4 si\u00e8cles de musique autour de la nature dans une prise de position environnementale engag\u00e9e<\/em>.\u00a0\u00bb<\/p>\n<p><strong>Le 29 janvier, 16 h, salle Wilfrid-Pelletier <\/strong><a href=\"https:\/\/placedesarts.com\/fr\/evenement\/eden-joyce-didonato\" target=\"_blank\" rel=\"noopener\">D\u00c9TAILS ET BILLETS<\/a><\/p>\n<p><strong>Le 30 janvier, 19 h 30, Palais-Montcalm, Qu\u00e9bec <\/strong><a href=\"https:\/\/www.clubmusicaldequebec.com\/cmq\/index.php\/programmation\/saison-2022-2023\/eden-joyce-didonato-il-pomo-doro\" target=\"_blank\" rel=\"noopener\">D\u00c9TAILS ET BILLETS<\/a><\/p>\n<p>&nbsp;<\/p>\n<p style=\"text-align: center;\"><img decoding=\"async\" loading=\"lazy\" class=\"alignnone wp-image-58925 size-full\" src=\"https:\/\/www.ludwig-van.com\/montreal\/wp-content\/uploads\/sites\/3\/2019\/03\/Thorwald-Jorgensen-courtoisie.jpg\" alt=\"\" width=\"1024\" height=\"412\" srcset=\"https:\/\/www.ludwig-van.com\/montreal\/wp-content\/uploads\/sites\/3\/2019\/03\/Thorwald-Jorgensen-courtoisie.jpg 1024w, https:\/\/www.ludwig-van.com\/montreal\/wp-content\/uploads\/sites\/3\/2019\/03\/Thorwald-Jorgensen-courtoisie-300x121.jpg 300w, https:\/\/www.ludwig-van.com\/montreal\/wp-content\/uploads\/sites\/3\/2019\/03\/Thorwald-Jorgensen-courtoisie-768x309.jpg 768w\" sizes=\"(max-width: 1024px) 100vw, 1024px\" \/><\/p>\n<h3>R\u00e9volution \u00e9lectrique: la th\u00e9r\u00e9mine \u00e0 l&rsquo;Orchestre M\u00e9tropolitain<\/h3>\n<p>On a rarement l&rsquo;occasion d&rsquo;entendre de la th\u00e9r\u00e9mine \u00e0 Montr\u00e9al. Cet instrument myst\u00e9rieux sera jou\u00e9 par un ma\u00eetre, le th\u00e9r\u00e9miste n\u00e9erlandais <strong>Thorwald J\u00f8rgensen<\/strong>, que j&rsquo;avais eu <a href=\"https:\/\/www.ludwig-van.com\/montreal\/2019\/03\/01\/invite-special-thorwald-jorgensen-un-grand-du-theremine-en-concert-a-montreal\/\" target=\"_blank\" rel=\"noopener\">l&rsquo;occasion d&rsquo;interviewer en 2019.<\/a> Il fera la cr\u00e9ation d&rsquo;un nouveau concerto pour son instrument du compositeur qu\u00e9b\u00e9cois <strong>Simon Bertrand<\/strong>, qui a intitul\u00e9 son \u0153uvre <em>Cinq moments dans la vie tr\u00e9pidante de L\u00e9on Th\u00e9r\u00e9mine<\/em>. Ce programme comprend aussi la Symphonie no 7 de Dvo\u0159\u00e1k et l&rsquo;Ouverture du <em>Vaisseau Fant\u00f4me<\/em>, de Wagner. Cheffe invit\u00e9e: <strong>Daniela Candillari. <\/strong><\/p>\n<p><strong>Le 10 f\u00e9vrier, 19 h 30, Maison symphonique<\/strong> <a href=\"https:\/\/orchestremetropolitain.com\/fr\/concerts\/revolution-electrique\/?show_date_id=4196\" target=\"_blank\" rel=\"noopener\">D\u00c9TAILS ET BILLETS<\/a><\/p>\n<p><strong>Ce concert est aussi pr\u00e9sent\u00e9 \u00e0<\/strong> <a href=\"https:\/\/orchestremetropolitain.com\/fr\/concerts\/revolution-electrique\/?show_date_id=4253\" target=\"_blank\" rel=\"noopener\">Pointe-Claire le 9 f\u00e9vrier<\/a> <strong>et \u00e0<\/strong> <a href=\"https:\/\/orchestremetropolitain.com\/fr\/concerts\/revolution-electrique\/?show_date_id=4255\" target=\"_blank\" rel=\"noopener\">Saint-L\u00e9onard le 11 f\u00e9vrier.\u00a0<\/a><\/p>\n<p>&nbsp;<\/p>\n<figure id=\"attachment_58768\" aria-describedby=\"caption-attachment-58768\" style=\"width: 1024px\" class=\"wp-caption aligncenter\"><img decoding=\"async\" loading=\"lazy\" class=\"wp-image-58768 size-full\" src=\"https:\/\/www.ludwig-van.com\/montreal\/wp-content\/uploads\/sites\/3\/2019\/02\/Pascal-Amoyel-pianiste.jpg\" alt=\"Pascal Amoyel\" width=\"1024\" height=\"682\" srcset=\"https:\/\/www.ludwig-van.com\/montreal\/wp-content\/uploads\/sites\/3\/2019\/02\/Pascal-Amoyel-pianiste.jpg 1024w, https:\/\/www.ludwig-van.com\/montreal\/wp-content\/uploads\/sites\/3\/2019\/02\/Pascal-Amoyel-pianiste-300x200.jpg 300w, https:\/\/www.ludwig-van.com\/montreal\/wp-content\/uploads\/sites\/3\/2019\/02\/Pascal-Amoyel-pianiste-768x512.jpg 768w\" sizes=\"(max-width: 1024px) 100vw, 1024px\" \/><figcaption id=\"caption-attachment-58768\" class=\"wp-caption-text\">Pascal Amoyel, pianiste. (Photo: courtoisie de la salle Bourgie)<\/figcaption><\/figure>\n<h3>Pascal Amoyel: sur les traces de Beethoven<\/h3>\n<p><strong>Pascal Amoyel<\/strong> nous avait \u00e9poustoufl\u00e9s avec son spectacle <em>Le pianiste aux cinquante doigts ou l&rsquo;incroyable destin\u00e9e de Gy\u00f6rgy Cziffra\u00a0<\/em>\u00e0 la Salle Bourgie, en 2017. Dans ce th\u00e9\u00e2tre-concert o\u00f9 il \u00e9tait le seul et formidable interpr\u00e8te, il nous parlait de son mentor. Avec <em><strong>Sur les traces de Beethoven<\/strong><\/em>, \u00e9galement un concert m\u00e9tiss\u00e9 de th\u00e9\u00e2tre dont il a lui-m\u00eame \u00e9crit les textes, il revient pour nous parler, cette fois, du grand compositeur. Connaissant le pianiste, ce sera s\u00fbrement m\u00e9morable. <strong>Le 22 f\u00e9vrier, 19 h 30, Salle Bourgie.<\/strong> <a href=\"https:\/\/www.mbam.qc.ca\/fr\/activites\/pascal-amoyel-piano---sur-les-traces-de-beethoven-1\/?https:\/\/www.mbam.qc.ca\/fr\/expositions\/&amp;gclid=Cj0KCQiAwJWdBhCYARIsAJc4idABOi2vWpL41fwhJHY3cZq8ZszNdoOIQDMCzJ9l_9xLsT1dzjYXv1gaAk5wEALw_wcB\" target=\"_blank\" rel=\"noopener\">D\u00c9TAILS ET BILLETS<\/a><\/p>\n<p>&nbsp;<\/p>\n<figure id=\"attachment_74225\" aria-describedby=\"caption-attachment-74225\" style=\"width: 1200px\" class=\"wp-caption alignnone\"><img decoding=\"async\" loading=\"lazy\" class=\"size-full wp-image-74225\" src=\"https:\/\/www.ludwig-van.com\/montreal\/wp-content\/uploads\/sites\/3\/2022\/12\/Albertine-Veronique-Duplain.jpg\" alt=\"\" width=\"1200\" height=\"810\" \/><figcaption id=\"caption-attachment-74225\" class=\"wp-caption-text\">De gauche \u00e0 droite: Monique Pag\u00e9, Chantal Dionne, Chantal Lambert, Florence Bourget, Catherine St-Arnaud. (Photo: V\u00e9ronique Duplain)<\/figcaption><\/figure>\n<h3>Albertine en cinq temps, l&rsquo;op\u00e9ra<\/h3>\n<p>La musique de <strong>Catherine Major<\/strong>, le livret du <strong>Collectif de La Lune rouge<\/strong> et la mise en sc\u00e8ne de <strong>Nathalie Deschamps<\/strong> ont fait de la pi\u00e8ce g\u00e9niale de <strong>Michel Tremblay<\/strong> un op\u00e9ra tr\u00e8s r\u00e9ussi, qui sera de retour en tourn\u00e9e avec 17 repr\u00e9sentations, notamment \u00e0 Longueuil, Laval, Qu\u00e9bec et Ottawa. Une production \u00e0 ne pas manquer dont vous pouvez lire la critique ici, ainsi qu&rsquo;une entrevue avec les cr\u00e9atrice ici.<\/p>\n<p><strong>Du 17 mars du 17 mars au 14 novembre \u00e0 travers tout le Qu\u00e9bec.<\/strong> <a href=\"https:\/\/www.albertineopera.com\/calendrier\" target=\"_blank\" rel=\"noopener\">DATES ET BILLETS<\/a><\/p>\n<p>&nbsp;<\/p>\n<h3>Op\u00e9ra: Madama Butterfly ou La Boh\u00e8me<\/h3>\n<figure id=\"attachment_51867\" aria-describedby=\"caption-attachment-51867\" style=\"width: 800px\" class=\"wp-caption aligncenter\"><img decoding=\"async\" loading=\"lazy\" class=\"wp-image-51867 size-full\" src=\"https:\/\/www.ludwig-van.com\/montreal\/wp-content\/uploads\/sites\/3\/2018\/02\/Joyce-El-Khoury-cr-Fay-Fox-web.jpg\" alt=\"La soprano canadienne Joyce El-Khoury (Cr\u00e9dit: Fay Fox)\" width=\"800\" height=\"533\" srcset=\"https:\/\/www.ludwig-van.com\/montreal\/wp-content\/uploads\/sites\/3\/2018\/02\/Joyce-El-Khoury-cr-Fay-Fox-web.jpg 800w, https:\/\/www.ludwig-van.com\/montreal\/wp-content\/uploads\/sites\/3\/2018\/02\/Joyce-El-Khoury-cr-Fay-Fox-web-300x200.jpg 300w, https:\/\/www.ludwig-van.com\/montreal\/wp-content\/uploads\/sites\/3\/2018\/02\/Joyce-El-Khoury-cr-Fay-Fox-web-768x512.jpg 768w\" sizes=\"(max-width: 800px) 100vw, 800px\" \/><figcaption id=\"caption-attachment-51867\" class=\"wp-caption-text\">La soprano canadienne Joyce El-Khoury (Cr\u00e9dit: Fay Fox)<\/figcaption><\/figure>\n<p>Ceux et celles qui aiment l&rsquo;op\u00e9ra dans la grande tradition italienne auront le choix entre deux productions de <strong><em>Madama Butterfly<\/em><\/strong> bien distinctes cette ann\u00e9e. En effet, l&rsquo;<strong>Op\u00e9ra de Montr\u00e9al<\/strong> et l&rsquo;<strong>Op\u00e9ra de Qu\u00e9bec<\/strong> pr\u00e9sentent tous les deux l&rsquo;oeuvre de Puccini.<\/p>\n<h3>Op\u00e9ra de Montr\u00e9al<\/h3>\n<p>Avec, entre autres, la fabuleuse <strong>Joyce El-Khoury<\/strong> en Cio Cio San, la distribution que nous propose l&rsquo;Op\u00e9ra de Montr\u00e9al donne tr\u00e8s envie de se procurer des billets.<\/p>\n<p><strong>Du 6 au 16 mai, salle Wilfrid-Pelletier.<\/strong> <a href=\"https:\/\/www.operademontreal.com\/programmation\/madama-butterfly-0\" target=\"_blank\" rel=\"noopener\">D\u00c9TAILS ET BILLETS<\/a><\/p>\n<h3>Op\u00e9ra de Qu\u00e9bec<\/h3>\n<p>\u00c0 Qu\u00e9bec, Cio Cio San sera interpr\u00e9t\u00e9e par MyunJoo Lee, et Pinkerton par le talentueux qu\u00e9b\u00e9cois \u00c9ric Laporte, qui fait plut\u00f4t carri\u00e8re en Europe, dans une mise en sc\u00e8ne de Fran\u00e7ois Racine.<\/p>\n<p><strong>Du 13 au 20 mai, Grand Th\u00e9\u00e2tre de Qu\u00e9bec.<\/strong> <a href=\"https:\/\/operadequebec.com\/programmation\/madama-butterfly\/\" target=\"_blank\" rel=\"noopener\">D\u00c9TAILS ET BILLETS<\/a><\/p>\n<h3>La Boh\u00e8me en version concert<\/h3>\n<p><em>Madama Butterfly<\/em> ne vous tente pas? Voici une alternative: l&rsquo;<strong>Orchestre philharmonique et Choeur des m\u00e9lomanes (OPCM)<\/strong> pr\u00e9sente une version concert de <strong><em>La Boh\u00e8me<\/em><\/strong>, avec <strong>Myriam Leblanc<\/strong> dans le r\u00f4le de Mimi, et <strong>Andrew Haji<\/strong> en Rodolfo. Avec 60 musiciens ainsi que les choristes des <strong>Petits chanteurs du Mont-Royal<\/strong> en plus de ceux de l&rsquo;OPCM, sous la direction de <strong>Francis Choini\u00e8re<\/strong>, c&rsquo;est plus que prometteur.<\/p>\n<p><strong>Le 20 janvier, 19 h 30, Maison symphonique.<\/strong> <a href=\"https:\/\/placedesarts.com\/fr\/evenement\/la-boh%C3%A8me-puccini\" target=\"_blank\" rel=\"noopener\">D\u00c9TAILS ET BILLETS<\/a><\/p>\n<p>&nbsp;<\/p>\n<figure id=\"attachment_72598\" aria-describedby=\"caption-attachment-72598\" style=\"width: 798px\" class=\"wp-caption alignnone\"><img decoding=\"async\" loading=\"lazy\" class=\"size-full wp-image-72598\" src=\"https:\/\/www.ludwig-van.com\/montreal\/wp-content\/uploads\/sites\/3\/2022\/09\/Payare-cr-Antoine-Saito.jpg\" alt=\"Le chef Rafael Payare. (Photo: Antoine Saito)\" width=\"798\" height=\"573\" \/><figcaption id=\"caption-attachment-72598\" class=\"wp-caption-text\">Le chef Rafael Payare. (Photo: Antoine Saito)<\/figcaption><\/figure>\n<h3>La Cinqui\u00e8me de Mahler \u00e0 l&rsquo;OSM<\/h3>\n<p>Si vous tenez \u00e0 offrir un concert grandiose, la Cinqui\u00e8me de Mahler \u00e0 l&rsquo;OSM s&rsquo;impose. Au premi\u00e8re partie, le pianiste Yefim Bronfman, toujours solide comme un roc, interpr\u00e8te le d\u00e9mentiel Concerto no 2 de Bartok, pr\u00e9c\u00e9d\u00e9 de Precipice, de Dorothy Chang, le tout \u00e9videmment sous la direction de Rafael Payare. Il s&rsquo;agit du programme qui sera donn\u00e9 la veille par l&rsquo;OSM \u00e0 Carnegie Hall.<\/p>\n<p><strong>Le 9 mars, 19 h 30, Maison symphonique<\/strong>\u00a0<a href=\"https:\/\/www.osm.ca\/fr\/concerts\/la-cinquieme-symphonie-de-mahler\/\" target=\"_blank\" rel=\"noopener\">D\u00c9TAILS ET BILLETS<\/a><\/p>\n<p>&nbsp;<\/p>\n<h2>Musique de film et cin\u00e9-concerts<\/h2>\n<figure id=\"attachment_68422\" aria-describedby=\"caption-attachment-68422\" style=\"width: 638px\" class=\"wp-caption aligncenter\"><img decoding=\"async\" loading=\"lazy\" class=\"size-full wp-image-68422\" src=\"https:\/\/www.ludwig-van.com\/montreal\/wp-content\/uploads\/sites\/3\/2021\/10\/Francis-choiniere.jpg\" alt=\"Francis Choini\u00e8re, chef de l'OPCM. (Photo: page Facebook de l'artiste)\" width=\"638\" height=\"960\" \/><figcaption id=\"caption-attachment-68422\" class=\"wp-caption-text\">Francis Choini\u00e8re, chef de l&rsquo;OPCM. (Photo: page Facebook de l&rsquo;artiste)<\/figcaption><\/figure>\n<p>Vos amis sont \u00e9galement cin\u00e9philes? Voici quelques options qui feront plaisir \u00e0 coup s\u00fbr.<\/p>\n<h3>L&rsquo;univers symphonique du cin\u00e9ma<\/h3>\n<p>Un concert de musique de film fait toujours un beau cadeau tant pour ceux qui aiment la musique symphonique que pour les amateurs de cin\u00e9ma. Avec l&rsquo;Orchestre FILMHarmonique, ce concert nous propose d&rsquo;entendre un panorama des bandes sonores les plus populaires, incluant, pour cette fois, des extraits de Schindler&rsquo;s List et Cin\u00e9ma Paradiso, sous la direction de Francis Choini\u00e8re.<\/p>\n<p><strong>Le 3 f\u00e9vrier, Maison symphonique<\/strong> <a href=\"https:\/\/placedesarts.com\/fr\/evenement\/univers-symphonique-cinema-3e\" target=\"_blank\" rel=\"noopener\">D\u00c9TAILS ET BILLETS<\/a><\/p>\n<p>&nbsp;<\/p>\n<figure id=\"attachment_74558\" aria-describedby=\"caption-attachment-74558\" style=\"width: 937px\" class=\"wp-caption alignnone\"><img decoding=\"async\" loading=\"lazy\" class=\"size-full wp-image-74558\" src=\"https:\/\/www.ludwig-van.com\/montreal\/wp-content\/uploads\/sites\/3\/2022\/12\/Buster-Keaton.jpg\" alt=\"Buster Keaton dans The General (Photo: domaine public)\" width=\"937\" height=\"681\" \/><figcaption id=\"caption-attachment-74558\" class=\"wp-caption-text\">Buster Keaton dans The General (Photo: domaine public)<\/figcaption><\/figure>\n<h3>Cin\u00e9-concert: Le M\u00e9cano de la g\u00e9n\u00e9rale<\/h3>\n<p>S&rsquo;il est un film dr\u00f4le et captivant du d\u00e9but \u00e0 la fin, c&rsquo;est bien <em>Le M\u00e9cano de la g\u00e9n\u00e9rale <\/em>[<em>The General<\/em>, 1926], chef-d&rsquo;\u0153uvre du cin\u00e9ma muet avec l&rsquo;unique Buster Keaton, qui se retrouve encore dans une situation rocambolesque, \u00e0 bord d&rsquo;une locomotive en marche, en pleine Guerre de S\u00e9cession. La partie musicale est assur\u00e9e par l&rsquo;organiste James Kennerley pour cette pr\u00e9sentation \u00e0 la Maison symphonique. Une causerie pr\u00e9c\u00e9dant le concert est \u00e9galement offerte. <strong>Le 23 mars, 19 h 30, Maison symphonique<\/strong> <a href=\"https:\/\/www.osm.ca\/fr\/concerts\/cine-concert-le-mecano-de-la-generale\/\" target=\"_blank\" rel=\"noopener\">D\u00c9TAILS ET BILLETS<\/a><\/p>\n<p>&nbsp;<\/p>\n<figure id=\"attachment_74559\" aria-describedby=\"caption-attachment-74559\" style=\"width: 1600px\" class=\"wp-caption alignnone\"><img decoding=\"async\" loading=\"lazy\" class=\"size-full wp-image-74559\" src=\"https:\/\/www.ludwig-van.com\/montreal\/wp-content\/uploads\/sites\/3\/2022\/12\/Seigneur-des-anneaux.jpg\" alt=\"Photo: courtoisie de GFN Productions. \" width=\"1600\" height=\"1064\" \/><figcaption id=\"caption-attachment-74559\" class=\"wp-caption-text\">Photo: courtoisie de GFN Productions.<\/figcaption><\/figure>\n<h3>Cin\u00e9-concert: Le Retour du Roi<\/h3>\n<p>Pas moins de 250 musiciens et choristes seront r\u00e9unis ce troisi\u00e8me volet de l&rsquo;\u00e9pique trilogie du Seigneur des Anneaux, pr\u00e9sent\u00e9 par GFN Productions sous la direction de Francis Choini\u00e8re, avec l&rsquo;Orchestre FILMHarmonique et les Petits Chanteurs du Mont-Royal.<\/p>\n<p><strong>Du 3 au 5 mars, salle Wilfrid-Pelletier<\/strong> <a href=\"https:\/\/placedesarts.com\/fr\/evenement\/seigneur-des-anneaux-retour-du-roi-cine-concert\" target=\"_blank\" rel=\"noopener\">D\u00c9TAILS ET BILLETS<\/a><\/p>\n<p>&nbsp;<\/p>\n<h2>Musique de chambre et r\u00e9citals<\/h2>\n<figure id=\"attachment_68065\" aria-describedby=\"caption-attachment-68065\" style=\"width: 1200px\" class=\"wp-caption alignnone\"><img decoding=\"async\" loading=\"lazy\" class=\"wp-image-68065 size-full\" src=\"https:\/\/www.ludwig-van.com\/montreal\/wp-content\/uploads\/sites\/3\/2021\/09\/Hamelin_SimCannety-Clarke16_20lowres.jpg\" alt=\"\" width=\"1200\" height=\"798\" \/><figcaption id=\"caption-attachment-68065\" class=\"wp-caption-text\">Marc-Andr\u00e9 Hamelin (Photo: )<\/figcaption><\/figure>\n<h3>Marc-Andr\u00e9 Hamelin en r\u00e9cital<\/h3>\n<p>Pour ce r\u00e9cital Pro Musica, le grand pianiste canadien interpr\u00e8te deux sonates: la c\u00e9l\u00e8bre Hammerklavier, de Beethoven, et la Sonate pour piano en mi b\u00e9mol mineur de Paul Dukas. <strong>Le 12 mars, 15 h, salle Pierre-Mercure.<\/strong> <a href=\"https:\/\/centrepierrepeladeau.tuxedobillet.com\/main\/marc-andre-hamelin-piano\" target=\"_blank\" rel=\"noopener\">D\u00c9TAILS ET BILLETS<\/a><\/p>\n<p>&nbsp;<\/p>\n<figure id=\"attachment_73050\" aria-describedby=\"caption-attachment-73050\" style=\"width: 1200px\" class=\"wp-caption alignnone\"><img decoding=\"async\" loading=\"lazy\" class=\"wp-image-73050 size-full\" src=\"https:\/\/www.ludwig-van.com\/montreal\/wp-content\/uploads\/sites\/3\/2022\/09\/Club_musical_Quebec_Jean-Guihen_Queyras_Alexandre_Tharaud.jpg\" alt=\"Alexandre Tharaud et Jean-Guihen Queyras (Photo: Marco Borggreve)\" width=\"1200\" height=\"800\" \/><figcaption id=\"caption-attachment-73050\" class=\"wp-caption-text\">Alexandre Tharaud et Jean-Guihen Queyras (Photo: Marco Borggreve)<\/figcaption><\/figure>\n<h3>Jean-Guihen Queyras et Alexandre Tharaud<\/h3>\n<p>Ces deux amis et musiciens d&rsquo;exception sont sans contredit une valeur s\u00fbre de la saison! Ils pr\u00e9senteront des \u0153uvres pour violoncelle et piano de Schubert, Poulenc et Marais.<\/p>\n<p><strong>Le 28 mars, 19 h 30, Palais Montcalm<\/strong> <a href=\"https:\/\/clubmusicaldequebec.com\/cmq\/index.php\/programmation\/saison-2022-2023\/jean-guihen-queyras-alexandre-tharaud\" target=\"_blank\" rel=\"noopener\">D\u00c9TAILS ET BILLETS<\/a><\/p>\n<p><strong>Le 1er avril, 20 h, Salle Bourgie<\/strong> <a href=\"https:\/\/www.mbam.qc.ca\/fr\/activites\/jean-guihen-queyras-violoncelle-alexandre-tharaud-piano-1\/\" target=\"_blank\" rel=\"noopener\">D\u00c9TAILS ET BILLETS<\/a><\/p>\n<h3>Joyeux No\u00ebl \u00e0 tous nos lecteurs et lectrices!<\/h3>\n<h2><em>Inscrivez-vous \u00e0 notre infolettre! La musique classique et l&rsquo;op\u00e9ra en 5 minutes, chaque jour<\/em> \u00a0<span style=\"color: #ff0000;\"><a style=\"color: #ff0000;\" href=\"https:\/\/ludwig-van.us9.list-manage.com\/subscribe?u=4f785cb3f9058f2393ccad035&amp;id=b9b160c032\" target=\"_blank\" rel=\"noopener noreferrer\">ICI\u00a0<\/a><\/span><\/h2>\n","protected":false},"excerpt":{"rendered":"<p>Au moment d&rsquo;\u00e9crire cet article, une affreuse temp\u00eate est en cours et nous enl\u00e8ve toute tentation de sortir. Vous souhaitez faire un cadeau \u00e0 une personne qui aime la musique classique sans vous d\u00e9placer? Des billets de spectacle et de concert, que l&rsquo;on peut acheter en ligne, repr\u00e9sentent une merveilleuse solution! Plut\u00f4t qu&rsquo;un objet, offrez une exp\u00e9rience m\u00e9morable, ou g\u00e2tez vous!<br \/>\nVoici nos suggestions pour faire plaisir \u00e0 vos proches m\u00e9lomanes&#8230;ou \u00e0 vous-m\u00eame.<\/p>\n","protected":false},"author":51,"featured_media":74563,"comment_status":"open","ping_status":"open","sticky":false,"template":"","format":"standard","meta":{"om_disable_all_campaigns":false,"jetpack_post_was_ever_published":false},"categories":[42010,10956,10994],"tags":[42007,29791,42020,2521,4485,11137],"yst_prominent_words":[9863,16845,18022,11450,26052,11449,11448,21882,26055,26053,18272,19228,26054],"acf":[],"jetpack_featured_media_url":"https:\/\/www.ludwig-van.com\/montreal\/wp-content\/uploads\/sites\/3\/2022\/12\/Copie-de-CONCERTS-54.jpg","jetpack_sharing_enabled":true,"jetpack_shortlink":"https:\/\/wp.me\/p9bdYt-joo","amp_enabled":true,"_links":{"self":[{"href":"https:\/\/www.ludwig-van.com\/montreal\/wp-json\/wp\/v2\/posts\/74548"}],"collection":[{"href":"https:\/\/www.ludwig-van.com\/montreal\/wp-json\/wp\/v2\/posts"}],"about":[{"href":"https:\/\/www.ludwig-van.com\/montreal\/wp-json\/wp\/v2\/types\/post"}],"author":[{"embeddable":true,"href":"https:\/\/www.ludwig-van.com\/montreal\/wp-json\/wp\/v2\/users\/51"}],"replies":[{"embeddable":true,"href":"https:\/\/www.ludwig-van.com\/montreal\/wp-json\/wp\/v2\/comments?post=74548"}],"version-history":[{"count":17,"href":"https:\/\/www.ludwig-van.com\/montreal\/wp-json\/wp\/v2\/posts\/74548\/revisions"}],"predecessor-version":[{"id":74568,"href":"https:\/\/www.ludwig-van.com\/montreal\/wp-json\/wp\/v2\/posts\/74548\/revisions\/74568"}],"wp:featuredmedia":[{"embeddable":true,"href":"https:\/\/www.ludwig-van.com\/montreal\/wp-json\/wp\/v2\/media\/74563"}],"wp:attachment":[{"href":"https:\/\/www.ludwig-van.com\/montreal\/wp-json\/wp\/v2\/media?parent=74548"}],"wp:term":[{"taxonomy":"category","embeddable":true,"href":"https:\/\/www.ludwig-van.com\/montreal\/wp-json\/wp\/v2\/categories?post=74548"},{"taxonomy":"post_tag","embeddable":true,"href":"https:\/\/www.ludwig-van.com\/montreal\/wp-json\/wp\/v2\/tags?post=74548"},{"taxonomy":"yst_prominent_words","embeddable":true,"href":"https:\/\/www.ludwig-van.com\/montreal\/wp-json\/wp\/v2\/yst_prominent_words?post=74548"}],"curies":[{"name":"wp","href":"https:\/\/api.w.org\/{rel}","templated":true}]}}