{"id":74449,"date":"2022-12-16T06:27:24","date_gmt":"2022-12-16T11:27:24","guid":{"rendered":"https:\/\/www.ludwig-van.com\/montreal\/?p=74449"},"modified":"2022-12-16T06:27:24","modified_gmt":"2022-12-16T11:27:24","slug":"compte-rendu-noel-a-losm-simplicite-et-participation","status":"publish","type":"post","link":"https:\/\/www.ludwig-van.com\/montreal\/2022\/12\/16\/compte-rendu-noel-a-losm-simplicite-et-participation\/","title":{"rendered":"COMPTE-RENDU | No\u00ebl \u00e0 l&rsquo;Orchestre symphonique de Montr\u00e9al: simplicit\u00e9 et participation"},"content":{"rendered":"<figure id=\"attachment_74452\" aria-describedby=\"caption-attachment-74452\" style=\"width: 1200px\" class=\"wp-caption alignnone\"><img decoding=\"async\" loading=\"lazy\" class=\"size-full wp-image-74452\" src=\"https:\/\/www.ludwig-van.com\/montreal\/wp-content\/uploads\/sites\/3\/2022\/12\/Rafael-Payare-cr-Antoine-Saito.jpg\" alt=\"Rafael Payare dirigeait le concert de No\u00ebl de l'OSM, les 14 et 15 d\u00e9cembre 2022. (Photo: Antoine Saito)\" width=\"1200\" height=\"628\" \/><figcaption id=\"caption-attachment-74452\" class=\"wp-caption-text\">Rafael Payare dirigeait le concert de No\u00ebl de l&rsquo;OSM, les 14 et 15 d\u00e9cembre 2022. (Photo: Antoine Saito)<\/figcaption><\/figure>\n<h3><span style=\"color: #808080;\">L&rsquo;Orchestre symphonique de Montr\u00e9al pr\u00e9sentait cette semaine son concert de No\u00ebl, justement intitul\u00e9 \u00ab\u00a0Chantons No\u00ebl avec Rafael Payare\u00a0\u00bb. Une belle soir\u00e9e, sans pr\u00e9tention, \u00e0 laquelle le public ne s&rsquo;est pas fait prier pour participer.<\/span><\/h3>\n<p>Le d\u00e9cor classique, en rouge et vert avec des poinsettias, du sapin et de nombreuses chandelles, sur fond d&rsquo;\u00e9clairages bleus, \u00e9tait tr\u00e8s beau. Les <strong>Petits Chanteurs du Mont-Royal<\/strong> prenaient place aux c\u00f4t\u00e9s du Ch\u0153ur de l&rsquo;OSM. Avant le concert, <strong>Andrew Gray<\/strong>, chef de ch\u0153ur, est venu donner quelques conseils et nous faire r\u00e9p\u00e9ter un passage de l&rsquo;Hallelujah du <em>Messie,<\/em> pendant qu&rsquo;un nombre consid\u00e9rable de spectateurs arriv\u00e9s en retard, prenaient place.<\/p>\n<p>Le tout commence par l&rsquo;Ouverture de <em>La Chauve-souris<\/em> [<em>Die Fledermaus<\/em>] de Johann Strauss II, ce qui nous plonge dans une ambiance viennoise de l\u00e9g\u00e8ret\u00e9 et d&rsquo;\u00e9l\u00e9gance. On entend aussi <em>R\u00e9jouissances<\/em>, une Suite pour orchestre sur des No\u00ebls qu\u00e9b\u00e9cois de Gilles Bellemare.<\/p>\n<p>&nbsp;<\/p>\n<figure id=\"attachment_74453\" aria-describedby=\"caption-attachment-74453\" style=\"width: 1200px\" class=\"wp-caption alignnone\"><img decoding=\"async\" loading=\"lazy\" class=\"size-full wp-image-74453\" src=\"https:\/\/www.ludwig-van.com\/montreal\/wp-content\/uploads\/sites\/3\/2022\/12\/Orchestre-symphonique-de-Montreal-cr-Antoine-Saito-1200.jpg\" alt=\"\" width=\"1200\" height=\"800\" \/><figcaption id=\"caption-attachment-74453\" class=\"wp-caption-text\">Concert \u00ab\u00a0Chantons No\u00ebl avec Rafael Payare\u00a0\u00bb du 14 d\u00e9cembre 2022. (Photo: Antoine Saito)<\/figcaption><\/figure>\n<p>La premi\u00e8re pi\u00e8ce chant\u00e9e avec le public sera <em>Joy to the World<\/em>, suivie du <em>Hallelujah<\/em> du <em>Messie.\u00a0<\/em>Plus tard, entre les pi\u00e8ces orchestrales, nous chanterons \u00e9galement <em>Sainte Nuit<\/em>, en trois langues, <em>Il est n\u00e9 le divin enfant<\/em>, <em>Les anges dans nos campagnes<\/em>, et <em>Adeste Fideles<\/em>. Je ne me souviens pas d&rsquo;avoir eu l&rsquo;occasion de chanter \u00e0 la Maison symphonique auparavant, et ce fut bien agr\u00e9able. Cela a d&rsquo;ailleurs sembl\u00e9 plaire \u00e0 la plupart des personnes pr\u00e9sentes.<\/p>\n<p>L&rsquo;OSM interpr\u00e8te \u00e9galement les <em>Danses de Gal\u00e1nta<\/em>, de Kod\u00e1ly, et <em>Christmas Overture<\/em>, de Samuel Coleridge-Taylor, une tr\u00e8s belle pi\u00e8ce.<\/p>\n<p>De jeunes participants du programme <a href=\"https:\/\/www.lamusiqueauxenfants.org\/\" target=\"_blank\" rel=\"noopener\">La musique aux enfants<\/a>, une initiative d&rsquo;\u00e9ducation musicale de l&rsquo;OSM d\u00e9ploy\u00e9e depuis 2016 \u00e0 Montr\u00e9al-Nord \u00e0 l&rsquo;initiative de <strong>Kent Nagano,<\/strong> participent \u00e0 la <em>Symphonie des jouets<\/em> de L\u00e9opold Mozart; un moment attendrissant qui nous fait penser que leurs parents, pr\u00e9sents dans les premi\u00e8res rang\u00e9es, doivent \u00eatre tellement fiers!<\/p>\n<p>&nbsp;<\/p>\n<figure id=\"attachment_74454\" aria-describedby=\"caption-attachment-74454\" style=\"width: 1200px\" class=\"wp-caption alignnone\"><img decoding=\"async\" loading=\"lazy\" class=\"size-full wp-image-74454\" src=\"https:\/\/www.ludwig-van.com\/montreal\/wp-content\/uploads\/sites\/3\/2022\/12\/La-musique-aux-enfants-cr-Antoine-Saito-1200.jpg\" alt=\"Trois jeunes participantes du programme La musique aux enfants au concert &quot;Chantons No\u00ebl avec Rafael Payare&quot; du 14 d\u00e9cembre 2022. (Photo: Antoine Saito)\" width=\"1200\" height=\"800\" \/><figcaption id=\"caption-attachment-74454\" class=\"wp-caption-text\">Trois jeunes participantes du programme La musique aux enfants au concert \u00ab\u00a0Chantons No\u00ebl avec Rafael Payare\u00a0\u00bb du 14 d\u00e9cembre 2022. (Photo: Antoine Saito)<\/figcaption><\/figure>\n<p>En guise de rappel, le chef d&rsquo;orchestre avait choisi la tr\u00e8s rythm\u00e9e <em>Danza final<\/em> d&rsquo;<em>Estancia<\/em>, d&rsquo;Alberto Ginastera, choix un peu insolite pour un concert de No\u00ebl, mais qui maintient tout de m\u00eame l&rsquo;ambiance festive. Ma partie pr\u00e9f\u00e9r\u00e9e de ce concert est la fameuse <em>Marche de Radetzky,<\/em> de Johann Strauss p\u00e8re, o\u00f9 le publie tape des mains (une autre premi\u00e8re, en dehors des applaudissements) en suivant les indications de <strong>Rafael Payare.<\/strong><\/p>\n<p>Dans l&rsquo;ensemble, l&rsquo;impression qui se d\u00e9gage de cette belle soir\u00e9e de No\u00ebl est la grande classe, la vraie, celle qui a le chic d&rsquo;accueillir tout le monde sans snobisme, dans un esprit de r\u00e9jouissance et de joie, en toute simplicit\u00e9.<\/p>\n<p>Il reste encore deux concerts aux musiciens de l&rsquo;<strong>Orchestre symphonique de Montr\u00e9al<\/strong> avant le cong\u00e9 des f\u00eates: trois parties de l&rsquo;<em>Oratorio de No\u00ebl<\/em> de Jean-S\u00e9bastien Bach seront pr\u00e9sent\u00e9es les 21 et 22 d\u00e9cembre sous la direction du chef <strong>Leonardo Garc\u00eda Alarc\u00f3n<\/strong>.<a href=\"https:\/\/www.osm.ca\/fr\/concerts\/loratorio-de-noel-de-j-s-bach-sous-la-direction-de-leonardo-garcia-alarcon\/\" target=\"_blank\" rel=\"noopener\"> D\u00c9TAILS<\/a><\/p>\n<h2><em>Inscrivez-vous \u00e0 notre infolettre! La musique classique et l&rsquo;op\u00e9ra en 5 minutes, chaque jour<\/em> \u00a0<span style=\"color: #ff0000;\"><a style=\"color: #ff0000;\" href=\"https:\/\/ludwig-van.us9.list-manage.com\/subscribe?u=4f785cb3f9058f2393ccad035&amp;id=b9b160c032\" target=\"_blank\" rel=\"noopener noreferrer\">ICI\u00a0<\/a><\/span><\/h2>\n","protected":false},"excerpt":{"rendered":"<p>L&rsquo;Orchestre symphonique de Montr\u00e9al pr\u00e9sentait cette semaine son concert de No\u00ebl, justement intitul\u00e9 \u00ab\u00a0Chantons No\u00ebl avec Rafael Payare\u00a0\u00bb. Une belle soir\u00e9e, sans pr\u00e9tention, \u00e0 laquelle le public ne s&rsquo;est pas fait prier pour participer.<\/p>\n","protected":false},"author":51,"featured_media":74452,"comment_status":"open","ping_status":"open","sticky":false,"template":"","format":"standard","meta":{"om_disable_all_campaigns":false,"jetpack_post_was_ever_published":false},"categories":[42010,10956,10992],"tags":[42007,4485],"yst_prominent_words":[14253,14433,33286,11620,10468,20367,9870],"acf":[],"jetpack_featured_media_url":"https:\/\/www.ludwig-van.com\/montreal\/wp-content\/uploads\/sites\/3\/2022\/12\/Rafael-Payare-cr-Antoine-Saito.jpg","jetpack_sharing_enabled":true,"jetpack_shortlink":"https:\/\/wp.me\/p9bdYt-jmN","amp_enabled":true,"_links":{"self":[{"href":"https:\/\/www.ludwig-van.com\/montreal\/wp-json\/wp\/v2\/posts\/74449"}],"collection":[{"href":"https:\/\/www.ludwig-van.com\/montreal\/wp-json\/wp\/v2\/posts"}],"about":[{"href":"https:\/\/www.ludwig-van.com\/montreal\/wp-json\/wp\/v2\/types\/post"}],"author":[{"embeddable":true,"href":"https:\/\/www.ludwig-van.com\/montreal\/wp-json\/wp\/v2\/users\/51"}],"replies":[{"embeddable":true,"href":"https:\/\/www.ludwig-van.com\/montreal\/wp-json\/wp\/v2\/comments?post=74449"}],"version-history":[{"count":7,"href":"https:\/\/www.ludwig-van.com\/montreal\/wp-json\/wp\/v2\/posts\/74449\/revisions"}],"predecessor-version":[{"id":74459,"href":"https:\/\/www.ludwig-van.com\/montreal\/wp-json\/wp\/v2\/posts\/74449\/revisions\/74459"}],"wp:featuredmedia":[{"embeddable":true,"href":"https:\/\/www.ludwig-van.com\/montreal\/wp-json\/wp\/v2\/media\/74452"}],"wp:attachment":[{"href":"https:\/\/www.ludwig-van.com\/montreal\/wp-json\/wp\/v2\/media?parent=74449"}],"wp:term":[{"taxonomy":"category","embeddable":true,"href":"https:\/\/www.ludwig-van.com\/montreal\/wp-json\/wp\/v2\/categories?post=74449"},{"taxonomy":"post_tag","embeddable":true,"href":"https:\/\/www.ludwig-van.com\/montreal\/wp-json\/wp\/v2\/tags?post=74449"},{"taxonomy":"yst_prominent_words","embeddable":true,"href":"https:\/\/www.ludwig-van.com\/montreal\/wp-json\/wp\/v2\/yst_prominent_words?post=74449"}],"curies":[{"name":"wp","href":"https:\/\/api.w.org\/{rel}","templated":true}]}}