{"id":74436,"date":"2022-12-13T11:37:55","date_gmt":"2022-12-13T16:37:55","guid":{"rendered":"https:\/\/www.ludwig-van.com\/montreal\/?p=74436"},"modified":"2022-12-13T11:37:55","modified_gmt":"2022-12-13T16:37:55","slug":"nouvelle-pauline-vaillancourt-recevra-le-prix-hommage-au-gala-des-prix-opus","status":"publish","type":"post","link":"https:\/\/www.ludwig-van.com\/montreal\/2022\/12\/13\/nouvelle-pauline-vaillancourt-recevra-le-prix-hommage-au-gala-des-prix-opus\/","title":{"rendered":"NOUVELLE | Pauline Vaillancourt recevra le Prix Hommage au gala des Prix Opus"},"content":{"rendered":"<figure id=\"attachment_74438\" aria-describedby=\"caption-attachment-74438\" style=\"width: 1200px\" class=\"wp-caption alignnone\"><img decoding=\"async\" loading=\"lazy\" class=\"size-full wp-image-74438\" src=\"https:\/\/www.ludwig-van.com\/montreal\/wp-content\/uploads\/sites\/3\/2022\/12\/Pauline-Vaillancourt-cr-Jerome-Bertrand-cover.jpg\" alt=\"Pauline Vaillancourt recevra le Prix Hommage du CQM au gala des Prix Opus qui aura lieu le 5 f\u00e9vrier 2023. (Photo: J\u00e9r\u00f4me Bertrand)\" width=\"1200\" height=\"628\" \/><figcaption id=\"caption-attachment-74438\" class=\"wp-caption-text\">Pauline Vaillancourt recevra le Prix Hommage du CQM au gala des Prix Opus qui aura lieu le 5 f\u00e9vrier 2023. (Photo: J\u00e9r\u00f4me Bertrand)<\/figcaption><\/figure>\n<h3><span style=\"color: #808080;\">Le Conseil qu\u00e9b\u00e9cois de la musique (CQM) vient d&rsquo;annoncer que le Prix Hommage du prochain gala des Prix Opus sera remis \u00e0 Pauline Vaillancourt, interpr\u00e8te lyrique et fondatrice de Chants libres.\u00a0<\/span><\/h3>\n<p>Le <a href=\"https:\/\/www.ludwig-van.com\/montreal\/2022\/11\/25\/nouvelle-6\/\" target=\"_blank\" rel=\"noopener\">prochain Gala des Prix Opus<\/a> aura lieu le 5 f\u00e9vrier prochain \u00e0 la Salle Bourgie.<\/p>\n<p>\u201cL\u2019engagement de <strong>Pauline Vaillancourt<\/strong> envers le chant lyrique contemporain est remarquable. Audacieuses, ses propositions artistiques ont tr\u00e8s certainement contribu\u00e9 \u00e0 l\u2019avancement de la musique et \u00e0 positionner le Qu\u00e9bec comme un centre de recherche d\u2019avant-garde.\u201d a comment\u00e9 <strong>Fran\u00e7oise Henri<\/strong> pr\u00e9sidente du CQM, par voie de communiqu\u00e9.<\/p>\n<p>Au cours des ans, le Prix Hommage, qui existe depuis 1996, a \u00e9t\u00e9 remis, entre autres, \u00e0 Fernand Lindsay (1996-1997), Joseph Rouleau (2002-2003), Jacques H\u00e9tu (2008-2009), Yuli Turovsky (2010-2011), Johanne Goyette (2013-2014), Lorraine Vaillancourt (2016-2017), Gilbert Patenaude (2017-2018), Kent Nagano (2019-2020) et Claire Guimond (2020-2021).<\/p>\n<p>Infatigable pionni\u00e8re, convaincue de l&rsquo;importance de donner vie \u00e0 des \u0153uvres contemporaines fortes et innovatrices, Pauline Vaillancourt a fond\u00e9 Chants libres en 1990, et a d\u00e9cid\u00e9 de se retirer en juin dernier, <a href=\"https:\/\/www.ludwig-van.com\/montreal\/2022\/06\/09\/nouvelle-marie-annick-beliveau-succede-pauline-vaillancourt-chants-libres\/\" target=\"_blank\" rel=\"noopener\">laissant sa place en tant que directrice artistique \u00e0 la mezzo-soprano Marie-Annick B\u00e9liveau.\u00a0<\/a><\/p>\n<p>Parmi les productions marquantes de\u00a0<strong>Chants Libres<\/strong>\u00a0au fil des ans, mentionnons\u00a0<em>Ne bl\u00e2mez jamais les B\u00e9douins<\/em>\u00a0(1991),\u00a0<em>Chants du Capricorne<\/em>\u00a0(1995),\u00a0<em>L\u2019eau qui danse, la pomme qui chante et l\u2019oiseau qui dit la v\u00e9rit\u00e9\u00a0<\/em>\u00a0(2009) et\u00a0<em>Alexandra<\/em>\u00a0(2012).<\/p>\n<h3>Biographie de Pauline Vaillancourt<\/h3>\n<p>Voici une biographie sommaire de <strong>Pauline Vaillancourt<\/strong> diffus\u00e9e par le CQM.<\/p>\n<p>\u00ab\u00a0Interpr\u00e8te privil\u00e9gi\u00e9e de nombreux compositeurs, Pauline Vaillancourt d\u00e9fend leurs \u0153uvres depuis plus de 50 ans, tant sur la sc\u00e8ne nationale qu\u2019internationale. Son riche parcours l\u2019a men\u00e9e sur les sc\u00e8nes de nombreux festivals ainsi qu\u2019au Carnegie Hall de New York, travaillant avec des chefs d\u2019orchestre et metteurs en sc\u00e8ne de renom.<\/p>\n<p>D\u00e9tentrice d\u2019une Ma\u00eetrise en interpr\u00e9tation de l\u2019Universit\u00e9 de Montr\u00e9al, d\u00e8s le d\u00e9but de sa carri\u00e8re, Pauline Vaillancourt a d\u00e9velopp\u00e9 une approche th\u00e9\u00e2trale de la musique, notamment au sein de Gropus 7 dans les ann\u00e9es 70. Membre fondatrice de la compagnie lyrique de cr\u00e9ation Chants Libres, et directrice artistique depuis 1990, elle con\u00e7oit, met en sc\u00e8ne et interpr\u00e8te plusieurs de ses productions. Ses nombreuses collaborations ont nourri son processus cr\u00e9atif, int\u00e9grant de nouvelles technologies toujours au profit de la voix et du livret. Attentive \u00e0 la rel\u00e8ve et \u00e0 la perp\u00e9tuation des \u0153uvres, \u00e0 travers Chants Libres, elle confie \u00e0 de jeunes interpr\u00e8tes la reprise d\u2019\u0153uvres parmi les plus exigeantes, en plus de leur offrir des s\u00e9minaires et des ateliers de recherche.<\/p>\n<p>Engag\u00e9e dans la recherche, elle est \u00e9galement active au sein de DEII, le Laboratoire de d\u00e9veloppement en environnement immersif et interactif, en partenariat avec le r\u00e9seau de recherche et cr\u00e9ation en arts et technologies m\u00e9diatiques Hexagram.\u00a0\u00bb<\/p>\n<h3>Toutes nos f\u00e9licitations \u00e0 Pauline Vaillancourt.<\/h3>\n<p><a href=\"https:\/\/www.ludwig-van.com\/montreal\/2022\/11\/25\/nouvelle-6\/\" target=\"_blank\" rel=\"noopener\">VOIR LA LISTE DES FINALISTES AUX PRIX OPUS<\/a><\/p>\n<h2><em>Inscrivez-vous \u00e0 notre infolettre! La musique classique et l&rsquo;op\u00e9ra en 5 minutes, chaque jour<\/em> \u00a0<span style=\"color: #ff0000;\"><a style=\"color: #ff0000;\" href=\"https:\/\/ludwig-van.us9.list-manage.com\/subscribe?u=4f785cb3f9058f2393ccad035&amp;id=b9b160c032\" target=\"_blank\" rel=\"noopener noreferrer\">ICI\u00a0<\/a><\/span><\/h2>\n","protected":false},"excerpt":{"rendered":"<p>Le Conseil qu\u00e9b\u00e9cois de la musique (CQM) vient d&rsquo;annoncer que le Prix Hommage du prochain gala des Prix Opus sera remis \u00e0 Pauline Vaillancourt, interpr\u00e8te lyrique et fondatrice de Chants libres.<\/p>\n","protected":false},"author":51,"featured_media":74438,"comment_status":"open","ping_status":"open","sticky":false,"template":"","format":"standard","meta":{"om_disable_all_campaigns":false,"jetpack_post_was_ever_published":false},"categories":[42010,10956,10992],"tags":[42007,12141,27997,15875],"yst_prominent_words":[11483,12149,23096,10658,26687,27994,12540,29488,9811,11529,17065,16299,9857,18297,10975,10582,17066],"acf":[],"jetpack_featured_media_url":"https:\/\/www.ludwig-van.com\/montreal\/wp-content\/uploads\/sites\/3\/2022\/12\/Pauline-Vaillancourt-cr-Jerome-Bertrand-cover.jpg","jetpack_sharing_enabled":true,"jetpack_shortlink":"https:\/\/wp.me\/p9bdYt-jmA","amp_enabled":true,"_links":{"self":[{"href":"https:\/\/www.ludwig-van.com\/montreal\/wp-json\/wp\/v2\/posts\/74436"}],"collection":[{"href":"https:\/\/www.ludwig-van.com\/montreal\/wp-json\/wp\/v2\/posts"}],"about":[{"href":"https:\/\/www.ludwig-van.com\/montreal\/wp-json\/wp\/v2\/types\/post"}],"author":[{"embeddable":true,"href":"https:\/\/www.ludwig-van.com\/montreal\/wp-json\/wp\/v2\/users\/51"}],"replies":[{"embeddable":true,"href":"https:\/\/www.ludwig-van.com\/montreal\/wp-json\/wp\/v2\/comments?post=74436"}],"version-history":[{"count":5,"href":"https:\/\/www.ludwig-van.com\/montreal\/wp-json\/wp\/v2\/posts\/74436\/revisions"}],"predecessor-version":[{"id":74442,"href":"https:\/\/www.ludwig-van.com\/montreal\/wp-json\/wp\/v2\/posts\/74436\/revisions\/74442"}],"wp:featuredmedia":[{"embeddable":true,"href":"https:\/\/www.ludwig-van.com\/montreal\/wp-json\/wp\/v2\/media\/74438"}],"wp:attachment":[{"href":"https:\/\/www.ludwig-van.com\/montreal\/wp-json\/wp\/v2\/media?parent=74436"}],"wp:term":[{"taxonomy":"category","embeddable":true,"href":"https:\/\/www.ludwig-van.com\/montreal\/wp-json\/wp\/v2\/categories?post=74436"},{"taxonomy":"post_tag","embeddable":true,"href":"https:\/\/www.ludwig-van.com\/montreal\/wp-json\/wp\/v2\/tags?post=74436"},{"taxonomy":"yst_prominent_words","embeddable":true,"href":"https:\/\/www.ludwig-van.com\/montreal\/wp-json\/wp\/v2\/yst_prominent_words?post=74436"}],"curies":[{"name":"wp","href":"https:\/\/api.w.org\/{rel}","templated":true}]}}