{"id":74189,"date":"2022-11-29T15:39:09","date_gmt":"2022-11-29T20:39:09","guid":{"rendered":"https:\/\/www.ludwig-van.com\/montreal\/?p=74189"},"modified":"2022-11-29T16:02:47","modified_gmt":"2022-11-29T21:02:47","slug":"communaute-passez-le-mois-de-decembre-et-les-fetes-avec-i-musici-de-montreal","status":"publish","type":"post","link":"https:\/\/www.ludwig-van.com\/montreal\/2022\/11\/29\/communaute-passez-le-mois-de-decembre-et-les-fetes-avec-i-musici-de-montreal\/","title":{"rendered":"COMMUNAUT\u00c9 | Passez le mois de d\u00e9cembre et les F\u00eates avec I Musici de Montr\u00e9al"},"content":{"rendered":"<figure id=\"attachment_74196\" aria-describedby=\"caption-attachment-74196\" style=\"width: 1200px\" class=\"wp-caption alignnone\"><img decoding=\"async\" loading=\"lazy\" class=\"size-full wp-image-74196\" src=\"https:\/\/www.ludwig-van.com\/montreal\/wp-content\/uploads\/sites\/3\/2022\/11\/I-Musici.jpg\" alt=\"Andr\u00e9 Robitaille, Max Pollak, M\u00e9lissa Lavergne (Photos: courtoisies)\" width=\"1200\" height=\"628\" \/><figcaption id=\"caption-attachment-74196\" class=\"wp-caption-text\">Andr\u00e9 Robitaille (Photo: \u00c9milie Lapointe), Max Pollak (Photo: Lo\u00efs Greefield) M\u00e9lissa Lavergne (Photos: Kelly Jacob)<\/figcaption><\/figure>\n<h1 style=\"text-align: center;\"><del>Un message d&rsquo;I Musici de Montr\u00e9al<\/del><\/h1>\n<div>\n<h3><span style=\"color: #808080;\">L\u2019Orchestre de chambre <strong>I Musici de Montr\u00e9al<\/strong> vous invite \u00e0 ses prochains concerts, le 8 d\u00e9cembre 2022 \u00e0 14 h et \u00e0 19 h 30 \u00e0 la Salle Pierre-Mercure du Centre Pierre-P\u00e9ladeau. <\/span><\/h3>\n<div><\/div>\n<div>Pour l\u2019occasion, l\u2019ensemble re\u00e7oit le r\u00e9put\u00e9 com\u00e9dien\u00a0<b>Andr\u00e9 Robitaille\u00a0<\/b>qui nous guidera, comme r\u00e9citant, textes de\u00a0<b>R\u00e9becca D\u00e9raspe<\/b>, dans un programme musical unique, nous conduisant de l\u2019ombre \u00e0 la lumi\u00e8re. Aussi sur sc\u00e8ne,\u00a0<b>Max Pollak<\/b>, percussionniste corporel et danseur \u00e0 claquettes, et\u00a0<b>M\u00e9lissa Lavergne<\/b>, aux congas, des instruments de percussion r\u00e9pandus dans la musique latine, mais qui s\u2019accordent tr\u00e8s bien \u00e0 d\u2019autres styles musicaux. Envie de nouvelles d\u00e9couvertes ? Procurez-vous vos billets d\u00e8s maintenant, places sont limit\u00e9es !<\/div>\n<\/div>\n<div><\/div>\n<div><\/div>\n<div dir=\"ltr\">\n<h4><b>Le jeudi 8 d\u00e9cembre 2022, 14 h et 19 h 30 &#8211; <a href=\"https:\/\/centrepierrepeladeau.tuxedobillet.com\/main\/reves\" target=\"_blank\" rel=\"noopener\">BILLETS<\/a><\/b><\/h4>\n<h4>Salle Pierre-Mercure du Centre Pierre-P\u00e9ladeau, Montr\u00e9al<\/h4>\n<\/div>\n<h4><\/h4>\n<div>\n<h3>Envie d&rsquo;en savoir plus? \u00c9coutez Jean-Fran\u00e7ois Rivest nous parler de ce concert:<\/h3>\n<p>&nbsp;<\/p>\n<div class=\"jetpack-video-wrapper\"><span class=\"embed-youtube\" style=\"text-align:center; display: block;\"><iframe loading=\"lazy\" class=\"youtube-player\" width=\"640\" height=\"360\" src=\"https:\/\/www.youtube.com\/embed\/SmRSLVaS2qU?version=3&#038;rel=1&#038;showsearch=0&#038;showinfo=1&#038;iv_load_policy=1&#038;fs=1&#038;hl=fr-FR&#038;autohide=2&#038;wmode=transparent\" allowfullscreen=\"true\" style=\"border:0;\" sandbox=\"allow-scripts allow-same-origin allow-popups allow-presentation\"><\/iframe><\/span><\/div>\n<p>&nbsp;<\/p>\n<\/div>\n<div dir=\"ltr\">\n<div dir=\"ltr\">\n<h3>Programme<\/h3>\n<p><b>D. Chostakovitch\u00a0:\u00a0<\/b>Quatuor \u00e0 cordes No. 15, arr. J.F. Rivest,\u00a0<i>Andr\u00e9 Robitaille, r\u00e9citant ; textes de R\u00e9becca D\u00e9raspe<\/i><\/p>\n<p><b>S. Torres :\u00a0<\/b><i>Lucid Dream,\u00a0<\/i>pour orchestre \u00e0 cordes, congas et danseur \u00e0 claquettes ; M\u00e9lissa Lavergne, congas,\u00a0Max Pollak, percussionniste corporel et danseur \u00e0 claquettes<\/p>\n<p><b>A. Ichmouratov:\u00a0<\/b><i>Shabarsha<\/i>,tir\u00e9 des contes traditionnels russes de la collection d\u2019Alexandre Afanasiev,\u00a0Max Pollak, percussionniste corporel et danseur \u00e0 claquettes ; Andr\u00e9 Robitaille, r\u00e9citant<\/p>\n<\/div>\n<div><b><u>Billets<\/u><\/b>\u00a0:\u00a0<a href=\"https:\/\/centrepierrepeladeau.tuxedobillet.com\/main\/reves\" target=\"_blank\" rel=\"nofollow noopener\" data-saferedirecturl=\"https:\/\/www.google.com\/url?q=https:\/\/centrepierrepeladeau.tuxedobillet.com\/main\/reves&amp;source=gmail&amp;ust=1669838305246000&amp;usg=AOvVaw3T10gKJMSlYdlUYoP9ELuY\">TUXEDO (tuxedobillet.com)<\/a><\/div>\n<div><b><u>Plus de renseignements\u00a0:\u00a0<\/u><\/b><a href=\"https:\/\/imusici.com\/reves-andre-robitaille-et-max-pollak\/\" target=\"_blank\" rel=\"nofollow noopener\" data-saferedirecturl=\"https:\/\/www.google.com\/url?q=https:\/\/imusici.com\/reves-andre-robitaille-et-max-pollak\/&amp;source=gmail&amp;ust=1669838305246000&amp;usg=AOvVaw0-dibibwodDxQ-fepOZylc\">R\u00caVES : Andr\u00e9 Robitaille et Max Pollak &#8211; I Musici de Montr\u00e9al<\/a><\/div>\n<\/div>\n<div><\/div>\n<div><\/div>\n<div><\/div>\n<div><\/div>\n<div><\/div>\n<div style=\"text-align: center;\"><img decoding=\"async\" loading=\"lazy\" class=\"alignnone wp-image-74198\" src=\"https:\/\/www.ludwig-van.com\/montreal\/wp-content\/uploads\/sites\/3\/2022\/11\/Musici-nounours-redim.jpg\" alt=\"\" width=\"400\" height=\"393\" \/><\/div>\n<div><\/div>\n<div style=\"text-align: center;\"><\/div>\n<div><\/div>\n<h3>Disque de No\u00ebl<\/h3>\n<div><\/div>\n<div dir=\"ltr\">\n<div>Une autre suggestion-cadeau qui ravira jeunes et moins jeunes, <a href=\"https:\/\/music.apple.com\/ca\/album\/tchaikovsky-album-for-the-young-belanger-christmas\/265485626?l=fr\" target=\"_blank\" rel=\"noopener\">l\u2019enregistrement de No\u00ebl d\u2019I Musici.<\/a> Paru chez la r\u00e9put\u00e9e maison de disques Chandos, cet album contient le fameux\u00a0<i>No\u00ebl pour cordes<\/i>\u00a0de Marc B\u00e9langer,\u00a0<i>la Symphonie des jouets<\/i>\u00a0de L\u00e9opold Mozart, et\u00a0<i>l\u2019Album pour enfant<\/i>\u00a0de Tcha\u00efkosvky. Envie d\u2019une ambiance des F\u00eates festive et chaleureuse ? Procurez-vous ce disque de No\u00ebl I Musici, plaisir\u00a0<span style=\"font-family: Arial, sans-serif;\">garanti !<\/span><\/div>\n<\/div>\n<div><\/div>\n<div>\n<p><em>La publication de communiqu\u00e9s tels que celui-ci est r\u00e9serv\u00e9e aux membres de la Communaut\u00e9 musicale de Ludwig van Montr\u00e9al. Pour savoir comment devenir membre, \u00e9crivez-nous \u00e0 caroline@ludwig-van.com<\/em><\/p>\n<h2><em>Inscrivez-vous \u00e0 notre infolettre! La musique classique et l&rsquo;op\u00e9ra en 5 minutes, chaque jour<\/em> \u00a0<span style=\"color: #ff0000;\"><a style=\"color: #ff0000;\" href=\"https:\/\/ludwig-van.us9.list-manage.com\/subscribe?u=4f785cb3f9058f2393ccad035&amp;id=b9b160c032\" target=\"_blank\" rel=\"noopener noreferrer\">ICI<\/a><\/span><\/h2>\n<\/div>\n","protected":false},"excerpt":{"rendered":"<p>L\u2019Orchestre de chambre I Musici de Montr\u00e9al vous invite \u00e0 ses prochains concerts, le 8 d\u00e9cembre 2022 \u00e0 14 h et \u00e0 19 h 30 \u00e0 la Salle Pierre-Mercure du Centre Pierre-P\u00e9ladeau.<\/p>\n","protected":false},"author":1,"featured_media":74196,"comment_status":"open","ping_status":"open","sticky":false,"template":"","format":"standard","meta":{"om_disable_all_campaigns":false,"jetpack_post_was_ever_published":false},"categories":[42010,10956,13504],"tags":[42007,20645],"yst_prominent_words":[9863,39612,10146,10148,35065,18872,35057],"acf":[],"jetpack_featured_media_url":"https:\/\/www.ludwig-van.com\/montreal\/wp-content\/uploads\/sites\/3\/2022\/11\/I-Musici.jpg","jetpack_sharing_enabled":true,"jetpack_shortlink":"https:\/\/wp.me\/p9bdYt-jiB","amp_enabled":true,"_links":{"self":[{"href":"https:\/\/www.ludwig-van.com\/montreal\/wp-json\/wp\/v2\/posts\/74189"}],"collection":[{"href":"https:\/\/www.ludwig-van.com\/montreal\/wp-json\/wp\/v2\/posts"}],"about":[{"href":"https:\/\/www.ludwig-van.com\/montreal\/wp-json\/wp\/v2\/types\/post"}],"author":[{"embeddable":true,"href":"https:\/\/www.ludwig-van.com\/montreal\/wp-json\/wp\/v2\/users\/1"}],"replies":[{"embeddable":true,"href":"https:\/\/www.ludwig-van.com\/montreal\/wp-json\/wp\/v2\/comments?post=74189"}],"version-history":[{"count":21,"href":"https:\/\/www.ludwig-van.com\/montreal\/wp-json\/wp\/v2\/posts\/74189\/revisions"}],"predecessor-version":[{"id":74213,"href":"https:\/\/www.ludwig-van.com\/montreal\/wp-json\/wp\/v2\/posts\/74189\/revisions\/74213"}],"wp:featuredmedia":[{"embeddable":true,"href":"https:\/\/www.ludwig-van.com\/montreal\/wp-json\/wp\/v2\/media\/74196"}],"wp:attachment":[{"href":"https:\/\/www.ludwig-van.com\/montreal\/wp-json\/wp\/v2\/media?parent=74189"}],"wp:term":[{"taxonomy":"category","embeddable":true,"href":"https:\/\/www.ludwig-van.com\/montreal\/wp-json\/wp\/v2\/categories?post=74189"},{"taxonomy":"post_tag","embeddable":true,"href":"https:\/\/www.ludwig-van.com\/montreal\/wp-json\/wp\/v2\/tags?post=74189"},{"taxonomy":"yst_prominent_words","embeddable":true,"href":"https:\/\/www.ludwig-van.com\/montreal\/wp-json\/wp\/v2\/yst_prominent_words?post=74189"}],"curies":[{"name":"wp","href":"https:\/\/api.w.org\/{rel}","templated":true}]}}