{"id":74159,"date":"2022-11-25T09:09:44","date_gmt":"2022-11-25T14:09:44","guid":{"rendered":"https:\/\/www.ludwig-van.com\/montreal\/?p=74159"},"modified":"2022-12-02T14:05:57","modified_gmt":"2022-12-02T19:05:57","slug":"nouvelle-6","status":"publish","type":"post","link":"https:\/\/www.ludwig-van.com\/montreal\/2022\/11\/25\/nouvelle-6\/","title":{"rendered":"NOUVELLE | Prix Opus: le Conseil de la musique d\u00e9voile les finalistes"},"content":{"rendered":"<figure id=\"attachment_74169\" aria-describedby=\"caption-attachment-74169\" style=\"width: 1200px\" class=\"wp-caption alignnone\"><img decoding=\"async\" loading=\"lazy\" class=\"size-full wp-image-74169\" src=\"https:\/\/www.ludwig-van.com\/montreal\/wp-content\/uploads\/sites\/3\/2022\/11\/Prix-opus-cover.jpg\" alt=\"Le 26e gala des Prix Opus aura lieu le 5 f\u00e9vrier 2023 \u00e0 la Salle Bourgie (Photo: courtoisie du CQM)\" width=\"1200\" height=\"628\" \/><figcaption id=\"caption-attachment-74169\" class=\"wp-caption-text\">Le 26e gala des Prix Opus aura lieu le 5 f\u00e9vrier 2023 \u00e0 la Salle Bourgie (Photo: courtoisie du CQM)<\/figcaption><\/figure>\n<h3><span style=\"color: #808080;\">Le Conseil qu\u00e9b\u00e9cois de la musique vient de d\u00e9voiler les finalistes du 26e gala des Prix Opus, qui aura lieu le 5 f\u00e9vrier 2023 \u00e0 la Salle Bourgie.<\/span><\/h3>\n<p>Cette \u00e9dition r\u00e9compensera les r\u00e9alisations marquantes en musique de concert au Qu\u00e9bec de la saison 2021-2022. En outre, il marque le retour de 9 prix de concerts vivants ainsi que celui du Rayonnement \u00e0 l\u2019\u00e9tranger, prix suspendus lors de la derni\u00e8re \u00e9dition.<\/p>\n<p>Cette ann\u00e9e, gr\u00e2ce \u00e0 la contribution de partenaires, 8 Prix Opus se voient bonifi\u00e9s de prix en argent ou en service :<\/p>\n<p>\u2022 10 000$ pour le\u00b7la Compositeur\u00b7trice de l&rsquo;ann\u00e9e \/ Conseil des arts et des lettres du Qu\u00e9bec ;<br \/>\n\u2022 10 000$ pour le Prix Opus Montr\u00e9al &#8211; Inclusion et diversit\u00e9 \/ Conseil des arts de Montr\u00e9al;<br \/>\n\u2022 5000 $ pour l\u2019Interpr\u00e8te de l\u2019ann\u00e9e \/ Conseil des arts du Canada ;<br \/>\n\u2022 5000$ pour la Production de l&rsquo;ann\u00e9e &#8211; Jeune public \/ Minist\u00e8re de la Culture et des<br \/>\nCommunications<br \/>\n\u2022 2000$ pour le prix Rayonnement \u00e0 l\u2019\u00e9tranger \/ Cinars<br \/>\n\u2022 1000$ pour le Concert de l\u2019ann\u00e9e &#8211; Musique traditionnelle qu\u00e9b\u00e9coise \/ Conseil qu\u00e9b\u00e9cois du<br \/>\npatrimoine vivant<br \/>\n\u2022 Production vid\u00e9o pour les Prix Opus Qu\u00e9bec et Prix Opus R\u00e9gions \/ La Fabrique culturelle de<br \/>\nT\u00e9l\u00e9-Qu\u00e9bec.<\/p>\n<p>&nbsp;<\/p>\n<h2>Les finalistes<\/h2>\n<h2>CONCERTS<\/h2>\n<h3>Concert de l\u2019ann\u00e9e &#8211; Musiques m\u00e9di\u00e9vale, de la Renaissance, baroque<\/h3>\n<p>Chaconne et Chocolat : d\u00e9lectations fran\u00e7aises, Les Id\u00e9es heureuses, Doroth\u00e9a Ventura, direction<br \/>\nmusicale,\u00a08 f\u00e9vrier 2022<\/p>\n<p>Z\u00e9phyr, Les Violons du Roy, Hubert Tanguay-Labrosse, chef, FLIP Fabrique, BOP, 6 et 7 avril 2022<\/p>\n<p>Concert de la Passion &#8211; Ville Marie au 17e si\u00e8cle, Ensemble Scholastica, Rebecca Bain, direction, 15 avril 2022<\/p>\n<p>Les soupers du roy, Arion Orchestre Baroque, Mathieu Lussier, chef, 29, 30 avril et 1er mai 2022<\/p>\n<p>Matthias Maute et l\u2019Ensemble vocal Arts-Qu\u00e9bec \u00e0 l\u2019abbaye, Ensemble vocal Arts-Qu\u00e9bec, Matthias<br \/>\nMaute, chef, Orford Musique, 6 ao\u00fbt 2022<\/p>\n<p>&nbsp;<\/p>\n<h3>Concert de l\u2019ann\u00e9e &#8211; Musiques classique, romantique, postromantique, impressionniste<\/h3>\n<p>Charles Richard-Hamelin : Franck, Chausson et Ravel, Charles Richard-Hamelin, piano, Salle<br \/>\nBourgie, 2 mars 2022<\/p>\n<p>Schumann : Andrew Wan, violon et Charles Richard-Hamelin, piano, Andrew Wan, violon, Charles<br \/>\nRichard-Hamelin, piano, Salle Bourgie, 5 avril 2022<\/p>\n<p>Brahms et son requiem allemand, Orchestre M\u00e9tropolitain, Ch\u0153ur M\u00e9tropolitain, chef, Yannick N\u00e9zet-S\u00e9guin, Suzanne Taffot, soprano, Eric Owens, baryton-basse, 20 mai 2022<\/p>\n<p>La triomphale neuvi\u00e8me symphonie de Beethoven, Orchestre symphonique de Montr\u00e9al, Ch\u0153ur de<br \/>\nl\u2019OSM, Rafael Payare, chef, Karina Gauvin, soprano, Sophie Harmsen, mezzo-soprano, Fr\u00e9d\u00e9ric<br \/>\nAntoun, t\u00e9nor, Ryan Speedo Green, David Leigh, basses, Philippe Bourque, chef de ch\u0153ur, 31 mai, 1er, 2<br \/>\net 3 juin 2022<\/p>\n<p>Wagner \u00e9pique, Orchestre M\u00e9tropolitain, Yannick N\u00e9zet-S\u00e9guin, chef, Renaud Loranger, directeur<br \/>\nartistique, Christine Goerke, soprano, Brandon Jovanovich, t\u00e9nor, Franz-Josef Selig, basse, Festival<br \/>\nde Lanaudi\u00e8re, samedi 6 ao\u00fbt 2022<\/p>\n<h3>Concert de l\u2019ann\u00e9e &#8211; Musiques classique, romantique, postromantique, impressionniste<\/h3>\n<p>Charles Richard-Hamelin : Franck, Chausson et Ravel, Charles Richard-Hamelin, piano, Salle<br \/>\nBourgie, 2 mars 2022<\/p>\n<p>Schumann : Andrew Wan, violon et Charles Richard-Hamelin, piano, Andrew Wan, violon, Charles<br \/>\nRichard-Hamelin, piano, Salle Bourgie, 5 avril 2022<\/p>\n<p>Brahms et son requiem allemand, Orchestre M\u00e9tropolitain, Ch\u0153ur M\u00e9tropolitain, chef, Yannick N\u00e9zet-S\u00e9guin, Suzanne Taffot, soprano, Eric Owens, baryton-basse, 20 mai 2022<\/p>\n<p>La triomphale neuvi\u00e8me symphonie de Beethoven, Orchestre symphonique de Montr\u00e9al, Ch\u0153ur de<br \/>\nl\u2019OSM, Rafael Payare, chef, Karina Gauvin, soprano, Sophie Harmsen, mezzo-soprano, Fr\u00e9d\u00e9ric<br \/>\nAntoun, t\u00e9nor, Ryan Speedo Green, David Leigh, basses, Philippe Bourque, chef de ch\u0153ur, 31 mai, 1er, 2<br \/>\net 3 juin 2022<\/p>\n<p>Wagner \u00e9pique, Orchestre M\u00e9tropolitain, Yannick N\u00e9zet-S\u00e9guin, chef, Renaud Loranger, directeur<br \/>\nartistique, Christine Goerke, soprano, Brandon Jovanovich, t\u00e9nor, Franz-Josef Selig, basse, Festival<br \/>\nde Lanaudi\u00e8re, samedi 6 ao\u00fbt 2022<\/p>\n<h3>Concert de l\u2019ann\u00e9e &#8211; Musiques moderne, contemporaine<\/h3>\n<p>Hommage \u00e0 R. Murray Schafer, Quatuor Molinari, 15 octobre 2021<\/p>\n<p>Saisons des Am\u00e9riques, Les Violons du Roy, Nicolas Ellis, chef, Kerson Leong, violon, 11 novembre<br \/>\n2021<\/p>\n<p>Montr\u00e9al-Hanovre, Quasar quatuor de saxophones et Anna Szulc, 15 avril 2022<\/p>\n<p>Musiciens de l\u2019OSM: Le quatuor pour la fin du temps, louange et ab\u00eeme, Andrew Wan, violon, Todd<br \/>\nCope, clarinette, Brian Manker, violoncelle, Philip Chiu, piano, Jennifer Swartz, harpe, Salle Bourgie,<br \/>\n27 avril 2022<\/p>\n<p>Transfiguration, St\u00e9phane T\u00e9treault, violoncelle, Val\u00e9rie Milot, harpe, Salle Bourgie, 25 mai 2022<\/p>\n<h3>Concert de l\u2019ann\u00e9e \u2013 Musiques actuelle, \u00e9lectroacoustique<\/h3>\n<p>Si le temps [&#8230;], l\u2019espace\u2026, Ensemble Paramirabo, Jeffrey Stonehouse, direction artistique, Fr\u00e9d\u00e9ric<br \/>\nLeBel, id\u00e9ation, Le Vivier et le CIRMMT, coproduction, dans le cadre du Live@CIRMMT\/Saison Le<br \/>\nVivier 2021-22, 16 septembre 2021<\/p>\n<p>Ida Toninato: L\u2019Atlas des films de Giotto \u2014Musiques r\u00e9elles pour films imaginaires, Ensemble<br \/>\nSuperMusique, Ida Toninato, direction, 3 octobre 2021<\/p>\n<p>Les espaces physiques, Sixtrum Percussion, Le Vivier et l&rsquo;EUNIC, coproducteurs, CIRMMT,<br \/>\ncollaborateur, 7 octobre 2021<\/p>\n<p>Aujourd\u2019hui \u2013 CALLING YOU, Marie-Annick B\u00e9liveau, mezzo-soprano et direction artistique,<br \/>\nAnne-Marie St-Louis, mise en sc\u00e8ne, Jean-Fran\u00e7ois Blouin, musique et conception sonore, Chants<br \/>\nLibres, 18 mars 2022<\/p>\n<p>Polytope XXI, hommage \u00e0 Iannis Xenakis, Sixtrum Percussion, 25 mai 2022<\/p>\n<h3>Concert de l\u2019ann\u00e9e \u2013 Musique traditionnelle qu\u00e9b\u00e9coise<\/h3>\n<p>Ce prix est remis conjointement avec le Conseil qu\u00e9b\u00e9cois du patrimoine vivant et est accompagn\u00e9 d\u2019un montant de 1000$<\/p>\n<p>Rep\u00e8res, Bon D\u00e9barras, 15 octobre 2021<\/p>\n<p>Confin\u00e9 aux voyages, Nicolas Boulerice, La Compagnie du Nord, 3 d\u00e9cembre 2021<\/p>\n<p>Baratin d&rsquo;marins, La Nef, Se\u00e1n Dagher, direction, voix, cistre, Pierre-Alexandre Saint-Yves, voix,<br \/>\nfl\u00fbtes, chalumeau, rauschpfeife, cornemuse, Alexander Kehler, violon, nyckelharpa, Kate Bevan Baker, violon, Amanda Keesmaat, violoncelle, \u00c9ric Breton, percussions, Jean-Fran\u00e7ois Daignault,<br \/>\nGuillaume St-Cyr et Clayton Kennedy, choristes, 10 mars 2022<\/p>\n<h3>Concert de l\u2019ann\u00e9e &#8211; Jazz<\/h3>\n<p>Laura Anglade et Sam Kirmayer : Venez donc chez moi!, Laura Anglade, voix et Sam Kirmayer,<br \/>\nguitare, Salle Bourgie, 11 novembre 2021<\/p>\n<p>L&rsquo;\u00e9chelle du temps, Yves L\u00e9veill\u00e9, piano et composition, Lizann Gervais, 1er violon, Olivier Thouin, 2e<br \/>\nviolon, Amina Myriam T\u00e9bini, alto, \u00c9milie Girard-Charest, violoncelle, \u00c9tienne Lafrance,<br \/>\ncontrebasse, jeudi 28 avril 2022<\/p>\n<p>Marianne Trudel &#8211; Time Poem : La joie de l&rsquo;\u00e9ph\u00e9m\u00e8re, Marianne Trudel, piano et compositions, John<br \/>\nHollenbeck, batterie, R\u00e9mi-Jean Leblanc, contrebasse et basse \u00e9lectrique, 26 juin 2022<\/p>\n<p>Lorraine Desmarais c\u00e9l\u00e8bre 40 ans de carri\u00e8re au FIJM, Lorraine Desmarais, piano, et invit\u00e9s, Festival<br \/>\ninternational de jazz de Montr\u00e9al, 8 juillet 2022<\/p>\n<p>Trio Lorraine Desmarais Joue Bill Evans, Lorraine Desmarais, piano, Alec Walkington, contrebasse,<br \/>\nCamil B\u00e9lisle, batterie, 13 juillet 2022<\/p>\n<h3>Concert de l\u2019ann\u00e9e &#8211; R\u00e9pertoires multiples<\/h3>\n<p>H\u00e9l\u00e8ne Grimaud et Yannick N\u00e9zet-S\u00e9guin, Orchestre M\u00e9tropolitain, Yannick N\u00e9zet-S\u00e9guin, chef,<br \/>\nH\u00e9l\u00e8ne Grimaud, piano, 30 septembre 2021<\/p>\n<p>Suzie LeBlanc &#8211; De la cour de Louis XIV \u00e0 Shippagan!, Suzie LeBlanc, soprano, Vincent Lauzer, fl\u00fbtes,<br \/>\nMarie Nadeau-Tremblay, violon baroque, Sylvain Bergeron, th\u00e9orbe et guitare baroque, Salle Bourgie,<br \/>\n13 mars 2022<\/p>\n<p>Concertos pour piano et po\u00e8mes symphoniques, Orchestre symphonique de Montr\u00e9al, Rafael Payare,<br \/>\nchef, Daniil Trifonov, piano, 20 et 21 avril 2022<\/p>\n<p>Vigiles, Voces Boreales, Andrew Gray, chef, 30 avril 2022<\/p>\n<p>Nuit Blanche, Duo Fortin-Poirier, Concerts aux \u00celes du Bic, 10 ao\u00fbt 2022<\/p>\n<h3>Cr\u00e9ation de l\u2019ann\u00e9e<\/h3>\n<p>Les d\u00e9cercl\u00e9s, Ida Toninato, musique, Robin Pineda Gould, vid\u00e9o, Ida Toninato : L\u2019Atlas des films de<br \/>\nGiotto \u2014Musiques r\u00e9elles pour films imaginaires, Productions SuperMusique, 3 octobre 2021<\/p>\n<p>Le Ravissement, Robert Normandeau, Akousma 17 &#8211; Pionni\u00e8res et fondateurs, AKOUSMA, 15 octobre<br \/>\n2021<\/p>\n<p>Musique originale de Gabriel Thibaudeau &#8211; Cr\u00e9ation mondiale, Gabriel Thibaudeau, Notre-Dame de<br \/>\nParis : le film, Orchestre symphonique de Montr\u00e9al, 5 avril 2022<\/p>\n<p>L&rsquo;\u00e9chelle du temps, Yves L\u00e9veill\u00e9, L&rsquo;\u00e9chelle du temps, Productions Yves L\u00e9veill\u00e9, 28 avril 2022<\/p>\n<p>Oraison, Luis Ernesto Pe\u00f1a Laguna, Brahms et son requiem allemand, Orchestre M\u00e9tropolitain, 20<br \/>\nmai 2022<\/p>\n<h3>Production de l\u2019ann\u00e9e &#8211; Jeune Public<\/h3>\n<p>Ce prix est accompagn\u00e9 d\u2019un montant de 5000$ offert par le minist\u00e8re de la Culture et des Communications<\/p>\n<p>Beethoven \u00e0 Qu\u00e9bec, Les P&rsquo;tits m\u00e9lomanes du dimanche, Maurice Laforest, direction artistique, 20 et<br \/>\n21 novembre 2021<\/p>\n<p>La r\u00e9volte des anciens!, Arion Orchestre Baroque, Mathieu Lussier, direction artistique, 4 d\u00e9cembre<br \/>\n2021<\/p>\n<p>La Balle \u00e0 La\u00efka, Les P&rsquo;tits m\u00e9lomanes du dimanche, Maurice Laforest, direction artistique, 27 mars<br \/>\n2022<\/p>\n<p>Buzz Symphonique \u2014L\u2019histoire de la musique, Buzz Cuivres, Orchestre symphonique de Sherbrooke,<br \/>\nM\u00e9lanie L\u00e9onard, cheffe invit\u00e9e, 11, 12, 13 avril 2022<\/p>\n<p>Koperkus, Louis-Philippe Bonin, saxophone, David Therrien Brongo, percussion, Marie-Annick<br \/>\nB\u00e9liveau, mezzo-soprano, Maude Gareau, mise en sc\u00e8ne, 6, 7, 13 et 14 mai 2022<\/p>\n<p>&nbsp;<\/p>\n<h2>ALBUMS<\/h2>\n<h3>Album de l\u2019ann\u00e9e &#8211; Musiques m\u00e9di\u00e9vale, de la Renaissance, baroque<\/h3>\n<p>Bach au pardessus de viole, M\u00e9lisande Corriveau, Eric Milnes, ATMA Classique<\/p>\n<p>George Frideric Handel MESSIAH, Ensemble Caprice, Ensemble vocal Arts-Qu\u00e9bec, Matthias<br \/>\nMaute, Karina Gauvin, Jaap Nico Hamburger, Leaf Music<\/p>\n<p>Pr\u00e9ludes et solitudes, Marie Nadeau-Tremblay, ATMA Classique<\/p>\n<h3>Album de l\u2019ann\u00e9e &#8211; Musiques classique, romantique, postromantique, impressionniste<\/h3>\n<p>Amour et fantaisie : M\u00e9lodies de Lionel Daunais, Dominique C\u00f4t\u00e9, Esther Gonthier, ATMA Classique<\/p>\n<p>Beethoven : Sonates pour violon et piano n\u00ba 4, 9 &amp; 10, Charles Richard-Hamelin, Andrew Wan,<br \/>\nAnalekta<\/p>\n<p>Gabriel Piern\u00e9, Feuillet d\u2019album, Antoine Laporte, ind\u00e9pendant<\/p>\n<p>Paris 1847 : La musique d&rsquo;Eug\u00e8ne Jancourt, Mathieu Lussier, Camille Roy-Paquette, Sylvain<br \/>\nBergeron, Val\u00e9rie Milot, ATMA Classique<\/p>\n<p>Souvenirs d&rsquo;Auguste Descarries, Isabelle David, Leaf Music<\/p>\n<h3>Album de l\u2019ann\u00e9e &#8211; Musiques moderne, contemporaine<\/h3>\n<p>Escale \u00e0 Cura\u00e7ao &#8211; Wim Statius Muller : danses antillaises, Louise Bessette, Analekta<\/p>\n<p>Michael Oesterle : Quatuors, Quatuor Bozzini, Collection QB &#8211; DAME<\/p>\n<p>Quartetski Cage, Quartetski, DAME\/Ambiances Magn\u00e9tiques<\/p>\n<p>Transfiguration, St\u00e9phane T\u00e9treault, Val\u00e9rie Milot, ATMA Classique<\/p>\n<p>Viola Borealis, Marina Thibeault, Orchestre de l\u2019Agora, Nicolas Ellis, ATMA Classique<\/p>\n<p>Album de l\u2019ann\u00e9e &#8211; Musiques actuelle, \u00e9lectroacoustique<\/p>\n<p>Disque Bleu, Quasar quatuor de saxophones, ind\u00e9pendant<\/p>\n<p>\u00c9milie Girard-Charest : Intimit\u00e9s, Lyne Allard, Genevi\u00e8ve Liboiron, Jean Ren\u00e9, \u00c9milie Girard-Charest, Daniel \u00c1\u00f1ez, Noam Bierstone, Andrea Stewart, Emma Schmiedecke, Audr\u00e9anne Filion, Veronika R\u00f6nk\u00f6s, St\u00e9phane Diamantakiou, Pierre-Alexandre Maranda, Nicolas Caloia, \u00c9tienne<br \/>\nLafrance, Isak Goldschneider, DAME\/Ambiances Magn\u00e9tiques<\/p>\n<p>Into the Forest, Louis Dufort, empreintes DIGITALe<\/p>\n<h3>Album de l\u2019ann\u00e9e &#8211; Jazz<\/h3>\n<p>Augmented Reality, Benjamin Deschamps, Multiple Chord Music<\/p>\n<p>Charbonneau ou les valeurs \u00e0&rsquo; bonne place, volume 2, Hugo Blouin, Multiple Chord Music<\/p>\n<p>Equal = Orchestra, Orchestre national de jazz de Montr\u00e9al, ind\u00e9pendant<\/p>\n<p>L&rsquo;\u00e9chelle du Temps, Yves L\u00e9veill\u00e9 avec Lizann Gervais,Olivier Thouin, Fran\u00e7ois Valli\u00e8res, \u00c9milie<br \/>\nGirard-Charest, \u00c9tienne Lafrance, Effendi,<\/p>\n<p>Qui Qu&rsquo;en Grogne, Yannick Rieu, Productions Yari<\/p>\n<p>&nbsp;<\/p>\n<h3>Album de l\u2019ann\u00e9e &#8211; Musiques du monde et musique traditionnelle qu\u00e9b\u00e9coise<\/h3>\n<p>20 Printemps, Le Vent du Nord, La Compagnie du Nord<\/p>\n<p>Ellipse, Les Grands Hurleurs, La Compagnie du Nord<\/p>\n<p>Transcestral, Oktoecho, Cross Current Music<\/p>\n<p>&nbsp;<\/p>\n<h3>\u00c9CRITS<\/h3>\n<h3>Article de l\u2019ann\u00e9e<\/h3>\n<p>\u201c800 m\u00e8tres d\u2019Andr\u00e9 Obey. Drame sportif, grec et musical\u201d, Federico Lazzaro, Les Cahiers de la<br \/>\nSoci\u00e9t\u00e9 qu\u00e9b\u00e9coise de recherche en musique 20\/1, 2019<\/p>\n<p>\u201cDe l&rsquo;Expression d&rsquo;un d\u00e9sir gay et du queer dans l&rsquo;op\u00e9ra contemporain : le cas d&rsquo;Elia (2004) de Silvio<br \/>\nPalmieri\u201c, \u00c9ric Champagne, Circuit Musique contemporaines, 2021<\/p>\n<p>\u201cIndonesian Cultural Diplomacy and \u201cThe First International Gamelan Festival and Symposium\u201d at<br \/>\nExpo 86\u201d, Jonathan Goldman et Jeremy Strachan, American Music, vol. 38, no 4, 2020, p. 428-453<\/p>\n<p>\u201cListening to Terror Soundscapes : Sounds, Echoes, and Silences in Listening Experiences of Survivors<br \/>\nof the Bataclan Terrorist Attack in Paris\u201d, Luis Velasco-Pufleau, Conflict and Society, vol. 7, n. 1,<br \/>\n2021, p. 60-77<\/p>\n<p>\u201cVerdi at the Heart of the Dictatorship : A celebrazione verdiana among Fascists\u201d, Gabrielle<br \/>\nPrud\u2019homme, dans Marko K\u00f6bl et Fritz Tr\u00fcmpi (\u00e9d.), Music and Democracy : Participatory<br \/>\nApproaches, Bielefeld, mdwPress\/Transcript, 2021, p. 107-13<\/p>\n<h3>Toutes nos f\u00e9licitations aux personnes et organismes en nomination!<\/h3>\n<h2><em>Inscrivez-vous \u00e0 notre infolettre! La musique classique et l&rsquo;op\u00e9ra en 5 minutes, chaque jour<\/em> \u00a0<span style=\"color: #ff0000;\"><a style=\"color: #ff0000;\" href=\"https:\/\/ludwig-van.us9.list-manage.com\/subscribe?u=4f785cb3f9058f2393ccad035&amp;id=b9b160c032\" target=\"_blank\" rel=\"noopener noreferrer\">ICI\u00a0<\/a><\/span><\/h2>\n","protected":false},"excerpt":{"rendered":"<p>Le Conseil qu\u00e9b\u00e9cois de la musique vient de d\u00e9voiler les finalistes du 26e gala des Prix Opus, qui aura lieu le 5 f\u00e9vrier 2023 \u00e0 la Salle Bourgie.<\/p>\n","protected":false},"author":51,"featured_media":74169,"comment_status":"open","ping_status":"open","sticky":false,"template":"","format":"standard","meta":{"om_disable_all_campaigns":false,"jetpack_post_was_ever_published":false},"categories":[42010,10956,10992],"tags":[],"yst_prominent_words":[28018,10050,11056,18319,28019,29409,29410,36651,29411,36652,36650,6668],"acf":[],"jetpack_featured_media_url":"https:\/\/www.ludwig-van.com\/montreal\/wp-content\/uploads\/sites\/3\/2022\/11\/Prix-opus-cover.jpg","jetpack_sharing_enabled":true,"jetpack_shortlink":"https:\/\/wp.me\/p9bdYt-ji7","amp_enabled":true,"_links":{"self":[{"href":"https:\/\/www.ludwig-van.com\/montreal\/wp-json\/wp\/v2\/posts\/74159"}],"collection":[{"href":"https:\/\/www.ludwig-van.com\/montreal\/wp-json\/wp\/v2\/posts"}],"about":[{"href":"https:\/\/www.ludwig-van.com\/montreal\/wp-json\/wp\/v2\/types\/post"}],"author":[{"embeddable":true,"href":"https:\/\/www.ludwig-van.com\/montreal\/wp-json\/wp\/v2\/users\/51"}],"replies":[{"embeddable":true,"href":"https:\/\/www.ludwig-van.com\/montreal\/wp-json\/wp\/v2\/comments?post=74159"}],"version-history":[{"count":23,"href":"https:\/\/www.ludwig-van.com\/montreal\/wp-json\/wp\/v2\/posts\/74159\/revisions"}],"predecessor-version":[{"id":74242,"href":"https:\/\/www.ludwig-van.com\/montreal\/wp-json\/wp\/v2\/posts\/74159\/revisions\/74242"}],"wp:featuredmedia":[{"embeddable":true,"href":"https:\/\/www.ludwig-van.com\/montreal\/wp-json\/wp\/v2\/media\/74169"}],"wp:attachment":[{"href":"https:\/\/www.ludwig-van.com\/montreal\/wp-json\/wp\/v2\/media?parent=74159"}],"wp:term":[{"taxonomy":"category","embeddable":true,"href":"https:\/\/www.ludwig-van.com\/montreal\/wp-json\/wp\/v2\/categories?post=74159"},{"taxonomy":"post_tag","embeddable":true,"href":"https:\/\/www.ludwig-van.com\/montreal\/wp-json\/wp\/v2\/tags?post=74159"},{"taxonomy":"yst_prominent_words","embeddable":true,"href":"https:\/\/www.ludwig-van.com\/montreal\/wp-json\/wp\/v2\/yst_prominent_words?post=74159"}],"curies":[{"name":"wp","href":"https:\/\/api.w.org\/{rel}","templated":true}]}}