{"id":73944,"date":"2022-11-14T08:08:26","date_gmt":"2022-11-14T13:08:26","guid":{"rendered":"https:\/\/www.ludwig-van.com\/montreal\/?p=73944"},"modified":"2022-11-14T11:02:02","modified_gmt":"2022-11-14T16:02:02","slug":"in-memoriam-gilbert-patenaude-ancien-directeur-musical-des-petits-chanteurs-du-mont-royal-est-decede","status":"publish","type":"post","link":"https:\/\/www.ludwig-van.com\/montreal\/2022\/11\/14\/in-memoriam-gilbert-patenaude-ancien-directeur-musical-des-petits-chanteurs-du-mont-royal-est-decede\/","title":{"rendered":"IN MEMORIAM | Gilbert Patenaude, ancien directeur musical des Petits chanteurs du Mont-Royal, est d\u00e9c\u00e9d\u00e9"},"content":{"rendered":"<figure id=\"attachment_73948\" aria-describedby=\"caption-attachment-73948\" style=\"width: 1200px\" class=\"wp-caption alignnone\"><img decoding=\"async\" loading=\"lazy\" class=\"size-full wp-image-73948\" src=\"https:\/\/www.ludwig-van.com\/montreal\/wp-content\/uploads\/sites\/3\/2022\/11\/In-Memoriam-Gilbert-Patenaude.jpg\" alt=\"Gilbert Patenaude (1947-2022)\" width=\"1200\" height=\"628\" \/><figcaption id=\"caption-attachment-73948\" class=\"wp-caption-text\">Gilbert Patenaude (1947-2022)<\/figcaption><\/figure>\n<h3><span style=\"color: #808080;\">C&rsquo;est avec regret que nous venons d&rsquo;apprendre le d\u00e9c\u00e8s de Gilbert Patenaude, ancien directeur musical des Petits chanteurs du Mont-Royal pendant 38 et compositeur. Son d\u00e9c\u00e8s est survenu hier, le 13 novembre. Il avait 75 ans.\u00a0<\/span><\/h3>\n<p>La nouvelle, accompagn\u00e9e d&rsquo;une courte biographie, a \u00e9t\u00e9 annonc\u00e9e sur Facebook par la page \u00ab\u00a0Famille Patenaude\u00a0\u00bb autour de minuit, peu avant minuit, dimanche soir, dans ces mots:<\/p>\n<div class=\"xdj266r x11i5rnm xat24cr x1mh8g0r x1vvkbs x126k92a\">\n<div dir=\"auto\"><em>\u00ab\u00a0L\u2019\u00e9pouse et les enfants de Gilbert Patenaude ont le regret d\u2019annoncer son d\u00e9c\u00e8s, survenu le 13 novembre 2022. N\u00e9 \u00e0 Montr\u00e9al, il fut directeur musical des Petits Chanteurs du Mont-Royal pendant 38 ans. Il a aussi \u00e9t\u00e9 p\u00e9dagogue au sein d\u2019autres institutions d\u2019enseignement comme le C\u00e9gep de Saint-Laurent et l\u2019\u00e9cole Vincent-d\u2019Indy. Il a dirig\u00e9 le Ch\u0153ur Vaudreuil-Soulanges, le Th\u00e9\u00e2tre d\u2019art lyrique de Laval et il fut le chef fondateur de plusieurs ensembles dont l\u2019Orchestre symphonique de Laval, les <\/em><\/div>\n<div dir=\"auto\"><em>Chantres musiciens, les Voix d\u2019Elles, les Filles de l\u2019\u00cele et le Ch\u0153ur Enharmonique.<\/em><\/div>\n<\/div>\n<div class=\"x11i5rnm xat24cr x1mh8g0r x1vvkbs xtlvy1s x126k92a\">\n<div dir=\"auto\"><\/div>\n<div dir=\"auto\"><em>Il laisse un important corpus d\u2019\u0153uvres comprenant des op\u00e9ras, de la musique orchestrale, de la musique de chambre, plusieurs \u0153uvres vocales et des milliers d\u2019harmonisations, arrangements et orchestrations. Il a re\u00e7u le Prix hommage 2018 du Conseil qu\u00e9b\u00e9cois de la musique et une M\u00e9daille de l\u2019Assembl\u00e9e nationale en 2022.\u00a0\u00bb<\/em><\/div>\n<\/div>\n<div dir=\"auto\"><\/div>\n<div dir=\"auto\">Ses fils,<strong> Laurent Patenaude<\/strong>, codirecteur g\u00e9n\u00e9ral et directeur artistique des Violons du Roy, et <strong>Julien Patenaude,<\/strong> chanteur au sein du quatuor vocal Quartom, ainsi que ses filles <strong>Mariane Patenaude<\/strong>, professeure et pianiste accompagnatrice au Conservatoire de musique de Montr\u00e9al, ainsi que directrice du ch\u0153ur Les Voix d&rsquo;Elles, et <strong>Rachel Patenaude<\/strong>, \u00e9galement p\u00e9dagogue, ont eu ces mots :<\/div>\n<div dir=\"auto\"><\/div>\n<div dir=\"auto\"><\/div>\n<div dir=\"auto\" style=\"text-align: center;\"><img decoding=\"async\" loading=\"lazy\" class=\"alignnone size-full wp-image-73945\" src=\"https:\/\/www.ludwig-van.com\/montreal\/wp-content\/uploads\/sites\/3\/2022\/11\/Laurent-temoignage.jpg\" alt=\"\" width=\"748\" height=\"307\" \/><\/div>\n<div dir=\"auto\"><\/div>\n<p style=\"text-align: center;\"><img decoding=\"async\" loading=\"lazy\" class=\"alignnone size-full wp-image-73947\" src=\"https:\/\/www.ludwig-van.com\/montreal\/wp-content\/uploads\/sites\/3\/2022\/11\/Julien-temoignage.jpg\" alt=\"\" width=\"748\" height=\"166\" \/><\/p>\n<p>&nbsp;<\/p>\n<p>&nbsp;<\/p>\n<p>&nbsp;<\/p>\n<p style=\"text-align: center;\"><img decoding=\"async\" loading=\"lazy\" class=\"alignnone size-full wp-image-73946\" src=\"https:\/\/www.ludwig-van.com\/montreal\/wp-content\/uploads\/sites\/3\/2022\/11\/Marianne.jpg\" alt=\"\" width=\"744\" height=\"316\" \/><\/p>\n<p>&nbsp;<\/p>\n<p style=\"text-align: center;\"><img decoding=\"async\" loading=\"lazy\" class=\"alignnone size-full wp-image-73953\" src=\"https:\/\/www.ludwig-van.com\/montreal\/wp-content\/uploads\/sites\/3\/2022\/11\/Rachel-temoignage.jpg\" alt=\"\" width=\"763\" height=\"222\" \/><\/p>\n<p>Toutes nos condol\u00e9ances \u00e0 la famille Patenaude ainsi qu&rsquo;\u00e0 tous ceux qui ont c\u00f4toy\u00e9 cette homme d&rsquo;exception.<\/p>\n","protected":false},"excerpt":{"rendered":"<p>C&rsquo;est avec tristesse que nous venons d&rsquo;apprendre le d\u00e9c\u00e8s de Gilbert Patenaude, ancien directeur musical des Petits chanteurs du Mont-Royal pendant 38 et compositeur. Son d\u00e9c\u00e8s est survenu hier, le 13 novembre. Il avait 75 ans.\u00a0<\/p>\n","protected":false},"author":51,"featured_media":73948,"comment_status":"open","ping_status":"open","sticky":false,"template":"","format":"standard","meta":{"om_disable_all_campaigns":false,"jetpack_post_was_ever_published":false},"categories":[42010,10956,10992],"tags":[42007,42063,32305],"yst_prominent_words":[12481,14057,15022,10482,9934,18955,9856,9847,18302,28311,9811,28312,10486,10481,29811],"acf":[],"jetpack_featured_media_url":"https:\/\/www.ludwig-van.com\/montreal\/wp-content\/uploads\/sites\/3\/2022\/11\/In-Memoriam-Gilbert-Patenaude.jpg","jetpack_sharing_enabled":true,"jetpack_shortlink":"https:\/\/wp.me\/p9bdYt-jeE","amp_enabled":true,"_links":{"self":[{"href":"https:\/\/www.ludwig-van.com\/montreal\/wp-json\/wp\/v2\/posts\/73944"}],"collection":[{"href":"https:\/\/www.ludwig-van.com\/montreal\/wp-json\/wp\/v2\/posts"}],"about":[{"href":"https:\/\/www.ludwig-van.com\/montreal\/wp-json\/wp\/v2\/types\/post"}],"author":[{"embeddable":true,"href":"https:\/\/www.ludwig-van.com\/montreal\/wp-json\/wp\/v2\/users\/51"}],"replies":[{"embeddable":true,"href":"https:\/\/www.ludwig-van.com\/montreal\/wp-json\/wp\/v2\/comments?post=73944"}],"version-history":[{"count":4,"href":"https:\/\/www.ludwig-van.com\/montreal\/wp-json\/wp\/v2\/posts\/73944\/revisions"}],"predecessor-version":[{"id":73954,"href":"https:\/\/www.ludwig-van.com\/montreal\/wp-json\/wp\/v2\/posts\/73944\/revisions\/73954"}],"wp:featuredmedia":[{"embeddable":true,"href":"https:\/\/www.ludwig-van.com\/montreal\/wp-json\/wp\/v2\/media\/73948"}],"wp:attachment":[{"href":"https:\/\/www.ludwig-van.com\/montreal\/wp-json\/wp\/v2\/media?parent=73944"}],"wp:term":[{"taxonomy":"category","embeddable":true,"href":"https:\/\/www.ludwig-van.com\/montreal\/wp-json\/wp\/v2\/categories?post=73944"},{"taxonomy":"post_tag","embeddable":true,"href":"https:\/\/www.ludwig-van.com\/montreal\/wp-json\/wp\/v2\/tags?post=73944"},{"taxonomy":"yst_prominent_words","embeddable":true,"href":"https:\/\/www.ludwig-van.com\/montreal\/wp-json\/wp\/v2\/yst_prominent_words?post=73944"}],"curies":[{"name":"wp","href":"https:\/\/api.w.org\/{rel}","templated":true}]}}