{"id":73871,"date":"2022-11-15T10:18:56","date_gmt":"2022-11-15T15:18:56","guid":{"rendered":"https:\/\/www.ludwig-van.com\/montreal\/?p=73871"},"modified":"2022-11-15T12:12:56","modified_gmt":"2022-11-15T17:12:56","slug":"actualites-nouvelles-musique-classique-connaitre","status":"publish","type":"post","link":"https:\/\/www.ludwig-van.com\/montreal\/2022\/11\/15\/actualites-nouvelles-musique-classique-connaitre\/","title":{"rendered":"ACTUALIT\u00c9S | Cinq nouvelles en musique classique que vous devriez conna\u00eetre cette semaine"},"content":{"rendered":"<h3><span style=\"color: #808080;\">Actualit\u00e9s en musique classique<\/span><\/h3>\n<h3 style=\"text-align: center;\"><img decoding=\"async\" loading=\"lazy\" class=\"alignnone size-full wp-image-73989\" src=\"https:\/\/www.ludwig-van.com\/montreal\/wp-content\/uploads\/sites\/3\/2022\/11\/Copie-de-CONCERTS-44.jpg\" alt=\"\" width=\"1200\" height=\"628\" \/><\/h3>\n<h3><span style=\"color: #808080;\">Un petit tour de l&rsquo;actualit\u00e9 en musique classique cette semaine. Pour ne rien rater de l&rsquo;actualit\u00e9, abonnez-vous \u00e0 notre infolettre gratuite <a href=\"https:\/\/ludwig-van.us9.list-manage.com\/subscribe?u=4f785cb3f9058f2393ccad035&amp;id=b9b160c032\" target=\"_blank\" rel=\"noopener\">ici.<\/a><\/span><\/h3>\n<h3><\/h3>\n<figure id=\"attachment_73985\" aria-describedby=\"caption-attachment-73985\" style=\"width: 2048px\" class=\"wp-caption alignnone\"><img decoding=\"async\" loading=\"lazy\" class=\"size-full wp-image-73985\" src=\"https:\/\/www.ludwig-van.com\/montreal\/wp-content\/uploads\/sites\/3\/2022\/11\/Isolde-Lagace-Bourgie.jpg\" alt=\"Isolde Lagac\u00e9 et l'\u00e9quipe de la Salle Bourgie \u00e0 l'occasion d'une petite f\u00eate soulignant son d\u00e9part officiel \u00e0 la retraite. (Photo: page Facebook de la Salle Bourgie)\" width=\"2048\" height=\"1639\" \/><figcaption id=\"caption-attachment-73985\" class=\"wp-caption-text\">Isolde Lagac\u00e9 et l&rsquo;\u00e9quipe de la Salle Bourgie \u00e0 l&rsquo;occasion d&rsquo;une petite f\u00eate soulignant son d\u00e9part officiel \u00e0 la retraite. (Photo: page Facebook de la Salle Bourgie)<\/figcaption><\/figure>\n<h3>Dernier jour au travail pour Isolde Lagac\u00e9<\/h3>\n<p>C&rsquo;\u00e9tait hier le dernier jour de travail officiel hier, 14 novembre, pour la directrice artistique et g\u00e9n\u00e9rale sortante de la Salle Bourgie,<strong> Isolde Lagac\u00e9<\/strong>. C&rsquo;\u00e9tait \u00e9galement son anniversaire. L&rsquo;\u00e9quipe de la Salle Bourgie a soulign\u00e9 cette double occasion en lui offrant une petite f\u00eate et de jolies fleurs. Toutefois, m\u00eame s&rsquo;il s&rsquo;agit d&rsquo;un dernier jour au bureau, <strong>Isolde Lagac\u00e9<\/strong> assistera r\u00e9guli\u00e8rement aux concerts de cette derni\u00e8re saison qu&rsquo;elle a programm\u00e9e, comme elle nous l&rsquo;expliquait <a href=\"https:\/\/www.ludwig-van.com\/montreal\/2022\/09\/14\/entrevue-isolde-lagace-les-belles-histoires-dune-vie-en-musique\/\" target=\"_blank\" rel=\"noopener\">en entrevue cet automne<\/a>. De plus, <a href=\"https:\/\/www.mbam.qc.ca\/fr\/activites\/une-page-se-tourne-au-revoir-et-merci-isolde-lagace-1\/\" target=\"_blank\" rel=\"noopener\">un concert sp\u00e9cial organis\u00e9 par ses proches sera pr\u00e9sent\u00e9 le samedi 21 janvier, \u00e0 16 h.<\/a> Le programme de ce concert n&rsquo;est pas encore d\u00e9voil\u00e9.<\/p>\n<p>On lui souhaite une bonne et belle retraite (et bonne f\u00eate en retard!)<\/p>\n<p>&nbsp;<\/p>\n<figure id=\"attachment_73977\" aria-describedby=\"caption-attachment-73977\" style=\"width: 1234px\" class=\"wp-caption alignnone\"><img decoding=\"async\" loading=\"lazy\" class=\"size-full wp-image-73977\" src=\"https:\/\/www.ludwig-van.com\/montreal\/wp-content\/uploads\/sites\/3\/2022\/11\/Frederic-Antoun.jpg\" alt=\"Fr\u00e9d\u00e9ric Antoun, t\u00e9nor (Photo: page Facebook de l'artiste)\" width=\"1234\" height=\"2048\" \/><figcaption id=\"caption-attachment-73977\" class=\"wp-caption-text\">Fr\u00e9d\u00e9ric Antoun, t\u00e9nor (Photo: page Facebook de l&rsquo;artiste)<\/figcaption><\/figure>\n<h3>Chanteurs du Qu\u00e9bec en Europe<\/h3>\n<p>Nos artistes lyriques qu\u00e9b\u00e9cois continuent de s&rsquo;illustrer en Europe. Du 5 au 18 novembre, le t\u00e9nor <strong>Fr\u00e9d\u00e9ric Antoun<\/strong> incarne Caliban dans <em>The Tempest<\/em>, de Thomas Ad\u00e8s, \u00e0 la Scala de Milan, dans la mise en sc\u00e8ne de Robert Lepage qui a d\u00e9j\u00e0 \u00e9t\u00e9 pr\u00e9sent\u00e9e au Met ainsi qu&rsquo;au Festival d&rsquo;op\u00e9ra de Qu\u00e9bec. <a href=\"https:\/\/www.teatroallascala.org\/en\/season\/2021-2022\/opera\/the-tempest.html\" target=\"_blank\" rel=\"noopener\">D\u00c9TAILS<\/a><\/p>\n<p>&nbsp;<\/p>\n<figure id=\"attachment_73979\" aria-describedby=\"caption-attachment-73979\" style=\"width: 1440px\" class=\"wp-caption alignnone\"><img decoding=\"async\" loading=\"lazy\" class=\"size-full wp-image-73979\" src=\"https:\/\/www.ludwig-van.com\/montreal\/wp-content\/uploads\/sites\/3\/2022\/11\/Dion-Mazerolle.jpg\" alt=\"Dion Mazerolle, baryton. (Photo: page Facebook de l'artiste)\" width=\"1440\" height=\"1800\" \/><figcaption id=\"caption-attachment-73979\" class=\"wp-caption-text\">Dion Mazerolle, baryton. (Photo: page Facebook de l&rsquo;artiste)<\/figcaption><\/figure>\n<p>D&rsquo;autre part, le baryton <strong>Dion Mazerolle<\/strong> et la basse <strong>Tomislav Lavoie<\/strong> incarnent respectivement le Roi de tr\u00e8fle (photo ci-dessus) et Tch\u00e9lio, le H\u00e9rault, dans <em>L&rsquo;Amour des trois oranges<\/em> de Prokofiev \u00e0 l&rsquo;Op\u00e9ra national de Lorraine, du 16 au 22 novembre. <a href=\"https:\/\/www.opera-national-lorraine.fr\/fr\/activity\/516-l-amour-des-trois-oranges-prokofiev\" target=\"_blank\" rel=\"noopener\">D\u00c9TAILS<\/a><\/p>\n<p>Bravo \u00e0 tous!<\/p>\n<p>&nbsp;<\/p>\n<figure id=\"attachment_59839\" aria-describedby=\"caption-attachment-59839\" style=\"width: 1024px\" class=\"wp-caption alignnone\"><img decoding=\"async\" loading=\"lazy\" class=\"wp-image-59839 size-full\" src=\"https:\/\/www.ludwig-van.com\/montreal\/wp-content\/uploads\/sites\/3\/2019\/06\/Hao-Zhou_Credit-Tam-Lan-Truong-WEB.jpg\" alt=\"Hao Zhou\" width=\"1024\" height=\"682\" srcset=\"https:\/\/www.ludwig-van.com\/montreal\/wp-content\/uploads\/sites\/3\/2019\/06\/Hao-Zhou_Credit-Tam-Lan-Truong-WEB.jpg 1024w, https:\/\/www.ludwig-van.com\/montreal\/wp-content\/uploads\/sites\/3\/2019\/06\/Hao-Zhou_Credit-Tam-Lan-Truong-WEB-300x200.jpg 300w, https:\/\/www.ludwig-van.com\/montreal\/wp-content\/uploads\/sites\/3\/2019\/06\/Hao-Zhou_Credit-Tam-Lan-Truong-WEB-768x512.jpg 768w\" sizes=\"(max-width: 1024px) 100vw, 1024px\" \/><figcaption id=\"caption-attachment-59839\" class=\"wp-caption-text\">Hao Zhou, laur\u00e9at du CMIM Violon 2019 lors de sa prestation en demi-finale \u00e0 la salle Bourgie. (Photo: Tam Lan Truong)<\/figcaption><\/figure>\n<h3>Le Concours musical international de Montr\u00e9al d\u00e9voile son prochain jury<\/h3>\n<p>Le CMIM a d\u00e9voil\u00e9 la composition de son jury pour l&rsquo;\u00e9dition Violon 2023, qui se d\u00e9roulera du 24 avril au 4 mai prochains et accueillera 24 jeunes violonistes d&rsquo;un peu partout sur la plan\u00e8te. Ceux-ci courront la chance de remporter plus de 150 000$ en prix et bourses.<\/p>\n<p>Les membres du jury international, pr\u00e9sid\u00e9 par Zarin Mehta, sont:<\/p>\n<p>Salvatore Accardo (Italie), Koichiro Harada (Japon), Yura Lee (Cor\u00e9e\/\u00c9tats-Unis), Mihaela Martin (Roumanie), Lucie Robert (Canada), Dmitri Sitkovetsky (Royaume-Uni\/\u00c9tats-Unis) et Krishna Thiagarajan (Allemagne\/\u00c9tats-Unis).<\/p>\n<p>&nbsp;<\/p>\n<figure id=\"attachment_73983\" aria-describedby=\"caption-attachment-73983\" style=\"width: 1200px\" class=\"wp-caption alignnone\"><img decoding=\"async\" loading=\"lazy\" class=\"size-full wp-image-73983\" src=\"https:\/\/www.ludwig-van.com\/montreal\/wp-content\/uploads\/sites\/3\/2022\/11\/Camille-Claudel-spectacle-cr-Simon-Jolicoeur-1200.jpg\" alt=\"Camille Claudel: dans l'ombre du g\u00e9ant est pr\u00e9sent\u00e9 dans les Maisons de la culture de Montr\u00e9al du 18 novembre au 1er d\u00e9cembre 2022. (Photo: Simon Jolicoeur)\" width=\"1200\" height=\"675\" \/><figcaption id=\"caption-attachment-73983\" class=\"wp-caption-text\">Camille Claudel: dans l&rsquo;ombre du g\u00e9ant est pr\u00e9sent\u00e9 dans les Maisons de la culture de Montr\u00e9al du 18 novembre au 1er d\u00e9cembre 2022. (Photo: Simon Jolicoeur)<\/figcaption><\/figure>\n<h3>Le spectacle Camille Claudel : dans l&rsquo;ombre du g\u00e9ant de retour<\/h3>\n<p>Le spectacle multim\u00e9dia <em>Camille Claudel: dans l&rsquo;ombre du g\u00e9ant<\/em>, fort appr\u00e9ci\u00e9 lors de sa premi\u00e8re \u00e0 la Salle Bourgie, l&rsquo;an dernier, est de retour pour cinq repr\u00e9sentations dans diff\u00e9rentes maisons de la culture. Il met en vedette la mezzo-soprano<strong> St\u00e9phanie Pothier<\/strong> et le <strong>Quatuor Molinari<\/strong>, qui interpr\u00e8tent des oeuvres de Claude Debussy, Germaine Tailleferre et Jake Heggis, dans une sc\u00e9nographie avec vid\u00e9os de Julien Robert et St\u00e9phanie Pothier. La premi\u00e8re aura lieu <a href=\"https:\/\/www.opera-national-lorraine.fr\/fr\/activity\/516-l-amour-des-trois-oranges-prokofiev\" target=\"_blank\" rel=\"noopener\">le 18 novembre<\/a> \u00e0 la Maison de la culture Notre-Dame-de-Gr\u00e2ce. <a href=\"https:\/\/montreal.ca\/calendrier-culturel?q=camille%20claudel&amp;fbclid=IwAR2TK4D1PxgLUXafqPLKLnJL0y8vmmLFD5CGPNNobmQI5_z-0e8mg_AjrdU\" target=\"_blank\" rel=\"noopener\">VOIR L&rsquo;HORAIRE COMPLET<\/a><\/p>\n<p><a href=\"https:\/\/www.ludwig-van.com\/montreal\/2021\/04\/29\/critique-camille-claudel-stephanie-pothier-molinari-chaudement-recommande\/\" target=\"_blank\" rel=\"noopener\">LIRE NOTRE CRITIQUE DE CE SPECTACLE<\/a><\/p>\n<p>&nbsp;<\/p>\n<p style=\"text-align: center;\"><img decoding=\"async\" loading=\"lazy\" class=\"alignnone size-full wp-image-72628\" src=\"https:\/\/www.ludwig-van.com\/montreal\/wp-content\/uploads\/sites\/3\/2022\/09\/Bebe-symphonique.png\" alt=\"\" width=\"1200\" height=\"436\" \/><\/p>\n<h3>B\u00e9b\u00e9 symphonique: suppl\u00e9mentaires \u00e0 Montr\u00e9al et succ\u00e8s en Allemagne<\/h3>\n<p>Une neuvi\u00e8me s\u00e9rie de suppl\u00e9mentaires a \u00e9t\u00e9 ajout\u00e9e pour le spectacle immersif <em>B\u00e9b\u00e9 symphonique<\/em>, actuellement \u00e0 l\u2019affiche du Plan\u00e9tarium Rio Tinto Alcan d\u2019Espace pour la vie. Le spectacle sera pr\u00e9sent\u00e9 la plupart des mardis et dimanches, et ce, jusqu\u2019en avril 2023. Le succ\u00e8s se poursuit pour ce po\u00e8me musical pour b\u00e9b\u00e9s de Simon Leclerc, interpr\u00e9t\u00e9 par l&rsquo;Orchestre symphonique de Montr\u00e9al. En effet, en plus d&rsquo;avoir remport\u00e9 r\u00e9cemment un F\u00e9lix lors du Gala de l\u2019ADISQ pour l\u2019album, plus de 300 repr\u00e9sentations sont pr\u00e9vues en Allemagne. De plus, le spectacle a remport\u00e9 le prix du Meilleur long m\u00e9trage musical lors du festival Dome Fest West 2022, tenu \u00e0 Los Angeles.<\/p>\n<h2><em>Inscrivez-vous \u00e0 notre infolettre! La musique classique et l&rsquo;op\u00e9ra en 5 minutes, chaque jour<\/em> \u00a0<span style=\"color: #ff0000;\"><a style=\"color: #ff0000;\" href=\"https:\/\/ludwig-van.us9.list-manage.com\/subscribe?u=4f785cb3f9058f2393ccad035&amp;id=b9b160c032\" target=\"_blank\" rel=\"noopener noreferrer\">ICI\u00a0<\/a><\/span><\/h2>\n","protected":false},"excerpt":{"rendered":"<p>Un petit tour de l&rsquo;actualit\u00e9 en musique classique cette semaine. Pour ne rien rater de l&rsquo;actualit\u00e9, abonnez-vous \u00e0 notre infolettre gratuite. <\/p>\n","protected":false},"author":51,"featured_media":73989,"comment_status":"open","ping_status":"open","sticky":false,"template":"","format":"standard","meta":{"om_disable_all_campaigns":false,"jetpack_post_was_ever_published":false},"categories":[42010,10956,10992],"tags":[42007,4839,11137],"yst_prominent_words":[14936,36282,15281,20956,21525,10167,17053,31448,9956],"acf":[],"jetpack_featured_media_url":"https:\/\/www.ludwig-van.com\/montreal\/wp-content\/uploads\/sites\/3\/2022\/11\/Copie-de-CONCERTS-44.jpg","jetpack_sharing_enabled":true,"jetpack_shortlink":"https:\/\/wp.me\/p9bdYt-jdt","amp_enabled":true,"_links":{"self":[{"href":"https:\/\/www.ludwig-van.com\/montreal\/wp-json\/wp\/v2\/posts\/73871"}],"collection":[{"href":"https:\/\/www.ludwig-van.com\/montreal\/wp-json\/wp\/v2\/posts"}],"about":[{"href":"https:\/\/www.ludwig-van.com\/montreal\/wp-json\/wp\/v2\/types\/post"}],"author":[{"embeddable":true,"href":"https:\/\/www.ludwig-van.com\/montreal\/wp-json\/wp\/v2\/users\/51"}],"replies":[{"embeddable":true,"href":"https:\/\/www.ludwig-van.com\/montreal\/wp-json\/wp\/v2\/comments?post=73871"}],"version-history":[{"count":13,"href":"https:\/\/www.ludwig-van.com\/montreal\/wp-json\/wp\/v2\/posts\/73871\/revisions"}],"predecessor-version":[{"id":73994,"href":"https:\/\/www.ludwig-van.com\/montreal\/wp-json\/wp\/v2\/posts\/73871\/revisions\/73994"}],"wp:featuredmedia":[{"embeddable":true,"href":"https:\/\/www.ludwig-van.com\/montreal\/wp-json\/wp\/v2\/media\/73989"}],"wp:attachment":[{"href":"https:\/\/www.ludwig-van.com\/montreal\/wp-json\/wp\/v2\/media?parent=73871"}],"wp:term":[{"taxonomy":"category","embeddable":true,"href":"https:\/\/www.ludwig-van.com\/montreal\/wp-json\/wp\/v2\/categories?post=73871"},{"taxonomy":"post_tag","embeddable":true,"href":"https:\/\/www.ludwig-van.com\/montreal\/wp-json\/wp\/v2\/tags?post=73871"},{"taxonomy":"yst_prominent_words","embeddable":true,"href":"https:\/\/www.ludwig-van.com\/montreal\/wp-json\/wp\/v2\/yst_prominent_words?post=73871"}],"curies":[{"name":"wp","href":"https:\/\/api.w.org\/{rel}","templated":true}]}}