{"id":73774,"date":"2022-11-07T10:21:28","date_gmt":"2022-11-07T15:21:28","guid":{"rendered":"https:\/\/www.ludwig-van.com\/montreal\/?p=73774"},"modified":"2022-11-07T10:21:28","modified_gmt":"2022-11-07T15:21:28","slug":"choix-de-la-redaction-les-concerts-a-ne-pas-manquer-du-7-au-13-novembre","status":"publish","type":"post","link":"https:\/\/www.ludwig-van.com\/montreal\/2022\/11\/07\/choix-de-la-redaction-les-concerts-a-ne-pas-manquer-du-7-au-13-novembre\/","title":{"rendered":"CHOIX DE LA R\u00c9DACTION | Les concerts classiques \u00e0 ne pas manquer du 7 au 13 novembre"},"content":{"rendered":"<figure id=\"attachment_73783\" aria-describedby=\"caption-attachment-73783\" style=\"width: 1200px\" class=\"wp-caption alignnone\"><img decoding=\"async\" loading=\"lazy\" class=\"size-full wp-image-73783\" src=\"https:\/\/www.ludwig-van.com\/montreal\/wp-content\/uploads\/sites\/3\/2022\/11\/Copie-de-CONCERTS-39.jpg\" alt=\"Rachel Barton Pine (photo: ), Victoria Wong (photo: courtoisie du Concours OSM), Anne Sofie von Otter (photo: Mats B\u00e4cker)\" width=\"1200\" height=\"628\" \/><figcaption id=\"caption-attachment-73783\" class=\"wp-caption-text\">Rachel Barton Pine (photo: ), Victoria Wong, concurrente au Concours OSM (photo: courtoisie du Concours OSM), Anne Sofie von Otter (photo: Mats B\u00e4cker)<\/figcaption><\/figure>\n<h3><span style=\"color: #808080;\">Cette semaine, le Concours OSM, qui se d\u00e9roulera du 8 au 12 novembre, met le piano \u00e0 l&rsquo;honneur pour sa 83e \u00e9dition. Montr\u00e9al re\u00e7oit \u00e9galement plusieurs invit\u00e9s prestigieux, tels que Jordi Savall, Anne Sofie von Otter et Rachel Barton Pine, tandis que le Club musical de Qu\u00e9bec re\u00e7oit le pianiste Serge Babayan. Voici nos Choix de la r\u00e9daction du 7 au 13 novembre 2022.<\/span><\/h3>\n<p>&nbsp;<\/p>\n<figure id=\"attachment_73785\" aria-describedby=\"caption-attachment-73785\" style=\"width: 900px\" class=\"wp-caption alignnone\"><img decoding=\"async\" loading=\"lazy\" class=\"size-full wp-image-73785\" src=\"https:\/\/www.ludwig-van.com\/montreal\/wp-content\/uploads\/sites\/3\/2022\/11\/victoria-wong-concours-osm.jpg\" alt=\"Victoria Wong, 25 ans, de l'Ontario, fait partie des concurrents du Concours OSM. (Photo: courtoisie du Concours OSM)\" width=\"900\" height=\"1350\" \/><figcaption id=\"caption-attachment-73785\" class=\"wp-caption-text\">Victoria Wong, 25 ans, de l&rsquo;Ontario, fait partie des concurrents du Concours OSM. (Photo: courtoisie du Concours OSM)<\/figcaption><\/figure>\n<h3>Concours OSM &#8211; du 8 au 12 novembre<\/h3>\n<p><a href=\"https:\/\/www.concoursosm.ca\/horaire\/\" target=\"_blank\" rel=\"noopener\">HORAIRE D\u00c9TAILL\u00c9 ET BILLETS<\/a><\/p>\n<p>Les prestations des demi-finalistes du <strong>Concours OSM 2022<\/strong> se tiendront \u00e0 la Salle Tanna Schulich du 8 au 11, en journ\u00e9e. L&rsquo;admission aux demi-finales est libre et aucune r\u00e9servation n&rsquo;est n\u00e9cessaires. Les 9 demi-finalistes sont Jessica Yuma, Nicola Wu, Gowin Friesen, Jonathan Mak, Keving Wang, Jaeden Izik-Dzurko, Hamilton Lau, Victoria Wong et Jean-Christophe Melan\u00e7on.<\/p>\n<p>Les trois finalistes joueront avec l&rsquo;OSM sous la direction de Jacques Lacombe \u00e0 la Maison Symphonique le 12 novembre \u00e0 14 h.\u00a0 <a href=\"https:\/\/www.osm.ca\/fr\/concerts\/les-pianos-valsent-en-finale-du-concours-osm\/\" target=\"_blank\" rel=\"noopener\">D\u00c9TAILS ET BILLETS<\/a><\/p>\n<p>&nbsp;<\/p>\n<figure id=\"attachment_73473\" aria-describedby=\"caption-attachment-73473\" style=\"width: 1200px\" class=\"wp-caption alignnone\"><img decoding=\"async\" loading=\"lazy\" class=\"size-full wp-image-73473\" src=\"https:\/\/www.ludwig-van.com\/montreal\/wp-content\/uploads\/sites\/3\/2022\/10\/Jordi-Savall-cr-Herve-Pouyfourcat.jpg\" alt=\"Jordi Savall (Photo: Herv\u00e9 Pouyfourcat)\" width=\"1200\" height=\"800\" \/><figcaption id=\"caption-attachment-73473\" class=\"wp-caption-text\">Jordi Savall (Photo: Herv\u00e9 Pouyfourcat)<\/figcaption><\/figure>\n<h3><strong>Jordi Savall \u00e0 la Maison symphonique<\/strong><\/h3>\n<h3>Le 7 novembre, Maison symphonique \u2013 <a href=\"https:\/\/placedesarts.com\/fr\/evenement\/jordi-savall\" target=\"_blank\" rel=\"noopener\">D\u00c9TAILS ET BILLETS<\/a><\/h3>\n<p>Retrouvez <strong>Jordi Savall<\/strong> et l\u2019<strong>Ensemble Hesp\u00e8rion XXI<\/strong> pour un concert intitul\u00e9 <em>Fantaisies, batailles et danses \u2013 L\u2019\u00c2ge d\u2019or de la musique pour consort (1500-1750).<\/em> Des \u0153uvres de 15 compositeurs de la Renaissance et de la p\u00e9riode baroque seront interpr\u00e9t\u00e9es.<\/p>\n<p>Ce concert aura \u00e9galement lieu le 8 novembre \u00e0 Ottawa au <em>Carleton Dominio-Chalmers\u00a0 Center.\u00a0<\/em><\/p>\n<p><a href=\"https:\/\/www.ludwig-van.com\/montreal\/2022\/11\/06\/entrevue-jordi-savall-quand-on-apprend-on-est-heureux\/\" target=\"_blank\" rel=\"noopener\">LIRE NOTRE ENTREVUE AVEC JORDI SAVALL<\/a><\/p>\n<p>&nbsp;<\/p>\n<h2>SALLE BOURGIE<\/h2>\n<p>&nbsp;<\/p>\n<figure id=\"attachment_73782\" aria-describedby=\"caption-attachment-73782\" style=\"width: 1200px\" class=\"wp-caption alignnone\"><img decoding=\"async\" loading=\"lazy\" class=\"size-full wp-image-73782\" src=\"https:\/\/www.ludwig-van.com\/montreal\/wp-content\/uploads\/sites\/3\/2022\/11\/Anne-Sofie-von-Otter-cr-Mats-Ba\u0308cker-redim.jpg\" alt=\"Anne Sofie von Otter. (Photo: Mats B\u00e4cker)\" width=\"1200\" height=\"800\" \/><figcaption id=\"caption-attachment-73782\" class=\"wp-caption-text\">Anne Sofie von Otter. (Photo: Mats B\u00e4cker)<\/figcaption><\/figure>\n<h3><strong>Anne Sofie von Otter et Kritian Bezuidenhout<\/strong><\/h3>\n<h3>Le 7 novembre, 19h30, Salle Bourgie \u2013 <a href=\"https:\/\/www.mbam.qc.ca\/fr\/activites\/anne-sofie-von-otter-et-kristian-bezuidenhout-1\/\" target=\"_blank\" rel=\"noopener\">D\u00c9TAILS ET BILLETS<\/a><\/h3>\n<p>La mezzo-soprano<strong> Anne Sofie von Otter<\/strong> et le pianiste Kristian Bezuidenhout interpr\u00e9teront des lieder de Erik Geijer, Adolf Lindblad, Fanny Mendelssohn et Schubert. Kristian Bezuidenhout jouera sur un pianoforte et un piano \u00c9rard.<\/p>\n<p>&nbsp;<\/p>\n<h3>Ensemble Caprice: Didon &amp; Aeneas<\/h3>\n<h3>Le 8\u00a0 novembre, 19 h 30, Salle Bourgie. <a href=\"https:\/\/www.mbam.qc.ca\/fr\/activites\/ensemble-caprice-didon-aeneas\/\" target=\"_blank\" rel=\"noopener\">D\u00c9TAILS ET BILLETS<\/a><\/h3>\n<p>Henry Purcell, grand g\u00e9nie de la musique baroque anglaise, signe une \u0153uvre magistrale avec son op\u00e9ra <em>Didon &amp; Aeneas<\/em>. Au c\u0153ur de ce livret, une histoire d\u2019amour entre Didon, reine de Carthage et Aeneas, prince troyen. L\u2019intensit\u00e9 dramatique de cette histoire d\u2019amour est puissante et culmine avec le fameux air <em>When I am laid.\u00a0<\/em>Avec <strong>l&rsquo;Ensemble Caprice<\/strong> et l&rsquo;<strong>Ensemble vocal Arts-Qu\u00e9bec,<\/strong> sous la direction de <strong>Matthias Maute.\u00a0<\/strong><\/p>\n<h3><strong>Brahms, le chambriste<\/strong><\/h3>\n<h3>Le 10 novembre, 19h30, Salle Bourgie \u2013 <a href=\"https:\/\/www.mbam.qc.ca\/fr\/activites\/brahms-le-chambriste-1\/\" target=\"_blank\" rel=\"noopener\">D\u00c9TAILS ET BILLETS<\/a><\/h3>\n<p>Le <strong>Quatuor Rolston<\/strong>, en compagnie de l\u2019altiste <strong>Miguel da Silva<\/strong> et du pianiste <strong>Kojiro Okada<\/strong>, se r\u00e9unissent autour d\u2019un programme 100% Brahms le 10 et le 12 novembre. Ils interpr\u00e9teront la Sonate pour alto et piano n\u00b01, Quatuor \u00e0 cordes n\u00b02 et, le Quintette \u00e0 cordes n\u00b01.<\/p>\n<p>&nbsp;<\/p>\n<h3><strong>Le Stabat Mater de Pergolesi avec Jonathan Cohen\u00a0<\/strong><\/h3>\n<h3>Le 11 novembre, 19h30, Salle Bourgie &#8211;<a href=\"https:\/\/www.mbam.qc.ca\/fr\/activites\/les-violons-du-roy---le-stabat-mater-de-pergolesi-1\/\" target=\"_blank\" rel=\"noopener\"> COMPLET<\/a><\/h3>\n<p>La soprane <strong>Carolyn Sampson<\/strong> et le contre-t\u00e9nor Tim Mead se joignent aux <strong>Violons du Roy<\/strong> sous la direction de <strong>Jonathan Cohen<\/strong>. Au programme : le <em>Motet Silete venti<\/em> de Handel, le <em>Stabat Mater<\/em> de Pergolesi, ainsi que le Concerto pour cordes et la cantate <em>Cessate, omai cessate<\/em> de Vivaldi.<\/p>\n<p>&nbsp;<\/p>\n<h3><strong>\u00c9couter les tableaux<\/strong><\/h3>\n<h3>Le 13 novembre, 14h30, Salle Bourgie \u2013 <a href=\"https:\/\/www.mbam.qc.ca\/fr\/activites\/orlando-consort---ecouter-les-tableaux-1\/\" target=\"_blank\" rel=\"noopener\">D\u00c9TAILS ET BILLETS<\/a><\/h3>\n<p>La programmation de ce concert est fond\u00e9e sur des recherches de<strong> Tim Shepard<\/strong>, professeur de musicologie \u00e0 l\u2019Universit\u00e9 de Sheffield. Pr\u00e9sent sp\u00e9cialement pour cette occasion, il offrira une causerie pr\u00e9-concert en anglais.<\/p>\n<p>Lors de ce concert, votre \u00e9coute sera accompagn\u00e9e par des projections de tableaux de la Renaissance pour accompagner les \u0153uvres de Brumel, Comp\u00e8re, Josquin des pr\u00e9s, Dufay, Isaac et d\u2019autres.<\/p>\n<p>Interpr\u00e8tes : Matthew Venner (contret\u00e9nor), Mark Dobell et Angus Smith (t\u00e9nors) et Donald Greig (baryton).<\/p>\n<p>&nbsp;<\/p>\n<p style=\"text-align: center;\"><img decoding=\"async\" loading=\"lazy\" class=\"alignnone size-full wp-image-73777\" src=\"https:\/\/www.ludwig-van.com\/montreal\/wp-content\/uploads\/sites\/3\/2022\/11\/Amour-cryptique.jpg\" alt=\"\" width=\"856\" height=\"619\" \/><\/p>\n<h3><strong>Brahms-Wieck-Schumann et l\u2019Orchestre Symphonique de Laval<\/strong><\/h3>\n<h3>Le 9 novembre, 19h30, Salle Andr\u00e9-Mathieu \u2013 <a href=\"https:\/\/www.osl.ca\/amour-cryptique\" target=\"_blank\" rel=\"noopener\">D\u00c9TAILS ET BILLETS<\/a><\/h3>\n<p>Sous la direction de <strong>Jean-Michel Malouf<\/strong>, l\u2019<strong>Orchestre Symphonique de Laval<\/strong> propose un concert autour de Johannes Brahms, Robert Schumann et Clara Wieck. Les \u0153uvres au programme sont <em>Les Variations sur un th\u00e8me de Haydn<\/em> de Brahms, le Concerto pour piano de Clara Wieck-Schumann interpr\u00e9t\u00e9 par Sara Davis Buechner, et la Symphonie n\u00b04 de Robert Schumann.<\/p>\n<p>&nbsp;<\/p>\n<figure id=\"attachment_71022\" aria-describedby=\"caption-attachment-71022\" style=\"width: 834px\" class=\"wp-caption alignnone\"><img decoding=\"async\" loading=\"lazy\" class=\"size-full wp-image-71022\" src=\"https:\/\/www.ludwig-van.com\/montreal\/wp-content\/uploads\/sites\/3\/2022\/05\/transfiguration.jpg\" alt=\"St\u00e9phane T\u00e9treault, Val\u00e9rie Milot. (Photo: courtoisie)\" width=\"834\" height=\"667\" \/><figcaption id=\"caption-attachment-71022\" class=\"wp-caption-text\">St\u00e9phane T\u00e9treault, Val\u00e9rie Milot. (Photo: courtoisie)<\/figcaption><\/figure>\n<h3><strong>Transfiguration avec St\u00e9phane T\u00e9treault et Val\u00e9rie Milot<\/strong><\/h3>\n<h3>Le 10 novembre, 20h, Th\u00e9\u00e2tre maisonneuve \u2013 D\u00c9TAILS ET BILLETS<\/h3>\n<p>\u00c0 l\u2019occasion de leur tourn\u00e9e au Qu\u00e9bec, la harpiste Val\u00e9rie Milot et le violoncelle de St\u00e9phane T\u00e9treault pr\u00e9senteront leur album <em>Transfiguration<\/em> dans un concert accompagn\u00e9 de projections sur \u00e9cran.<\/p>\n<p><a href=\"https:\/\/www.ludwig-van.com\/montreal\/2022\/05\/24\/rencontre-transfiguration-un-projet-a-limage-dune-grande-amitie\/\" target=\"_blank\" rel=\"noopener\">LIRE NOTRE ENTREVUE AVEC CES DEUX ARTISTES<\/a><\/p>\n<p>&nbsp;<\/p>\n<figure id=\"attachment_73778\" aria-describedby=\"caption-attachment-73778\" style=\"width: 620px\" class=\"wp-caption aligncenter\"><img decoding=\"async\" loading=\"lazy\" class=\"size-full wp-image-73778\" src=\"https:\/\/www.ludwig-van.com\/montreal\/wp-content\/uploads\/sites\/3\/2022\/11\/Simone-Vebber.png\" alt=\"\" width=\"620\" height=\"640\" \/><figcaption id=\"caption-attachment-73778\" class=\"wp-caption-text\">Simon Vebber, organiste. (Photo: courtoisie des Amis de l&rsquo;orgue de Montr\u00e9al)<\/figcaption><\/figure>\n<h3><strong>Simone Vebber et le McGill Noon-Hour Organ Series\u00a0<\/strong><\/h3>\n<h3>Le 11 novembre, 12h30, Salle Redpath \u2013<a href=\"https:\/\/www.mcgill.ca\/music\/channels\/event\/mcgill-noon-hour-organ-series-341495\" target=\"_blank\" rel=\"noopener\"> D\u00c9TAILS ET BILLETS<\/a><\/h3>\n<p>Dans le cadre de la <em>McGill Noon-Hour Series<\/em>, l\u2019organiste italien Simone Vebber jouera sur l\u2019orgue classique fran\u00e7ais de la salle Redpath avec un programme autour de J.S Bach, C.P.E Bach, Forberger et d\u2019autres compositeurs tenus secrets. En collaboration avec les <strong>Amis de l&rsquo;orgue de Montr\u00e9al.\u00a0<\/strong><\/p>\n<p>&nbsp;<\/p>\n<p>&nbsp;<\/p>\n<p>&nbsp;<\/p>\n<p>&nbsp;<\/p>\n<figure id=\"attachment_70760\" aria-describedby=\"caption-attachment-70760\" style=\"width: 1200px\" class=\"wp-caption alignnone\"><img decoding=\"async\" loading=\"lazy\" class=\"size-full wp-image-70760\" src=\"https:\/\/www.ludwig-van.com\/montreal\/wp-content\/uploads\/sites\/3\/2022\/04\/Sergei-Babayan-1200.jpg\" alt=\"Sergei Babayan, pianiste, donnera un r\u00e9cital au Club musical de Qu\u00e9bec en novembre 2022. (Photo: courtoisie du Club musical de Qu\u00e9bec)\" width=\"1200\" height=\"463\" \/><figcaption id=\"caption-attachment-70760\" class=\"wp-caption-text\">Sergei Babayan, pianiste, donnera un r\u00e9cital au Club musical de Qu\u00e9bec en novembre 2022. (Photo: courtoisie du Club musical de Qu\u00e9bec)<\/figcaption><\/figure>\n<h3><strong>Sergei Babayan au Club musical de Qu\u00e9bec<\/strong><\/h3>\n<h3>Le 12 novembre, 15h, Palais Montcalm \u2013 <a href=\"https:\/\/www.clubmusicaldequebec.com\/cmq\/index.php\/programmation\/saison-2022-2023\/sergei-babayan\" target=\"_blank\" rel=\"noopener\">D\u00c9TAILS ET BILLETS<\/a><\/h3>\n<p>Le pianiste et p\u00e9dagogue de renom Sergei Babayan propose un r\u00e9cital virtuose emprunt de romantisme avec la Chaconne de Bach arrang\u00e9e par Busoni, trois lieders de Schubert arrang\u00e9 par Liszt, les \u00c9tudes-tableaux n\u00b01 et n\u00b05 de Rachmaninov ainsi que les moments musicaux n\u00b02 et n\u00b06, la Ballade n\u00b02 de Liszt et Kreisleriana de Schumann.<\/p>\n<p>&nbsp;<\/p>\n<figure id=\"attachment_73490\" aria-describedby=\"caption-attachment-73490\" style=\"width: 1200px\" class=\"wp-caption alignnone\"><img decoding=\"async\" loading=\"lazy\" class=\"size-full wp-image-73490\" src=\"https:\/\/www.ludwig-van.com\/montreal\/wp-content\/uploads\/sites\/3\/2022\/10\/Louis-Lavigueur-courtoisie.jpg\" alt=\"Louis Lavigueur, chef d'orchestre et directeur artistique. (Photo: courtoisie)\" width=\"1200\" height=\"825\" \/><figcaption id=\"caption-attachment-73490\" class=\"wp-caption-text\">Louis Lavigueur, chef d&rsquo;orchestre et directeur artistique. (Photo: courtoisie)<\/figcaption><\/figure>\n<h3><strong>Sinfonia de Montr\u00e9al | Plaisirs symphoniques<\/strong><\/h3>\n<h3>Le 12 novembre, 19h30, Salle Claude-Champagne \u2013 <a href=\"https:\/\/www.sinfoniamtl.com\/saison-2022-2023\" target=\"_blank\" rel=\"noopener\">D\u00c9TAILS ET BILLETS<\/a><\/h3>\n<p>La <strong>Sinfonia de Montr\u00e9al<\/strong> consacre ce concert \u00e0 la c\u00e9l\u00e9bration de deux anniversaires : le 100<sup>e<\/sup> anniversaire de l\u2019orchestration des <em>Tableaux d\u2019une exposition<\/em> par Maurice Ravel et le 200<sup>e<\/sup> anniversaire de naissance du compositeur fran\u00e7ais C\u00e9sar Franck. Pour l\u2019occasion, le pianiste soliste <strong>Antoine Laporte<\/strong> interpr\u00e9tera les<em> Variations Symphoniques<\/em> de C\u00e9sar Franck, sous la direction de <strong>Louis Lavigueur.\u00a0<\/strong><\/p>\n<p>&nbsp;<\/p>\n<figure id=\"attachment_73596\" aria-describedby=\"caption-attachment-73596\" style=\"width: 1200px\" class=\"wp-caption alignnone\"><img decoding=\"async\" loading=\"lazy\" class=\"size-full wp-image-73596\" src=\"https:\/\/www.ludwig-van.com\/montreal\/wp-content\/uploads\/sites\/3\/2022\/10\/ChapelleHisto_BobPasteur_GrandHautboys.jpg\" alt=\"L'ensemble Hautbois etc. (photo: courtoisie de la Chapelle historique du Bon-Pasteur)\" width=\"1200\" height=\"660\" \/><figcaption id=\"caption-attachment-73596\" class=\"wp-caption-text\">L&rsquo;ensemble Hautbois etc. (photo: courtoisie de la Chapelle historique du Bon-Pasteur)<\/figcaption><\/figure>\n<h3><strong>Le grand Hautboys<\/strong><\/h3>\n<h3>Le 13 novembre, 14h, Chapelle historique du Bon-Pasteur \u2013 <a href=\"https:\/\/lepointdevente.com\/billets\/dwv221113001?fbclid=IwAR3QShJbHnK-LMqeCGaEyA1i3B4-IbS8TzST4tn7792zddlabv04BFXu8sI\" target=\"_blank\" rel=\"noopener\">D\u00c9TAILS ET BILLETS<\/a><\/h3>\n<p>L\u2019ensemble <em>Hautbois etc.<\/em> propose un concert r\u00e9unissant des compositeurs connus de la p\u00e9riode baroque et classique tels que Lully, Vivaldi, Purcell, de Lalande \u00e0 un r\u00e9pertoire inusit\u00e9 tel qu\u2019une suite anonyme dans le style fran\u00e7ais issue d\u2019une collection du Conservatoire de Bruxelles.<\/p>\n<p>&nbsp;<\/p>\n<figure id=\"attachment_50204\" aria-describedby=\"caption-attachment-50204\" style=\"width: 700px\" class=\"wp-caption alignnone\"><img decoding=\"async\" loading=\"lazy\" class=\"wp-image-50204 size-full\" src=\"https:\/\/www.ludwig-van.com\/montreal\/wp-content\/uploads\/sites\/3\/2017\/12\/Rachel_Barton_Pine_1_CREDIT_Lisa_Marie_Mazzucco-calendar.jpg\" alt=\"Rachel Barton Pine\" width=\"700\" height=\"687\" srcset=\"https:\/\/www.ludwig-van.com\/montreal\/wp-content\/uploads\/sites\/3\/2017\/12\/Rachel_Barton_Pine_1_CREDIT_Lisa_Marie_Mazzucco-calendar.jpg 700w, https:\/\/www.ludwig-van.com\/montreal\/wp-content\/uploads\/sites\/3\/2017\/12\/Rachel_Barton_Pine_1_CREDIT_Lisa_Marie_Mazzucco-calendar-300x294.jpg 300w\" sizes=\"(max-width: 700px) 100vw, 700px\" \/><figcaption id=\"caption-attachment-50204\" class=\"wp-caption-text\">Rachel Barton Pine (photo: courtoisie du LMMC)<\/figcaption><\/figure>\n<h3><strong>Rachel Barton Pine<\/strong><\/h3>\n<h3>Le 13 novembre, 15h30, Salle Pollack \u2013 <a href=\"https:\/\/www.lmmc.ca\/fr\/rachel-barton-pine\" target=\"_blank\" rel=\"noopener\">D\u00c9TAILS ET BILLETS<\/a><\/h3>\n<p>Invit\u00e9e du LMMC, la violoniste<strong> Rachel Barton Pine <\/strong>et le pianiste <strong>Matthew Hagle,<\/strong> proposent un concert au programme autour de la Sonate k.454 de Mozart. La violoniste interpr\u00e9tera une sonate d&rsquo;Amanda Maier, violoniste et compositrice su\u00e9doise du XIXe, une romance de Amy Beach et terminera par la Sonate pour violon en si mineur d\u2019Ottorino Respighi<\/p>\n<h2><em>Inscrivez-vous \u00e0 notre infolettre! La musique classique et l&rsquo;op\u00e9ra en 5 minutes, chaque jour<\/em> \u00a0<span style=\"color: #ff0000;\"><a style=\"color: #ff0000;\" href=\"https:\/\/ludwig-van.us9.list-manage.com\/subscribe?u=4f785cb3f9058f2393ccad035&amp;id=b9b160c032\" target=\"_blank\" rel=\"noopener noreferrer\">ICI<\/a><\/span><\/h2>\n","protected":false},"excerpt":{"rendered":"<p>Cette semaine, le Concours OSM, qui se d\u00e9roulera du 8 au 12 novembre, met le piano \u00e0 l&rsquo;honneur pour sa 83e \u00e9dition. Montr\u00e9al re\u00e7oit \u00e9galement plusieurs invit\u00e9s prestigieux, tels que Jordi Savall, Anne Sofie von Otter et Rachel Barton Pine, tandis que Qu\u00e9bec re\u00e7oit le pianiste Serge Babayan. Voici nos Choix de la r\u00e9daction du 7 au 13 novembre 2022.<\/p>\n","protected":false},"author":105,"featured_media":73783,"comment_status":"open","ping_status":"open","sticky":false,"template":"","format":"standard","meta":{"om_disable_all_campaigns":false,"jetpack_post_was_ever_published":false},"categories":[42010,10956,10994],"tags":[42007,36906,11137],"yst_prominent_words":[40564,28124,30216,31965,23355,13618,26052,27359,14774,21281,9956,21568,31964],"acf":[],"jetpack_featured_media_url":"https:\/\/www.ludwig-van.com\/montreal\/wp-content\/uploads\/sites\/3\/2022\/11\/Copie-de-CONCERTS-39.jpg","jetpack_sharing_enabled":true,"jetpack_shortlink":"https:\/\/wp.me\/p9bdYt-jbU","amp_enabled":true,"_links":{"self":[{"href":"https:\/\/www.ludwig-van.com\/montreal\/wp-json\/wp\/v2\/posts\/73774"}],"collection":[{"href":"https:\/\/www.ludwig-van.com\/montreal\/wp-json\/wp\/v2\/posts"}],"about":[{"href":"https:\/\/www.ludwig-van.com\/montreal\/wp-json\/wp\/v2\/types\/post"}],"author":[{"embeddable":true,"href":"https:\/\/www.ludwig-van.com\/montreal\/wp-json\/wp\/v2\/users\/105"}],"replies":[{"embeddable":true,"href":"https:\/\/www.ludwig-van.com\/montreal\/wp-json\/wp\/v2\/comments?post=73774"}],"version-history":[{"count":8,"href":"https:\/\/www.ludwig-van.com\/montreal\/wp-json\/wp\/v2\/posts\/73774\/revisions"}],"predecessor-version":[{"id":73787,"href":"https:\/\/www.ludwig-van.com\/montreal\/wp-json\/wp\/v2\/posts\/73774\/revisions\/73787"}],"wp:featuredmedia":[{"embeddable":true,"href":"https:\/\/www.ludwig-van.com\/montreal\/wp-json\/wp\/v2\/media\/73783"}],"wp:attachment":[{"href":"https:\/\/www.ludwig-van.com\/montreal\/wp-json\/wp\/v2\/media?parent=73774"}],"wp:term":[{"taxonomy":"category","embeddable":true,"href":"https:\/\/www.ludwig-van.com\/montreal\/wp-json\/wp\/v2\/categories?post=73774"},{"taxonomy":"post_tag","embeddable":true,"href":"https:\/\/www.ludwig-van.com\/montreal\/wp-json\/wp\/v2\/tags?post=73774"},{"taxonomy":"yst_prominent_words","embeddable":true,"href":"https:\/\/www.ludwig-van.com\/montreal\/wp-json\/wp\/v2\/yst_prominent_words?post=73774"}],"curies":[{"name":"wp","href":"https:\/\/api.w.org\/{rel}","templated":true}]}}