{"id":73650,"date":"2022-10-31T09:17:13","date_gmt":"2022-10-31T13:17:13","guid":{"rendered":"https:\/\/www.ludwig-van.com\/montreal\/?p=73650"},"modified":"2022-10-31T09:39:06","modified_gmt":"2022-10-31T13:39:06","slug":"choix-de-la-redaction-les-concerts-a-ne-pas-manquer-du-31-octobre-au-6-novembre","status":"publish","type":"post","link":"https:\/\/www.ludwig-van.com\/montreal\/2022\/10\/31\/choix-de-la-redaction-les-concerts-a-ne-pas-manquer-du-31-octobre-au-6-novembre\/","title":{"rendered":"CHOIX DE LA R\u00c9DACTION | Les concerts classiques \u00e0 ne pas manquer du 31 octobre au 6 novembre"},"content":{"rendered":"<h3><span style=\"color: #808080;\">Concerts de musique classique \u00e0 Montr\u00e9al\u00a0<\/span><\/h3>\n<figure id=\"attachment_73658\" aria-describedby=\"caption-attachment-73658\" style=\"width: 1200px\" class=\"wp-caption alignnone\"><img decoding=\"async\" loading=\"lazy\" class=\"size-full wp-image-73658\" src=\"https:\/\/www.ludwig-van.com\/montreal\/wp-content\/uploads\/sites\/3\/2022\/10\/choix-redaction-31-octobre.jpg\" alt=\"Milos Karadaglic, Les Petits Violons, Duo Cavatine. (Photos: courtoisie)\" width=\"1200\" height=\"628\" \/><figcaption id=\"caption-attachment-73658\" class=\"wp-caption-text\">Milos Karadaglic, Les Petits Violons, Duo Cavatine. (Photos: courtoisie)<\/figcaption><\/figure>\n<h3><span style=\"color: #808080;\">Si vous aimez le romantisme allemand, cette semaine est pour vous! Vous retrouverez des \u0153uvres de Schumann, Brahms et Mendelssohn dans au moins trois concerts. D\u2019autres propositions \u00e9clectiques\u00a0 animeront la sc\u00e8ne musicale montr\u00e9alaise. Voici nos Choix de la r\u00e9daction du 31 octobre au 6 novembre 2022.<\/span><\/h3>\n<p>&nbsp;<\/p>\n<figure id=\"attachment_71914\" aria-describedby=\"caption-attachment-71914\" style=\"width: 830px\" class=\"wp-caption alignnone\"><img decoding=\"async\" loading=\"lazy\" class=\"size-full wp-image-71914\" src=\"https:\/\/www.ludwig-van.com\/montreal\/wp-content\/uploads\/sites\/3\/2022\/08\/Trio-Karenine.jpg\" alt=\"\" width=\"830\" height=\"553\" \/><figcaption id=\"caption-attachment-71914\" class=\"wp-caption-text\">(Photo: courtoisie)<\/figcaption><\/figure>\n<h3><strong>Un triptyque du romantisme allemand avec le Trio Kar\u00e9nine<\/strong><\/h3>\n<h3>Le 1 novembre, 19h30, Salle Bourgie \u2013 <a href=\"https:\/\/www.mbam.qc.ca\/fr\/activites\/trio-karenine-la-quintessence-du-romantisme-allemand-1\/\" target=\"_blank\" rel=\"noopener\">D\u00c9TAILS ET BILLETS<\/a><\/h3>\n<p>Venu de France, le <strong>Trio Kar\u00e9nine<\/strong> nous propose une plong\u00e9e dans le romantisme allemand. Le 1<sup>er<\/sup> novembre, vous pourrez entendre Charlotte Juillard au violon, Louis Rodde au violoncelle et de Paloma Kouider au piano, dans trois trios compos\u00e9s par Clara Wieck-Schumann, Robert Schumann et F\u00e9lix Mendelssohn.<\/p>\n<p style=\"text-align: center;\"><img decoding=\"async\" loading=\"lazy\" class=\"alignnone wp-image-48870 size-full\" src=\"https:\/\/www.ludwig-van.com\/montreal\/wp-content\/uploads\/sites\/3\/2017\/10\/vox-luminis_by_jozsef-wagner-csapo750.jpg\" alt=\"\" width=\"750\" height=\"500\" srcset=\"https:\/\/www.ludwig-van.com\/montreal\/wp-content\/uploads\/sites\/3\/2017\/10\/vox-luminis_by_jozsef-wagner-csapo750.jpg 750w, https:\/\/www.ludwig-van.com\/montreal\/wp-content\/uploads\/sites\/3\/2017\/10\/vox-luminis_by_jozsef-wagner-csapo750-300x200.jpg 300w\" sizes=\"(max-width: 750px) 100vw, 750px\" \/><\/p>\n<h3><strong>Vox Luminis \u2013 Sacro Monteverdi<\/strong><\/h3>\n<h3>Le 3 novembre, 19h30, Salle Bourgie &#8211; <a href=\"https:\/\/www.mbam.qc.ca\/fr\/activites\/vox-luminis-sacro-monteverdi-1\/\" target=\"_blank\" rel=\"noopener\">D\u00c9TAILS ET BILLETS<\/a><\/h3>\n<p>Sous la direction de Lionel Meuneir, l\u2019ensemble vocal belge <strong>Vox Luminis<\/strong> interpr\u00e9tera une \u0153uvre majeure de Monteverdi : la<em> Selva Morale e Spirituale<\/em>.<\/p>\n<p>&nbsp;<\/p>\n<p style=\"text-align: center;\"><img decoding=\"async\" loading=\"lazy\" class=\"alignnone size-full wp-image-72558\" src=\"https:\/\/www.ludwig-van.com\/montreal\/wp-content\/uploads\/sites\/3\/2022\/09\/ESM-ZigzagueColore.jpg\" alt=\"\" width=\"836\" height=\"421\" \/><\/p>\n<h3><strong>Zigzague &amp; Colore avec l\u2019Ensemble SuperMusique<\/strong><\/h3>\n<h3>Le 1 novembre, 19h30, \u00c9difice Wilder \u2013 <a href=\"https:\/\/levivier.ca\/fr\/concert\/saison-2022-23\/esm-zigzague-colore\" target=\"_blank\" rel=\"noopener\">D\u00c9TAILS ET BILLETS<\/a><\/h3>\n<p><strong>Laura Kavanaugh, Elizabeth Millar<\/strong> et <strong>Danielle Palardy Roger<\/strong> r\u00e9unissent 10 membres de l\u2019<strong>Ensemble SuperMusique<\/strong> gr\u00e2ce \u00e0 leurs cr\u00e9ations m\u00ealant partitions graphiques et improvisation. Les \u0153uvres <em>Something moving something still<\/em>, <em>Le regard<\/em> et <em>Le fil d\u2019Ariane<\/em> seront entendues pour la premi\u00e8re fois lors de cette soir\u00e9e.<\/p>\n<p>&nbsp;<\/p>\n<p style=\"text-align: center;\"><img decoding=\"async\" loading=\"lazy\" class=\"alignnone size-full wp-image-73544\" src=\"https:\/\/www.ludwig-van.com\/montreal\/wp-content\/uploads\/sites\/3\/2022\/10\/Quasar-entre-nous.jpg\" alt=\"\" width=\"1200\" height=\"469\" \/><\/p>\n<h3><strong><em>Entre nous <\/em><\/strong><strong>et le th\u00e9\u00e2tre musical de Thierry Tidrow<\/strong><\/h3>\n<h3>Le 5 novembre, 16h, 21h, \u00c9difice Wilder &#8211;<a href=\"https:\/\/levivier.ca\/fr\/concert\/saison-2022-23\/entre-nous\" target=\"_blank\" rel=\"noopener\"> D\u00c9TAILS ET BILLETS<\/a><\/h3>\n<p>Dans sa derni\u00e8re cr\u00e9ation, le compositeur franco-ontarien <strong>Thierry Tidrow<\/strong> allie le th\u00e9\u00e2tre et la musique en jouant avec les bruits, la voix et les sens cach\u00e9s. Compos\u00e9e sp\u00e9cialement pour le quatuor de saxophones Quasar, <em>Entre nous<\/em> r\u00e9unira \u00e9galement la com\u00e9dienne <strong>Tracy Marcelin<\/strong> et les com\u00e9diens <strong>Marc B\u00e9land, Guillaume Laurin, Nicolas Dionne-Simard.<\/strong><\/p>\n<p>&nbsp;<\/p>\n<figure id=\"attachment_72797\" aria-describedby=\"caption-attachment-72797\" style=\"width: 400px\" class=\"wp-caption aligncenter\"><img decoding=\"async\" loading=\"lazy\" class=\"wp-image-72797 size-full\" src=\"https:\/\/www.ludwig-van.com\/montreal\/wp-content\/uploads\/sites\/3\/2022\/09\/Le-Big-Band-de-lUdeM-et-Elliot-Mason.jpg\" alt=\"\" width=\"400\" height=\"400\" \/><figcaption id=\"caption-attachment-72797\" class=\"wp-caption-text\">Elliot Mason<\/figcaption><\/figure>\n<h3><strong>Le Big Band de l\u2019Universit\u00e9 de Montr\u00e9al et Elliot Mason<\/strong><\/h3>\n<h3>Le 2 novembre, 19h30, Salle Claude-Champagne &#8211;<a href=\"https:\/\/musiqueumontreal.tuxedobillet.com\/main\/le-big-band-de-ludem-et-elliot-mason\" target=\"_blank\" rel=\"noopener\"> D\u00c9TAILS ET BILLETS<\/a><\/h3>\n<p>\u00c0 l\u2019occasion de son premier concert de la saison, le <strong>Big Band<\/strong> de l\u2019<strong>Universit\u00e9 de Montr\u00e9al<\/strong> invite le tromboniste <strong>Elliot Mason<\/strong>. Dipl\u00f4m\u00e9 du Berklee College of Music et ayant jou\u00e9 aux c\u00f4t\u00e9s de solistes r\u00e9put\u00e9s tels que Chick Corea, Ahmad Jamal, Randy Brecker et bien d\u2019autres, il se produira \u00e0 la Salle Claude-Champagne avec la chanteuse jazz <strong>Sofija Knezevic<\/strong> sous la direction de <strong>Ron Di Lauro.<\/strong><\/p>\n<p>&nbsp;<\/p>\n<figure id=\"attachment_68537\" aria-describedby=\"caption-attachment-68537\" style=\"width: 481px\" class=\"wp-caption aligncenter\"><img decoding=\"async\" loading=\"lazy\" class=\"wp-image-68537 size-full\" src=\"https:\/\/www.ludwig-van.com\/montreal\/wp-content\/uploads\/sites\/3\/2021\/11\/Carole-Anne-Roussel.jpg\" alt=\"Carole-Anne Roussel, soprano (Photo: courtoisie de l'OSM)\" width=\"481\" height=\"476\" \/><figcaption id=\"caption-attachment-68537\" class=\"wp-caption-text\">Carole-Anne Roussel, soprano (Photo: courtoisie de l&rsquo;OSM)<\/figcaption><\/figure>\n<h3><strong>Carole-Anne Roussel et l\u2019Orchestre des jeunes de Montr\u00e9al <\/strong><\/h3>\n<h3>Le 5 novembre, 19h30, Salle Claude-Champagne &#8211; <a href=\"https:\/\/osjm.org\/\" target=\"_blank\" rel=\"noopener\">D\u00c9TAILS ET BILLETS<\/a><\/h3>\n<p>La soprano <strong>Carole-Anne Roussel,<\/strong> gagnante du Prix d\u2019Europe 2021, sera l&rsquo;invit\u00e9e de l\u2019<strong>Orchestre des jeunes de Montr\u00e9al<\/strong> dans des airs vari\u00e9s de Mozart et de Richard Strauss. <em>La bacchanale<\/em> de l\u2019op\u00e9ra <em>Samson et Dalila<\/em> de Saint-Sa\u00ebns et le concerto pour orchestre de Bartok sont \u00e9galement au programme.<\/p>\n<p>&nbsp;<\/p>\n<p style=\"text-align: center;\"><img decoding=\"async\" loading=\"lazy\" class=\"alignnone wp-image-72896\" src=\"https:\/\/www.ludwig-van.com\/montreal\/wp-content\/uploads\/sites\/3\/2022\/09\/OUM_Emergence.jpg\" alt=\"\" width=\"550\" height=\"368\" \/><\/p>\n<h3><strong>Universit\u00e9 de Montr\u00e9al | \u00c9mergence<\/strong><\/h3>\n<h3>Le 4 novembre, 19h30, Salle Serge-Garant &#8211; <a href=\"https:\/\/www.calendrier.umontreal.ca\/detail\/886342-emergence\" target=\"_blank\" rel=\"noopener\">D\u00c9TAILS ET BILLETS<\/a><\/h3>\n<p>Les \u00e9tudiants de la Facult\u00e9 de Musique de l\u2019Universit\u00e9 de Montr\u00e9al se r\u00e9unissent pour offrir un concert gratuit \u00e0 la Salle Serge-Garant. En premi\u00e8re partie, le public pourra assister \u00e0 une performance audiovisuelle de J\u00e9r\u00e9mie Martineau suivi des <em>Variations Goldberg<\/em>\u00a0de J.S Bach par\u00a0<strong>Karl-Fr\u00e9d\u00e9ric Bolte<\/strong>\u00a0au clavecin.<\/p>\n<p>&nbsp;<\/p>\n<figure id=\"attachment_59720\" aria-describedby=\"caption-attachment-59720\" style=\"width: 1024px\" class=\"wp-caption aligncenter\"><img decoding=\"async\" loading=\"lazy\" class=\"wp-image-59720 size-full\" src=\"https:\/\/www.ludwig-van.com\/montreal\/wp-content\/uploads\/sites\/3\/2019\/05\/Milos-Karadaglic-WEB.jpg\" alt=\"\" width=\"1024\" height=\"682\" srcset=\"https:\/\/www.ludwig-van.com\/montreal\/wp-content\/uploads\/sites\/3\/2019\/05\/Milos-Karadaglic-WEB.jpg 1024w, https:\/\/www.ludwig-van.com\/montreal\/wp-content\/uploads\/sites\/3\/2019\/05\/Milos-Karadaglic-WEB-300x200.jpg 300w, https:\/\/www.ludwig-van.com\/montreal\/wp-content\/uploads\/sites\/3\/2019\/05\/Milos-Karadaglic-WEB-768x512.jpg 768w\" sizes=\"(max-width: 1024px) 100vw, 1024px\" \/><figcaption id=\"caption-attachment-59720\" class=\"wp-caption-text\">Milos Karadaglic donnera un r\u00e9cital exclusif au Festival de Lanaudi\u00e8re le 10 juillet 2019. (Photo: site web de l&rsquo;artiste).<\/figcaption><\/figure>\n<h3><strong>Envol\u00e9es latines avec l\u2019Orchestre M\u00e9tropolitain &#8211; <\/strong><a href=\"https:\/\/orchestremetropolitain.com\/fr\/concerts\/envolees-latines\/?show_date_id=4241\" target=\"_blank\" rel=\"noopener\">D\u00c9TAILS ET BILLETS<\/a><\/h3>\n<h3>Le 3 novembre, 19h30, Th\u00e9\u00e2tre Mirella et Lino Saputo<\/h3>\n<h3>Le 4 novembre, 19h30, Maison Symphonique<\/h3>\n<h3>Le 5 novembre, 19h30, \u00c9glise catholique Sainte-Claire<\/h3>\n<h3>Le 6 novembre, 15h, Salle Marguerite-Bourgeoys du Coll\u00e8ge Regina Assumpta<\/h3>\n<p>L\u2019Orchestre M\u00e9tropolitain, la cheffe Lina Gonzalez-Granados et le guitariste MILO\u0160 s\u2019unissent autour d\u2019un programme aux sonorit\u00e9s andines, mexicaines et espagnoles. Les quatre repr\u00e9sentations proposent le programme suivant : <em>Eleg\u00eda andina<\/em> de Gabriela Lena Frank, <em>Concierto de Aranjuez<\/em> pour guitare et orchestre de Rodrigo, <em>Toni alossaan<\/em> \u00ab\u00a0o\u00f9 vas-tu?\u00a0\u00bb de Alejandra Odgers, <em>El Sombrero de tres picos<\/em> \u00ab\u00a0Le Tricorne\u00a0\u00bb et la Suite n\u00b01 de De Falla, <em>Danz\u00f3n n\u00b02<\/em> de M\u00e1rquez.<\/p>\n<p>&nbsp;<\/p>\n<p style=\"text-align: center;\"><img decoding=\"async\" loading=\"lazy\" class=\"alignnone size-full wp-image-72847\" src=\"https:\/\/www.ludwig-van.com\/montreal\/wp-content\/uploads\/sites\/3\/2022\/09\/Boreades_private-musik-montreal.png\" alt=\"\" width=\"1200\" height=\"718\" \/><\/p>\n<h3><strong>Les Bor\u00e9ades | Private Musick<\/strong><\/h3>\n<h3>Le 3 novembre, 19h30, Salle de concert du Conservatoire &#8211; <a href=\"https:\/\/www.boreades.com\/saison-2022-2023\/private-musick\/\" target=\"_blank\" rel=\"noopener\">D\u00c9TAILS ET BILLETS<\/a><\/h3>\n<p>En 1997, <strong>Les Bor\u00e9ades de Montr\u00e9al<\/strong> ont enregistr\u00e9 le disque <em>Private Musick<\/em>. Le 3 novembre, vous pourrez d\u00e9couvrir de la musique anglaise de la seconde moiti\u00e9 du XVIIe si\u00e8cle avec les compositeurs Matthew Locke, Henry Purcell, Tobias Hume, John Blow \u00e0 la Salle de concert du Conservatoire.<\/p>\n<p>Interpr\u00e8tes : <strong>Francis Colpron, H\u00e9l\u00e8ne Plouffe, Susie Napper, Marie Bouchard.<\/strong><\/p>\n<p>&nbsp;<\/p>\n<figure id=\"attachment_73599\" aria-describedby=\"caption-attachment-73599\" style=\"width: 1200px\" class=\"wp-caption alignnone\"><img decoding=\"async\" loading=\"lazy\" class=\"size-full wp-image-73599\" src=\"https:\/\/www.ludwig-van.com\/montreal\/wp-content\/uploads\/sites\/3\/2022\/10\/ChapelleHisto_BonPasteur_Poulin.jpg\" alt=\"\" width=\"1200\" height=\"660\" \/><figcaption id=\"caption-attachment-73599\" class=\"wp-caption-text\">Brigitte Poulin<\/figcaption><\/figure>\n<h3><strong>Jouer J\u00e1t\u00e9kok<\/strong><\/h3>\n<h3>Le 3 novembre, 19h30, Chapelle Historique du Bon-Pasteur \u2013 <a href=\"https:\/\/lepointdevente.com\/billets\/dwv221103001\" target=\"_blank\" rel=\"noopener\">D\u00c9TAILS ET BILLETS<\/a><\/h3>\n<p>Compos\u00e9s sur quatre d\u00e9cennies par le compositeur Gy\u00f6rgy Kurt\u00e1g, les <em>J\u00e1t\u00e9kok <\/em>sont de courtes pi\u00e8ces con\u00e7ues pour familiariser les enfants avec les modes de jeu de la musique contemporaine. La pianiste <strong>Brigitte Poulin<\/strong> les interpr\u00e9tera le 3 novembre \u00e0 la Chapelle Historique du Bon-Pasteur.<\/p>\n<p>&nbsp;<\/p>\n<figure id=\"attachment_73593\" aria-describedby=\"caption-attachment-73593\" style=\"width: 1330px\" class=\"wp-caption alignnone\"><img decoding=\"async\" loading=\"lazy\" class=\"size-full wp-image-73593\" src=\"https:\/\/www.ludwig-van.com\/montreal\/wp-content\/uploads\/sites\/3\/2022\/10\/ChapelleHisto_BonPasteur_CodeQuarter.jpg\" alt=\"Code Quartet (Photo: courtoisie)\" width=\"1330\" height=\"731\" \/><figcaption id=\"caption-attachment-73593\" class=\"wp-caption-text\">Code Quartet (Photo: courtoisie)<\/figcaption><\/figure>\n<h3><strong>Code Quartet<\/strong><\/h3>\n<h3>Le 4 novembre, 19h30, Chapelle Historique du Bon-Pasteur \u2013 <a href=\"https:\/\/lepointdevente.com\/billets\/codequartet\" target=\"_blank\" rel=\"noopener\">D\u00c9TAILS ET BILLETS<\/a><\/h3>\n<p>Le <strong>Code Quartet<\/strong>, compos\u00e9 de <strong>Christine Jensen<\/strong> au saxophone, de <strong>Lex french<\/strong> \u00e0 la trompette, d\u2019<strong>Adrian Vedady<\/strong> \u00e0 la contrebasse et de <strong>Jim Doxas<\/strong> \u00e0 la batterie, propose un concert autour de leurs compositions originales.<\/p>\n<p>&nbsp;<\/p>\n<figure id=\"attachment_73601\" aria-describedby=\"caption-attachment-73601\" style=\"width: 1200px\" class=\"wp-caption alignnone\"><img decoding=\"async\" loading=\"lazy\" class=\"size-full wp-image-73601\" src=\"https:\/\/www.ludwig-van.com\/montreal\/wp-content\/uploads\/sites\/3\/2022\/10\/ChapelleHisto_BonPasteur_EntreAmis.jpg\" alt=\"Thomas Chartr\u00e9 et Serhiy Salov (Photo: courtoisie)\" width=\"1200\" height=\"660\" \/><figcaption id=\"caption-attachment-73601\" class=\"wp-caption-text\">Thomas Chartr\u00e9 et<br \/>Serhiy Salov (Photo: courtoisie)<\/figcaption><\/figure>\n<h3><strong>Entre amis\u00a0| Schumann et Brahms<\/strong><\/h3>\n<h3>Le 6 novembre, 14h, Chapelle Historique du Bon-Pasteur \u2013 <a href=\"https:\/\/lepointdevente.com\/billets\/dwv221106001\" target=\"_blank\" rel=\"noopener\">D\u00c9TAILS ET BILLETS<\/a><\/h3>\n<p>Le violoncelliste <strong>Thomas Chartr\u00e9<\/strong> et le pianiste <strong>Serhiy Salov<\/strong> interpr\u00e8teront des \u0153uvres instrumentales et vocales des compositeurs allemand Robert Schumann et Johannes Brahms.<\/p>\n<p>Au programme\u00a0:<\/p>\n<p>Robert Schumann : <em>Fantasiest\u00fccke<\/em>, <em>F\u00fcnf St\u00fccke im Volkston<\/em>, <em>Adagio und Allegro<\/em> de Schumann et, <em>Sonate en mi mineur<\/em>, <em>F\u00fcnf Lieder op.47<\/em> de Johannes Brahms<\/p>\n<p>&nbsp;<\/p>\n<p>&nbsp;<\/p>\n<figure id=\"attachment_54928\" aria-describedby=\"caption-attachment-54928\" style=\"width: 1024px\" class=\"wp-caption aligncenter\"><img decoding=\"async\" loading=\"lazy\" class=\"wp-image-54928 size-full\" src=\"https:\/\/www.ludwig-van.com\/montreal\/wp-content\/uploads\/sites\/3\/2018\/06\/MathieuLussier_3PhotoGenevieveLesieur-refaite.jpg\" alt=\"Mathieu Lussier. (Photo: Genevi\u00e8ve Lesieur)\" width=\"1024\" height=\"682\" srcset=\"https:\/\/www.ludwig-van.com\/montreal\/wp-content\/uploads\/sites\/3\/2018\/06\/MathieuLussier_3PhotoGenevieveLesieur-refaite.jpg 1024w, https:\/\/www.ludwig-van.com\/montreal\/wp-content\/uploads\/sites\/3\/2018\/06\/MathieuLussier_3PhotoGenevieveLesieur-refaite-300x200.jpg 300w, https:\/\/www.ludwig-van.com\/montreal\/wp-content\/uploads\/sites\/3\/2018\/06\/MathieuLussier_3PhotoGenevieveLesieur-refaite-768x512.jpg 768w\" sizes=\"(max-width: 1024px) 100vw, 1024px\" \/><figcaption id=\"caption-attachment-54928\" class=\"wp-caption-text\">Mathieu Lussier. (Photo: Genevi\u00e8ve Lesieur)<\/figcaption><\/figure>\n<h3>Arion &#8211; Rigel, le souffle de la r\u00e9volution<\/h3>\n<h3>Vendredi, 4 novembre, 2022 &#8211; 19h30, Samedi, 5 octobre, 2022 &#8211; 16h Dimanche, 6 octobre, 2022 &#8211; 14h30, Salle Bourgie &#8211; <a href=\"https:\/\/www.mbam.qc.ca\/fr\/activites\/arion-orchestre-baroque---rigel-le-souffle-de-la-revolution-1\/\" target=\"_blank\" rel=\"noopener\">D\u00c9TAILS ET BILLETS<\/a><\/h3>\n<p><strong>Arion orchestre baroque<\/strong> vous propose un menu musical qui lorgne du c\u00f4t\u00e9 de l\u2019\u00e9poque pr\u00e9r\u00e9volutionnaire en France avec la musique du compositeur fran\u00e7ais d\u2019adoption Henri-Joseph Rigel. Sous la direction de <strong>Mathieu Lussier.\u00a0<\/strong><\/p>\n<p>&nbsp;<\/p>\n<p>&nbsp;<\/p>\n<figure id=\"attachment_73506\" aria-describedby=\"caption-attachment-73506\" style=\"width: 1200px\" class=\"wp-caption alignnone\"><img decoding=\"async\" loading=\"lazy\" class=\"size-full wp-image-73506\" src=\"https:\/\/www.ludwig-van.com\/montreal\/wp-content\/uploads\/sites\/3\/2022\/10\/Noemie-Micha-1200.jpg\" alt=\"No\u00e9mie Raymond-Friset et Michel-Alexandre Broekaert, Duo Cavatine\" width=\"1200\" height=\"801\" \/><figcaption id=\"caption-attachment-73506\" class=\"wp-caption-text\">No\u00e9mie Raymond-Friset et Michel-Alexandre Broekaert, Duo Cavatine<\/figcaption><\/figure>\n<h3><strong>Duo Cavatine | CellOp\u00e9ra!<\/strong><\/h3>\n<h3>Le 5 novembre, 19h, Salle Joseph-Rouleau \u2013 <a href=\"https:\/\/duocavatine.com\/fr\/calendar\/cellopera\/?fbclid=IwAR1tgE7KeA3_mHRmsmHBkq5NeQfIM-6uqTdyPvaOAc95sthxMFm4x8E2OW4\" target=\"_blank\" rel=\"noopener\">D\u00c9TAILS et BILLETS<\/a><\/h3>\n<p>Pour la premi\u00e8re montr\u00e9alaise de son album CellOp\u00e9ra, le Duo Cavatine vous propose des airs d\u2019op\u00e9ra adapt\u00e9s pour violoncelle et piano. Retrouvez-les le 5 novembre \u00e0 la Salle Joseph-Rouleau, en plein c\u0153ur du Plateau !<\/p>\n<p>&nbsp;<\/p>\n<div class=\"jetpack-video-wrapper\"><span class=\"embed-youtube\" style=\"text-align:center; display: block;\"><iframe loading=\"lazy\" class=\"youtube-player\" width=\"640\" height=\"360\" src=\"https:\/\/www.youtube.com\/embed\/Qz5XT2WEBbE?version=3&#038;rel=1&#038;showsearch=0&#038;showinfo=1&#038;iv_load_policy=1&#038;fs=1&#038;hl=fr-FR&#038;autohide=2&#038;wmode=transparent&#038;listType=playlist&#038;list=PLuTuq6MWuBblE3ozxVeZw-qehWuODvUh0\" allowfullscreen=\"true\" style=\"border:0;\" sandbox=\"allow-scripts allow-same-origin allow-popups allow-presentation\"><\/iframe><\/span><\/div>\n<h3><strong>Voces boreales | In memoriam<\/strong><\/h3>\n<h3>Le 5 novembre, 19h30, Chapelle Notre-Dame-de-Bon-Secours \u2013 <a href=\"http:\/\/vocesboreales.org\/event\/in-memoriam\/?lang=fr\/\" target=\"_blank\" rel=\"noopener\">D\u00c9TAILS ET BILLETS<\/a><\/h3>\n<p>\u00c0 l&rsquo;approche du Jour du Souvenir, 30 chanteurs du ch\u0153ur Voces Boreales d\u00e9montrent la beaut\u00e9 cathartique de la musique: de <em>Im Abendrot<\/em> de Mahler \u00e0 <em>Il pleure dans mon c\u0153ur<\/em> de Debussy ainsi que des \u0153uvres de Philip Glass, Arvo P\u00e4rt et Edvard Grieg<\/p>\n<h3 style=\"text-align: center;\"><\/h3>\n<figure id=\"attachment_73655\" aria-describedby=\"caption-attachment-73655\" style=\"width: 1200px\" class=\"wp-caption alignnone\"><img decoding=\"async\" loading=\"lazy\" class=\"size-full wp-image-73655\" src=\"https:\/\/www.ludwig-van.com\/montreal\/wp-content\/uploads\/sites\/3\/2022\/10\/Les-Petits-Violons-2022-redim.jpg\" alt=\"Les Petits Violons pr\u00e9sentent un concert en hommage \u00e0 Jean Cousineau. (Photo: courtoisie)\" width=\"1200\" height=\"814\" \/><figcaption id=\"caption-attachment-73655\" class=\"wp-caption-text\">Les Petits Violons pr\u00e9sentent un concert en hommage \u00e0 Jean Cousineau. (Photo: courtoisie)<\/figcaption><\/figure>\n<h3><strong>Concert d\u2019automne des Petits Violons<\/strong><\/h3>\n<h3>Le 6 novembre, 16h, \u00c9glise St-Pierre Ap\u00f4tre &#8211; <a href=\"https:\/\/lespetitsviolons.com\/concerts\/\" target=\"_blank\" rel=\"noopener\">D\u00c9TAILS ET BILLETS<\/a><\/h3>\n<p>Retrouvez <strong>Les Petits Violons<\/strong> et <strong>Winston McQuade<\/strong>, pr\u00e9sentateur invit\u00e9, pour leur concert d\u2019automne en hommage \u00e0 Jean Cousineau. Au programme : la Symphonie pour cordes n\u00b07 de F\u00e9lix Mendelssohn, la Sonata a Quattro n\u00b06 dite \u00ab La Tempesta \u00bb de Rossini, la Sonatensatz puis le Scherzo de la sonate F-A-E de Brahms.<\/p>\n<h2><em>Inscrivez-vous \u00e0 notre infolettre! La musique classique et l&rsquo;op\u00e9ra en 5 minutes, chaque jour<\/em> \u00a0<span style=\"color: #ff0000;\"><a style=\"color: #ff0000;\" href=\"https:\/\/ludwig-van.us9.list-manage.com\/subscribe?u=4f785cb3f9058f2393ccad035&amp;id=b9b160c032\" target=\"_blank\" rel=\"noopener noreferrer\">ICI\u00a0<\/a><\/span><\/h2>\n","protected":false},"excerpt":{"rendered":"<p>Si vous aimez le romantisme allemand, cette semaine est pour vous! Vous retrouverez des \u0153uvres de Schumann, Brahms et Mendelssohn dans au moins trois concerts. D\u2019autres propositions \u00e9clectiques\u00a0 animeront la sc\u00e8ne musicale montr\u00e9alaise. Voici nos Choix de la r\u00e9daction du 31 octobre au 6 novembre 2022.<\/p>\n","protected":false},"author":105,"featured_media":73658,"comment_status":"open","ping_status":"open","sticky":false,"template":"","format":"standard","meta":{"om_disable_all_campaigns":false,"jetpack_post_was_ever_published":false},"categories":[42010,10956,10994],"tags":[42007,2521,11137],"yst_prominent_words":[27354,30216,31965,9792,21883,26052,28482,16999,27359,31964],"acf":[],"jetpack_featured_media_url":"https:\/\/www.ludwig-van.com\/montreal\/wp-content\/uploads\/sites\/3\/2022\/10\/choix-redaction-31-octobre.jpg","jetpack_sharing_enabled":true,"jetpack_shortlink":"https:\/\/wp.me\/p9bdYt-j9U","amp_enabled":true,"_links":{"self":[{"href":"https:\/\/www.ludwig-van.com\/montreal\/wp-json\/wp\/v2\/posts\/73650"}],"collection":[{"href":"https:\/\/www.ludwig-van.com\/montreal\/wp-json\/wp\/v2\/posts"}],"about":[{"href":"https:\/\/www.ludwig-van.com\/montreal\/wp-json\/wp\/v2\/types\/post"}],"author":[{"embeddable":true,"href":"https:\/\/www.ludwig-van.com\/montreal\/wp-json\/wp\/v2\/users\/105"}],"replies":[{"embeddable":true,"href":"https:\/\/www.ludwig-van.com\/montreal\/wp-json\/wp\/v2\/comments?post=73650"}],"version-history":[{"count":10,"href":"https:\/\/www.ludwig-van.com\/montreal\/wp-json\/wp\/v2\/posts\/73650\/revisions"}],"predecessor-version":[{"id":73666,"href":"https:\/\/www.ludwig-van.com\/montreal\/wp-json\/wp\/v2\/posts\/73650\/revisions\/73666"}],"wp:featuredmedia":[{"embeddable":true,"href":"https:\/\/www.ludwig-van.com\/montreal\/wp-json\/wp\/v2\/media\/73658"}],"wp:attachment":[{"href":"https:\/\/www.ludwig-van.com\/montreal\/wp-json\/wp\/v2\/media?parent=73650"}],"wp:term":[{"taxonomy":"category","embeddable":true,"href":"https:\/\/www.ludwig-van.com\/montreal\/wp-json\/wp\/v2\/categories?post=73650"},{"taxonomy":"post_tag","embeddable":true,"href":"https:\/\/www.ludwig-van.com\/montreal\/wp-json\/wp\/v2\/tags?post=73650"},{"taxonomy":"yst_prominent_words","embeddable":true,"href":"https:\/\/www.ludwig-van.com\/montreal\/wp-json\/wp\/v2\/yst_prominent_words?post=73650"}],"curies":[{"name":"wp","href":"https:\/\/api.w.org\/{rel}","templated":true}]}}