{"id":73574,"date":"2022-10-28T11:27:44","date_gmt":"2022-10-28T15:27:44","guid":{"rendered":"https:\/\/www.ludwig-van.com\/montreal\/?p=73574"},"modified":"2022-10-28T11:35:14","modified_gmt":"2022-10-28T15:35:14","slug":"disques-critique-nouveautes-decouvrir-prochainement","status":"publish","type":"post","link":"https:\/\/www.ludwig-van.com\/montreal\/2022\/10\/28\/disques-critique-nouveautes-decouvrir-prochainement\/","title":{"rendered":"DISQUES | Une critique et trois nouveaux albums \u00e0 d\u00e9couvrir prochainement"},"content":{"rendered":"<p>&nbsp;<\/p>\n<p style=\"text-align: center;\"><img decoding=\"async\" loading=\"lazy\" class=\"alignnone size-full wp-image-73579\" src=\"https:\/\/www.ludwig-van.com\/montreal\/wp-content\/uploads\/sites\/3\/2022\/10\/Disques-28-octobre.jpg\" alt=\"\" width=\"1200\" height=\"628\" \/><\/p>\n<h3><span style=\"color: #808080;\">Une s\u00e9lection de nouveaut\u00e9s r\u00e9centes ou \u00e0 venir sur disque par des artistes qu\u00e9b\u00e9cois.<\/span><\/h3>\n<h3>Critique: CellOp\u00e9ra &#8211; Duo Cavatine<\/h3>\n<p>Compos\u00e9 de la violoncelliste <strong>No\u00e9mie Raymond-Friset<\/strong> et du pianiste <strong>Michel-Alexandre Broekaert,<\/strong> le Duo Cavatine lan\u00e7ait il y a quelques semaines <strong><em>CellOp\u00e9ra<\/em><\/strong>, un album qui r\u00e9unit des arrangements de pi\u00e8ces lyriques pour leurs instruments. Le programme est vari\u00e9, avec des pi\u00e8ces de Gershwin, Beethoven, Faur\u00e9, Mozart, Bellini et m\u00eame Andr\u00e9 Gagnon avec <em>Le vaisseau d&rsquo;or<\/em>, extrait de l&rsquo;op\u00e9ra <em>Nelligan.<\/em> La plupart des arrangements ont \u00e9t\u00e9 r\u00e9alis\u00e9s par les interpr\u00e8tes eux-m\u00eames.<\/p>\n<p>D&#8217;embl\u00e9e, il faut dire que <strong>No\u00e9mie Raymond-Friset<\/strong> nous fait entendre une magnifique sonorit\u00e9 de violoncelle, riche et profonde, avec un dosage id\u00e9al de vibrato. <strong>Michel-Alexandre Broekaert\u00a0<\/strong>r\u00e9unit pour sa part toutes les qualit\u00e9s d&rsquo;un excellent accompagnateur et d&rsquo;un chambriste de talent. Du c\u00f4t\u00e9 des arrangements, le tout est assez sage, mais de bon go\u00fbt. R\u00e9alis\u00e9 au Conservatoire de musique de Montr\u00e9al, l&rsquo;enregistrement est \u00e9quilibr\u00e9 et la qualit\u00e9 de la captation est bonne.<\/p>\n<p>Avec un tel choix de pi\u00e8ces \u00e0 succ\u00e8s aux m\u00e9lodies tr\u00e8s connues, il s&rsquo;agit d&rsquo;un bon album \u00e0 offrir \u00e0 No\u00ebl pour initier un proche \u00e0 la musique classique. Et s&rsquo;il faut comparer deux albums de violoncelle bas\u00e9s sur des \u00ab\u00a0hits\u00a0\u00bb, je pr\u00e9f\u00e8re pour ma part l&rsquo;\u00e9coute de <em>CellOp\u00e9ra<\/em> \u00e0 celle de <em>Sensations<\/em>, dernier titre de <strong>Gauthier Capu\u00e7on<\/strong> sur Warner Classics avec l&rsquo;Orchestre national de Bretagne, qui sombre plus ou moins (mais plus que moins) dans la guimauve.<\/p>\n<p><strong>Liste des pi\u00e8ces:<\/strong><\/p>\n<p><em>Le vaisseau d\u2019or<\/em> (Nelligan) d\u2019Andr\u00e9 Gagnon*<\/p>\n<p><em>Apr\u00e8s un r\u00eave<\/em> (Trois m\u00e9lodies Op.7, No. 1) de Gabriel Faur\u00e9<\/p>\n<p>7 Variations sur <em>Bei M\u00e4nnern, welche Liebe f\u00fchlen<\/em> de Ludwig Van Beethoven (sur un air de La Fl\u00fbte enchant\u00e9e de Mozart)<\/p>\n<p><em>Summertime<\/em> (Porgy and Bess) de George Gershwin*<\/p>\n<p>Air de La reine de la nuit (<em>Die Zauberfl\u00f6te<\/em>) de Wolfgang Amadeus Mozart*<\/p>\n<p>Duo des fleurs (Lakm\u00e9) de L\u00e9o Delibes*<\/p>\n<p><em>O mio babbino caro<\/em> (Gianni Schicchi) de Giacomo Puccini*<\/p>\n<p><em>Casta diva<\/em> (Norma) de Vincenzo Bellini*<\/p>\n<p><em>Una furtiva lagrima<\/em> (L\u2019elisir d\u2019amore) de Gaetano Donizetti*<\/p>\n<p><em>O du, mein holder Abendstern<\/em> (Tannh\u00e4user) de Richard Wagner<\/p>\n<p>&nbsp;<\/p>\n<p style=\"text-align: center;\"><img decoding=\"async\" loading=\"lazy\" class=\"alignnone size-full wp-image-73580\" src=\"https:\/\/www.ludwig-van.com\/montreal\/wp-content\/uploads\/sites\/3\/2022\/10\/unnamed-14.jpg\" alt=\"\" width=\"1400\" height=\"1400\" \/><\/p>\n<h3>Atma Classique: deux op\u00e9ras d&rsquo;ici bas\u00e9s sur l&rsquo;\u0153uvre de Michel Tremblay<\/h3>\n<p><strong>Atma lassique<\/strong> nous annon\u00e7ait cette semaine deux enregistrements d&rsquo;op\u00e9ras bas\u00e9s sur des \u0153uvres de l&rsquo;auteur et dramaturge <strong>Michel Tremblay<\/strong>: <em>Nelligan<\/em> et <em>Albertine en cinq temps.\u00a0<\/em><\/p>\n<h3>Nelligan<\/h3>\n<p>Plus de trente ans apr\u00e8s sa cr\u00e9ation sur sc\u00e8ne, l\u2019op\u00e9ra <em>Nelligan<\/em>, d\u2019<strong>Andr\u00e9 Gagnon<\/strong> et <strong>Michel Tremblay<\/strong>, rena\u00eet sur disque dans sa version int\u00e9grale, retra\u00e7ant les grands moments de la vie d&rsquo;\u00c9mile Nelligan. Avec les 15 membres de la distribution de la reprise de 2020 du Th\u00e9\u00e2tre du Nouveau-Monde, l&rsquo;enregistrement comprend les prestations du c\u00e9l\u00e8bre t\u00e9nor Marc Hervieux dans le r\u00f4le-titre, du baryton Dominique C\u00f4t\u00e9 dans le r\u00f4le du jeune Nelligan, de Kathleen Fortin dans le r\u00f4le de la m\u00e8re du po\u00e8te, de Frayne McCarthy dans le r\u00f4le du p\u00e8re de Nelligan, de Linda Sorgini dans le r\u00f4le de Fran\u00e7oise et de Jean Maheux dans le r\u00f4le du P\u00e8re Seers. L&rsquo;album sera disponible le 15 novembre.<\/p>\n<h3>Albertine en cinq temps<\/h3>\n<p>La fameuse pi\u00e8ce de Tremblay, adapt\u00e9e en op\u00e9ra sur une musique de <strong>Catherine Major<\/strong> et un livret du <strong>Collectif de la Lune Rouge<\/strong>, a aussi fait l&rsquo;objet d&rsquo;un enregistrement.<\/p>\n<p>Six chanteuses ont particip\u00e9 au projet: <strong>Chantal Lambert<\/strong> (Albertine \u00e0 70 ans), <strong>Monique Pag\u00e9<\/strong> (Albertine \u00e0 60 ans), <strong>Chantal Dionne<\/strong> (Albertine \u00e0 50 ans), <strong>Florence Bourget<\/strong> (Albertine \u00e0 40 ans), <strong>Catherine St-Arnaud<\/strong> (Albertine \u00e0 30 ans) et <strong>Marianne Lambert<\/strong> (Madeleine).<\/p>\n<p>L\u2019enregistrement\u00a0d\u2019<strong><em>Albertine en cinq temps \u2013 L\u2019op\u00e9ra<\/em><\/strong> a \u00e9t\u00e9 r\u00e9alis\u00e9 \u00e0 la salle de concert du Domaine Forget de Charlevoix \u00e0 la suite de la cr\u00e9ation de l\u2019\u0153uvre au Th\u00e9\u00e2tre du Rideau Vert. L&rsquo;album sera disponible le 25 novembre.<\/p>\n<p><a href=\"https:\/\/www.ludwig-van.com\/montreal\/2022\/09\/09\/critique-albertine-en-cinq-temps-lopera-bouleversant\/\" target=\"_blank\" rel=\"noopener\">LIRE NOTRE CRITIQUE DE CETTE PRODUCTION<\/a><\/p>\n<p>&nbsp;<\/p>\n<p style=\"text-align: center;\"><img decoding=\"async\" loading=\"lazy\" class=\"alignnone size-full wp-image-73582\" src=\"https:\/\/www.ludwig-van.com\/montreal\/wp-content\/uploads\/sites\/3\/2022\/10\/Beethoven-integrale-ATMA-1200.jpg\" alt=\"\" width=\"1200\" height=\"1200\" \/><\/p>\n<h3>Beethoven: Int\u00e9grale des Sonates et variations pour violoncelle et piano<\/h3>\n<p>Autre nouveaut\u00e9 chez Atma : une int\u00e9grale en trois volumes des Sonates et variations pour violoncelle et piano de Beethoven, par deux excellents musiciens et p\u00e9dagoques montr\u00e9alais: <strong>Yegor Dyachkov<\/strong> et <strong>Jean Saulnier.<\/strong> Comprenant des \u0153uvres des opus 5, 17, 66 et 102 du compositeur, l&rsquo;int\u00e9grale des sonates est\u00a0disponible sous la forme d&rsquo;un coffret de trois CD d\u00e8s aujourd&rsquo;hui. <a href=\"https:\/\/atmaclassique.com\/produit\/beethoven-integrale-des-sonates-et-variations-pour-violoncelle-et-piano\/?mc_cid=b09758b205&amp;mc_eid=204ee6b5ee\" target=\"_blank\" rel=\"noopener\">D\u00c9TAILS<\/a><\/p>\n<h2><em>Inscrivez-vous \u00e0 notre infolettre! La musique classique et l&rsquo;op\u00e9ra en 5 minutes, chaque jour<\/em> \u00a0<span style=\"color: #ff0000;\"><a style=\"color: #ff0000;\" href=\"https:\/\/ludwig-van.us9.list-manage.com\/subscribe?u=4f785cb3f9058f2393ccad035&amp;id=b9b160c032\" target=\"_blank\" rel=\"noopener noreferrer\">ICI\u00a0<\/a><\/span><\/h2>\n","protected":false},"excerpt":{"rendered":"<p>Une s\u00e9lection de nouveaut\u00e9s r\u00e9centes ou \u00e0 venir sur disque par des artistes qu\u00e9b\u00e9cois<\/p>\n","protected":false},"author":51,"featured_media":73579,"comment_status":"open","ping_status":"open","sticky":false,"template":"","format":"standard","meta":{"om_disable_all_campaigns":false,"jetpack_post_was_ever_published":false},"categories":[42010,10956,52,13965],"tags":[42007,401,42061],"yst_prominent_words":[15573,10426,9964,10538,16455,14290,10167,28231,24138,11149,12689],"acf":[],"jetpack_featured_media_url":"https:\/\/www.ludwig-van.com\/montreal\/wp-content\/uploads\/sites\/3\/2022\/10\/Disques-28-octobre.jpg","jetpack_sharing_enabled":true,"jetpack_shortlink":"https:\/\/wp.me\/p9bdYt-j8G","amp_enabled":true,"_links":{"self":[{"href":"https:\/\/www.ludwig-van.com\/montreal\/wp-json\/wp\/v2\/posts\/73574"}],"collection":[{"href":"https:\/\/www.ludwig-van.com\/montreal\/wp-json\/wp\/v2\/posts"}],"about":[{"href":"https:\/\/www.ludwig-van.com\/montreal\/wp-json\/wp\/v2\/types\/post"}],"author":[{"embeddable":true,"href":"https:\/\/www.ludwig-van.com\/montreal\/wp-json\/wp\/v2\/users\/51"}],"replies":[{"embeddable":true,"href":"https:\/\/www.ludwig-van.com\/montreal\/wp-json\/wp\/v2\/comments?post=73574"}],"version-history":[{"count":13,"href":"https:\/\/www.ludwig-van.com\/montreal\/wp-json\/wp\/v2\/posts\/73574\/revisions"}],"predecessor-version":[{"id":73590,"href":"https:\/\/www.ludwig-van.com\/montreal\/wp-json\/wp\/v2\/posts\/73574\/revisions\/73590"}],"wp:featuredmedia":[{"embeddable":true,"href":"https:\/\/www.ludwig-van.com\/montreal\/wp-json\/wp\/v2\/media\/73579"}],"wp:attachment":[{"href":"https:\/\/www.ludwig-van.com\/montreal\/wp-json\/wp\/v2\/media?parent=73574"}],"wp:term":[{"taxonomy":"category","embeddable":true,"href":"https:\/\/www.ludwig-van.com\/montreal\/wp-json\/wp\/v2\/categories?post=73574"},{"taxonomy":"post_tag","embeddable":true,"href":"https:\/\/www.ludwig-van.com\/montreal\/wp-json\/wp\/v2\/tags?post=73574"},{"taxonomy":"yst_prominent_words","embeddable":true,"href":"https:\/\/www.ludwig-van.com\/montreal\/wp-json\/wp\/v2\/yst_prominent_words?post=73574"}],"curies":[{"name":"wp","href":"https:\/\/api.w.org\/{rel}","templated":true}]}}